{"id":431408,"date":"2025-10-01T15:22:22","date_gmt":"2025-10-01T15:22:22","guid":{"rendered":"https:\/\/www.europesays.com\/fr\/431408\/"},"modified":"2025-10-01T15:22:22","modified_gmt":"2025-10-01T15:22:22","slug":"une-campagne-inedite-pour-inciter-les-jeunes-au-don-de-plasma","status":"publish","type":"post","link":"https:\/\/www.europesays.com\/fr\/431408\/","title":{"rendered":"une campagne in\u00e9dite pour inciter les jeunes au don de plasma !"},"content":{"rendered":"<p>Depuis le 24 septembre, tu as peut-\u00eatre crois\u00e9 de dr\u00f4les de visuels sur les panneaux de Bordeaux, dans le tram ou m\u00eame sur les r\u00e9seaux sociaux. Derri\u00e8re ces affiches humoristiques et d\u00e9culpabilisantes se cache une cause s\u00e9rieuse : encourager les 18-25 ans \u00e0 donner leur plasma \u00e0 la Maison du don de l\u2019EFS Nouvelle-Aquitaine.<\/p>\n<p style=\"font-size:16px\">Ce qui rend cette campagne unique, c\u2019est qu\u2019elle a \u00e9t\u00e9 pens\u00e9e <strong>par des jeunes, pour les jeunes<\/strong>. Tout est parti d\u2019un partenariat entre <strong><a href=\"https:\/\/25ans.efs.sante.fr\/\" target=\"_blank\" rel=\"noreferrer noopener nofollow\">l\u2019\u00c9tablissement fran\u00e7ais du sang<\/a><\/strong> (EFS) et l\u2019\u00e9cole de communication EFAP Bordeaux. Une centaine d\u2019\u00e9tudiants ont planch\u00e9 sur la question : comment lever les freins des jeunes face au don de plasma ? Finalement, c\u2019est l\u2019id\u00e9e de six \u00e9tudiantes qui a s\u00e9duit l\u2019EFS\u2026 au point de transformer ce projet d\u2019\u00e9tude en v\u00e9ritable campagne de communication.<\/p>\n<p><img fetchpriority=\"high\" decoding=\"async\" width=\"1024\" height=\"1024\" src=\"https:\/\/www.europesays.com\/fr\/wp-content\/uploads\/2025\/10\/image-14-1024x1024.png\" alt=\"\" class=\"wp-image-84491\" style=\"width:440px;height:auto\"  \/>La campagne humoristique, visible en ville et au Studyrama, invite les jeunes \u00e0 donner leur plasma. \u00a9EFS NOUVELLE AQUITAINE<\/p>\n<p style=\"font-size:16px\">Avec quatre visuels d\u00e9clin\u00e9s sur plusieurs supports, la campagne joue sur les paradoxes de ta g\u00e9n\u00e9ration, avec un ton direct, dr\u00f4le et sans jugement. Objectif : montrer que si certaines habitudes du quotidien nous semblent normales, alors <strong>donner son plasma peut l\u2019\u00eatre aussi<\/strong>. Tu pourras la retrouver dans les bars, les restaurants, sur l\u2019affichage urbain et au salon Studyrama, le 4 octobre.<\/p>\n<p><img loading=\"lazy\" decoding=\"async\" width=\"1024\" height=\"682\" src=\"https:\/\/www.europesays.com\/fr\/wp-content\/uploads\/2025\/10\/image-18-1024x682.png\" alt=\"\" class=\"wp-image-84500\" style=\"width:464px;height:auto\"  \/>L\u2019EFS relance la \u201cPLASMA TEAM\u201d : six semaines de dons en \u00e9quipe pour solidarit\u00e9 et d\u00e9fi. \u00a9EFS<\/p>\n<p style=\"font-size:16px\">Pourquoi un tel effort ? Parce qu\u2019aujourd\u2019hui, <strong>seulement 24 % des 18-29 ans donnent leur plasma<\/strong>, alors qu\u2019il est essentiel pour soigner de nombreuses maladies auto-immunes. Or, deux tiers des traitements en France sont encore fabriqu\u00e9s \u00e0 partir de plasma import\u00e9, principalement des \u00c9tats-Unis.<\/p>\n<p style=\"font-size:16px\">Pour renforcer la mobilisation, l\u2019EFS lance aussi la deuxi\u00e8me \u00e9dition de la <strong>\u201c<a href=\"https:\/\/dondesang.efs.sante.fr\/articles\/challenge-plasma-team-2-cet-automne-tous-mobilises-pour-sauver-des-vies\" target=\"_blank\" rel=\"noreferrer noopener nofollow\">PLASMA TEAM<\/a>\u201d<\/strong>. Le principe : former une \u00e9quipe et cumuler des points \u00e0 chaque don pendant six semaines. \u00c0 la cl\u00e9 : le titre symbolique de la \u201cPLASMA TEAM la plus solidaire\u201d.<\/p>\n<p style=\"font-size:16px\">Alors, pourquoi pas toi ? Pour plus d\u2019infos sur le don du plasma, \u00e7a se passe <strong><a href=\"https:\/\/dondesang.efs.sante.fr\/don-de-plasma\" target=\"_blank\" rel=\"noreferrer noopener nofollow\">ici<\/a><\/strong>. <\/p>\n<p style=\"font-size:16px\">\u00c0 lire aussi : <a href=\"https:\/\/www.bougerabordeaux.com\/actu\/news\/le-sport-feminin-bordelais-sunit-pour-briller\/\" target=\"_blank\" rel=\"noreferrer noopener nofollow\">Le sport f\u00e9minin bordelais s\u2019unit pour briller<\/a><\/p>\n","protected":false},"excerpt":{"rendered":"Depuis le 24 septembre, tu as peut-\u00eatre crois\u00e9 de dr\u00f4les de visuels sur les panneaux de Bordeaux, dans&hellip;\n","protected":false},"author":2,"featured_media":431409,"comment_status":"","ping_status":"","sticky":false,"template":"","format":"standard","meta":{"footnotes":""},"categories":[2817],"tags":[1111,11,1997,1777,674,1011,27,12,2219,25],"class_list":{"0":"post-431408","1":"post","2":"type-post","3":"status-publish","4":"format-standard","5":"has-post-thumbnail","7":"category-bordeaux","8":"tag-actu","9":"tag-actualites","10":"tag-bordeaux","11":"tag-eu","12":"tag-europe","13":"tag-fr","14":"tag-france","15":"tag-news","16":"tag-nouvelle-aquitaine","17":"tag-republique-francaise"},"share_on_mastodon":{"url":"https:\/\/pubeurope.com\/@fr\/115299598812808461","error":""},"_links":{"self":[{"href":"https:\/\/www.europesays.com\/fr\/wp-json\/wp\/v2\/posts\/431408","targetHints":{"allow":["GET"]}}],"collection":[{"href":"https:\/\/www.europesays.com\/fr\/wp-json\/wp\/v2\/posts"}],"about":[{"href":"https:\/\/www.europesays.com\/fr\/wp-json\/wp\/v2\/types\/post"}],"author":[{"embeddable":true,"href":"https:\/\/www.europesays.com\/fr\/wp-json\/wp\/v2\/users\/2"}],"replies":[{"embeddable":true,"href":"https:\/\/www.europesays.com\/fr\/wp-json\/wp\/v2\/comments?post=431408"}],"version-history":[{"count":0,"href":"https:\/\/www.europesays.com\/fr\/wp-json\/wp\/v2\/posts\/431408\/revisions"}],"wp:featuredmedia":[{"embeddable":true,"href":"https:\/\/www.europesays.com\/fr\/wp-json\/wp\/v2\/media\/431409"}],"wp:attachment":[{"href":"https:\/\/www.europesays.com\/fr\/wp-json\/wp\/v2\/media?parent=431408"}],"wp:term":[{"taxonomy":"category","embeddable":true,"href":"https:\/\/www.europesays.com\/fr\/wp-json\/wp\/v2\/categories?post=431408"},{"taxonomy":"post_tag","embeddable":true,"href":"https:\/\/www.europesays.com\/fr\/wp-json\/wp\/v2\/tags?post=431408"}],"curies":[{"name":"wp","href":"https:\/\/api.w.org\/{rel}","templated":true}]}}