{"id":431410,"date":"2025-10-01T15:23:14","date_gmt":"2025-10-01T15:23:14","guid":{"rendered":"https:\/\/www.europesays.com\/fr\/431410\/"},"modified":"2025-10-01T15:23:14","modified_gmt":"2025-10-01T15:23:14","slug":"les-rendez-vous-de-leconomie-sociale-et-solidaire-ess-a-bordeaux","status":"publish","type":"post","link":"https:\/\/www.europesays.com\/fr\/431410\/","title":{"rendered":"Les rendez-vous de l\u2019\u00e9conomie sociale et solidaire (ESS) \u00e0 Bordeaux"},"content":{"rendered":"<p>\tInventer demain, une rencontre entre grand public et acteurs de l\u2019ESS<\/p>\n<p>Organis\u00e9 chaque ann\u00e9e en novembre dans le cadre du Mois de l\u2019\u00e9conomie sociale et solidaire, le forum <strong>Inventer demain<\/strong> est un rendez-vous incontournable pour d\u00e9couvrir et valoriser l\u2019ESS. Il r\u00e9unit les Bordelais et les professionnels du secteur afin de mettre en avant son potentiel et de renforcer son impact sur l\u2019\u00e9conomie locale. Le programme propose des temps d\u2019\u00e9changes, des ateliers, des animations ludiques et un village rassemblant les acteurs de l\u2019ESS.<\/p>\n<p>Le programme est d\u00e9voil\u00e9 chaque ann\u00e9e courant octobre<\/p>\n<p>\tInventer demain, les rencontres de\u00a0l&rsquo;\u00e9co<\/p>\n<p>La Ville de Bordeaux organise en partenariat avec les m\u00e9dias <a href=\"https:\/\/www.alternatives-economiques.fr\/\" target=\"_blank\" title=\"Alternatives \u00e9conomiques (Ouvrir dans une nouvelle fen\u00eatre)\" rel=\"nofollow noopener\">Alternatives \u00e9conomiques (Ouvrir dans une nouvelle fen\u00eatre)<\/a>, journalisme ind\u00e9pendant, et <a href=\"https:\/\/www.carenews.com\/\" target=\"_blank\" title=\"Carenews (Ouvrir dans une nouvelle fen\u00eatre)\" rel=\"nofollow noopener\">Carenews (Ouvrir dans une nouvelle fen\u00eatre)<\/a>, m\u00e9dia des acteurs de l&rsquo;engagement (ESS, m\u00e9c\u00e9nat, philanthropie et RSE), un cycle de conf\u00e9rences ouvert \u00e0 tout public. Ces rencontres gratuites invitent \u00e0 d\u00e9couvrir et imaginer les solutions de demain pour l&rsquo;\u00e9conomie, l&#8217;emploi, la solidarit\u00e9 et l&rsquo;\u00e9cologie.<\/p>\n<p>Chaque rencontre est annonc\u00e9e via <a href=\"https:\/\/www.bordeaux.fr\/node\/1266\" rel=\"nofollow noopener\" target=\"_blank\">l\u2019agenda de bordeaux.fr<\/a><br \/>En attendant les prochaines dates, vous pouvez r\u00e9\u00e9couter les rencontres suivantes :<\/p>\n<p>Le Forum mondial de l&rsquo;ESS \u00e0 Bordeaux en\u00a02025<\/p>\n<p>\u00c0 l&rsquo;automne 2025, le Forum mondial de l&rsquo;\u00e9conomie sociale et solidaire est organis\u00e9 pour la premi\u00e8re fois en France. Bordeaux a \u00e9t\u00e9 d\u00e9sign\u00e9e ville h\u00f4te de cette 7e\u00a0\u00e9dition par le GSEF.\u00a0La Ville de Bordeaux prend ainsi la suite de S\u00e9oul (2014), Montr\u00e9al (2016), Bilbao (2018), Mexico (2020) et Dakar (2023).<\/p>\n<p>L&rsquo;accueil de cette nouvelle \u00e9dition \u00e0 Bordeaux repr\u00e9sente une opportunit\u00e9 in\u00e9dite d&rsquo;intensifier le r\u00f4le des collectivit\u00e9s territoriales et des acteurs locaux dans le d\u00e9veloppement de l&rsquo;ESS \u00e0 l&rsquo;\u00e9chelle nationale et internationale. Et ce, dans le prolongement de l&rsquo;adoption par les Nations unies d&rsquo;une premi\u00e8re r\u00e9solution historique reconnaissant le r\u00f4le de l&rsquo;ESS dans la r\u00e9alisation des objectifs de d\u00e9veloppement durable.<\/p>\n","protected":false},"excerpt":{"rendered":"Inventer demain, une rencontre entre grand public et acteurs de l\u2019ESS Organis\u00e9 chaque ann\u00e9e en novembre dans le&hellip;\n","protected":false},"author":2,"featured_media":431411,"comment_status":"","ping_status":"","sticky":false,"template":"","format":"standard","meta":{"footnotes":""},"categories":[2817],"tags":[1111,11,1997,1777,674,1011,27,12,2219,25],"class_list":{"0":"post-431410","1":"post","2":"type-post","3":"status-publish","4":"format-standard","5":"has-post-thumbnail","7":"category-bordeaux","8":"tag-actu","9":"tag-actualites","10":"tag-bordeaux","11":"tag-eu","12":"tag-europe","13":"tag-fr","14":"tag-france","15":"tag-news","16":"tag-nouvelle-aquitaine","17":"tag-republique-francaise"},"share_on_mastodon":{"url":"https:\/\/pubeurope.com\/@fr\/115299601909745878","error":""},"_links":{"self":[{"href":"https:\/\/www.europesays.com\/fr\/wp-json\/wp\/v2\/posts\/431410","targetHints":{"allow":["GET"]}}],"collection":[{"href":"https:\/\/www.europesays.com\/fr\/wp-json\/wp\/v2\/posts"}],"about":[{"href":"https:\/\/www.europesays.com\/fr\/wp-json\/wp\/v2\/types\/post"}],"author":[{"embeddable":true,"href":"https:\/\/www.europesays.com\/fr\/wp-json\/wp\/v2\/users\/2"}],"replies":[{"embeddable":true,"href":"https:\/\/www.europesays.com\/fr\/wp-json\/wp\/v2\/comments?post=431410"}],"version-history":[{"count":0,"href":"https:\/\/www.europesays.com\/fr\/wp-json\/wp\/v2\/posts\/431410\/revisions"}],"wp:featuredmedia":[{"embeddable":true,"href":"https:\/\/www.europesays.com\/fr\/wp-json\/wp\/v2\/media\/431411"}],"wp:attachment":[{"href":"https:\/\/www.europesays.com\/fr\/wp-json\/wp\/v2\/media?parent=431410"}],"wp:term":[{"taxonomy":"category","embeddable":true,"href":"https:\/\/www.europesays.com\/fr\/wp-json\/wp\/v2\/categories?post=431410"},{"taxonomy":"post_tag","embeddable":true,"href":"https:\/\/www.europesays.com\/fr\/wp-json\/wp\/v2\/tags?post=431410"}],"curies":[{"name":"wp","href":"https:\/\/api.w.org\/{rel}","templated":true}]}}