{"id":431422,"date":"2025-10-01T15:31:12","date_gmt":"2025-10-01T15:31:12","guid":{"rendered":"https:\/\/www.europesays.com\/fr\/431422\/"},"modified":"2025-10-01T15:31:12","modified_gmt":"2025-10-01T15:31:12","slug":"lyon-camille-transforme-la-plus-petite-maison-de-la-ville-en-logement-de-17-m%c2%b2-a-louer","status":"publish","type":"post","link":"https:\/\/www.europesays.com\/fr\/431422\/","title":{"rendered":"Lyon. Camille transforme la plus petite maison de la ville en logement de 17 m\u00b2 \u00e0 louer"},"content":{"rendered":"<p>            Par<br \/>\n        <strong><br \/>\n            <a href=\"https:\/\/actu.fr\/auteur\/julien-damboise\" title=\"Consulter tous les articles de Julien Damboise\" target=\"_blank\" rel=\"noopener\">Julien Damboise<\/a><br \/>\n        <\/strong><\/p>\n<p>        Publi\u00e9 le<\/p>\n<p>            1 oct. 2025 \u00e0 16h49        <\/p>\n<p>Apr\u00e8s avoir<a href=\"https:\/\/actu.fr\/auvergne-rhone-alpes\/lyon_69123\/lyon-le-defi-fou-de-camille-renover-la-plus-petite-maison-de-la-ville-de-seulement-17-m_62735787.html\" target=\"_blank\" rel=\"noopener\"> investi et r\u00e9nov\u00e9 un mini-logement<\/a> <strong>unique en plein centre-ville<\/strong> de <a href=\"https:\/\/actu.fr\/lyon\/\" target=\"_blank\" rel=\"noopener\">Lyon<\/a>, \u00e0 quelques pas des quais du Rh\u00f4ne et de la Presqu\u2019\u00eele, Camille a inaugur\u00e9 ce logement flambant neuf. Une <strong>maison de seulement 17 m\u00b2<\/strong> sur le cours Lafayette. Voici \u00e0 quoi elle ressemble.<\/p>\n<p>    <a href=\"https:\/\/www.google.com\/maps\/embed?pb=!1m18!1m12!1m3!1d2942.8508465582763!2d4.839845212028478!3d45.76345187095986!2m3!1f0!2f0!3f0!3m2!1i1024!2i768!4f13.1!3m3!1m2!1s0x47f4ea5878e86507%3A0xc2c1f42d1e43f06e!2s6%20Cr%20Lafayette%2C%2069003%20Lyon!5e1!3m2!1sfr!2sfr!4v1759324371650!5m2!1sfr!2sfr\" title=\"Ouvrie le lien\" target=\"_blank\" rel=\"noopener\">Cliquez ici pour visualiser le contenu<\/a><\/p>\n<p>Du sol au plafond<\/p>\n<p class=\" wall-content\">La maison qui avait besoin d\u2019un gros coup de neuf a \u00e9t\u00e9 transform\u00e9e. Une cuisine tout \u00e9quip\u00e9e, une douche plus accueillante avec un nouveau ballon d\u2019eau chaude ou encore un sol flambant neuf\u2009: Camille a investi <strong>94\u2009000\u00a0euros au total<\/strong>. Le p\u00e8re de famille, \u00e2g\u00e9 de 43\u00a0ans, y a pass\u00e9 son \u00e9t\u00e9 entre les tutos trouv\u00e9s sur internet.<\/p>\n<p>    <img   decoding=\"async\" loading=\"lazy\" src=\"https:\/\/www.europesays.com\/fr\/wp-content\/uploads\/2025\/10\/plus-petite-maison-de-lyon-verriere-960x640.jpeg\" alt=\"La verri\u00e8re de la plus petite maison de Lyon offre de la lumi\u00e8re naturelle.\" width=\"960\" height=\"640\"\/><br \/>\n    La verri\u00e8re de la plus petite maison de Lyon offre de la lumi\u00e8re naturelle. (\u00a9Julien Damboise \/ actu Lyon)<\/p>\n<blockquote class=\"ac-article-quote wall-content\">\n<p>Tout s&rsquo;est pass\u00e9 de fa\u00e7on assez fluide, m\u00eame s&rsquo;il y a eu des gros soucis comme l&rsquo;un des murs qui s&rsquo;est \u00e9croul\u00e9. L&rsquo;avantage, c&rsquo;est que j&rsquo;avais mon pote Sofiane, en cas de vrai coup dur il venait m&rsquo;aider et compenser mes manques. J&rsquo;ai appris la patience avant tout, \u00e0 me tromper, faire et refaire. Si je le faisais une deuxi\u00e8me fois, ce serait mieux.<\/p>\n<p>    <strong>Camille<\/strong><br \/>\n        Propri\u00e9taire de la plus petite maison de Lyon    <\/p><\/blockquote>\n<p class=\" wall-content\">Pour gagner de l\u2019espace, le <strong>lit est d\u00e9pliable<\/strong> et de nombreux rangements sont d\u00e9sormais \u00e0 disposition dans le logement. On trouve m\u00eame un petit bureau, avec toujours une lumi\u00e8re naturelle fournie par\u00a0le\u00a0lanternon\u00a0d\u2019\u00e9poque.<\/p>\n<p class=\" wall-content\">\u00c0 l\u2019ext\u00e9rieur, une cour offre un espace au calme \u00e0 quelques m\u00e8tres des quais du\u00a0Rh\u00f4ne et de la <a href=\"https:\/\/actu.fr\/tag\/presqu-ile\" target=\"_blank\" rel=\"noopener\">Presqu\u2019\u00eele<\/a>.<\/p>\n<p>    <img   decoding=\"async\" loading=\"lazy\" src=\"https:\/\/www.europesays.com\/fr\/wp-content\/uploads\/2025\/10\/plus-petite-maison-cuisine-lyon-960x640.jpeg\" alt=\"Camille dans la salle de bain qu'il a r\u00e9nov\u00e9.\" width=\"960\" height=\"640\"\/><br \/>\n    Camille dans la salle de bain qu\u2019il a r\u00e9nov\u00e9. (\u00a9Julien Damboise \/ actu Lyon)<\/p>\n<p>Votre r\u00e9gion, votre actu !<\/p>\n<p>Recevez chaque jour les infos qui comptent pour vous.<\/p>\n<p>\t<a href=\"https:\/\/actu.fr\/newsletter\" class=\"ac-btn ac-btn--corner ac-btn--medium ac-btn--blue800\" target=\"_blank\" rel=\"noopener\">S&rsquo;incrire<\/a><br \/>\nBient\u00f4t sur Airbnb<\/p>\n<p class=\" wall-content\">La plus petite maison de Lyon sera tr\u00e8s prochainement \u00e0 retrouver <strong>\u00e0 la location<\/strong> sur <a href=\"https:\/\/actu.fr\/tag\/airbnb\" target=\"_blank\" rel=\"noopener\">Airbnb<\/a> pour des s\u00e9jours ponctuels.<\/p>\n<p class=\" wall-content\">Puis, d\u00e8s le d\u00e9but 2026, Camille a pr\u00e9vu de proposer le bien en location longue, notamment \u00e0 destination d\u2019un \u00e9tudiant avec un <strong>loyer \u00e0 environ 600\u00a0euros<\/strong>.<\/p>\n<p class=\" wall-content\">Apr\u00e8s avoir quitt\u00e9 son emploi dans le monde du jeux-vid\u00e9o il y a quelques mois, le quadrag\u00e9naire assure avoir dor\u00e9navant trouv\u00e9 sa nouvelle voie avec la cr\u00e9ation d\u2019une soci\u00e9t\u00e9 avec son ami Sofiane. Valdr\u00e9a proposera aux Lyonnais une \u00ab\u2009solution cl\u00e9 en main\u2009\u00bb d\u2019investissement locatif.<\/p>\n<p class=\" wall-content\">\u00ab\u2009Il y a cinq mois, je venais de me faire licencier, j\u2019\u00e9tais au bord de passer mes journ\u00e9es \u00e0 regarder des s\u00e9ries devant la t\u00e9l\u00e9vision. \u00c7a a \u00e9t\u00e9 ma th\u00e9rapie cette maison, \u00e7a m\u2019a remis sur pied et \u00e7a m\u2019a appris un nouveau m\u00e9tier\u2009\u00bb, explique le propri\u00e9taire qui compte faire suivre la poursuite de son aventure sur les <a href=\"https:\/\/actu.fr\/tag\/reseaux-sociaux\" target=\"_blank\" rel=\"noopener\">r\u00e9seaux sociaux<\/a>.<\/p>\n<p class=\" wall-content\">Personnalisez votre actualit\u00e9 en ajoutant vos villes et m\u00e9dias en favori avec <a href=\"https:\/\/moncompte.actu.fr\" title=\"D\u00e9couvez Mon Actu\" rel=\"nofollow noopener\" data-trk=\"{&quot;cta&quot;:{&quot;action&quot;:&quot;https:\\\/\\\/moncompte.actu.fr&quot;,&quot;category&quot;:&quot;mon compte&quot;,&quot;from&quot;:&quot;article footer&quot;,&quot;name&quot;:&quot;Mon actu&quot;,&quot;type&quot;:&quot;cta&quot;}}\" target=\"_blank\">Mon Actu<\/a>.<\/p>\n","protected":false},"excerpt":{"rendered":"Par Julien Damboise Publi\u00e9 le 1 oct. 2025 \u00e0 16h49 Apr\u00e8s avoir investi et r\u00e9nov\u00e9 un mini-logement unique&hellip;\n","protected":false},"author":2,"featured_media":431423,"comment_status":"","ping_status":"","sticky":false,"template":"","format":"standard","meta":{"footnotes":""},"categories":[1889],"tags":[1111,11,2430,1777,674,1011,27,1116,1908,2428,12,25,104,2086],"class_list":{"0":"post-431422","1":"post","2":"type-post","3":"status-publish","4":"format-standard","5":"has-post-thumbnail","7":"category-lyon","8":"tag-actu","9":"tag-actualites","10":"tag-auvergne-rhone-alpes","11":"tag-eu","12":"tag-europe","13":"tag-fr","14":"tag-france","15":"tag-immobilier","16":"tag-logement","17":"tag-lyon","18":"tag-news","19":"tag-republique-francaise","20":"tag-societe","21":"tag-travaux"},"share_on_mastodon":{"url":"https:\/\/pubeurope.com\/@fr\/115299633617309939","error":""},"_links":{"self":[{"href":"https:\/\/www.europesays.com\/fr\/wp-json\/wp\/v2\/posts\/431422","targetHints":{"allow":["GET"]}}],"collection":[{"href":"https:\/\/www.europesays.com\/fr\/wp-json\/wp\/v2\/posts"}],"about":[{"href":"https:\/\/www.europesays.com\/fr\/wp-json\/wp\/v2\/types\/post"}],"author":[{"embeddable":true,"href":"https:\/\/www.europesays.com\/fr\/wp-json\/wp\/v2\/users\/2"}],"replies":[{"embeddable":true,"href":"https:\/\/www.europesays.com\/fr\/wp-json\/wp\/v2\/comments?post=431422"}],"version-history":[{"count":0,"href":"https:\/\/www.europesays.com\/fr\/wp-json\/wp\/v2\/posts\/431422\/revisions"}],"wp:featuredmedia":[{"embeddable":true,"href":"https:\/\/www.europesays.com\/fr\/wp-json\/wp\/v2\/media\/431423"}],"wp:attachment":[{"href":"https:\/\/www.europesays.com\/fr\/wp-json\/wp\/v2\/media?parent=431422"}],"wp:term":[{"taxonomy":"category","embeddable":true,"href":"https:\/\/www.europesays.com\/fr\/wp-json\/wp\/v2\/categories?post=431422"},{"taxonomy":"post_tag","embeddable":true,"href":"https:\/\/www.europesays.com\/fr\/wp-json\/wp\/v2\/tags?post=431422"}],"curies":[{"name":"wp","href":"https:\/\/api.w.org\/{rel}","templated":true}]}}