{"id":431424,"date":"2025-10-01T15:32:21","date_gmt":"2025-10-01T15:32:21","guid":{"rendered":"https:\/\/www.europesays.com\/fr\/431424\/"},"modified":"2025-10-01T15:32:21","modified_gmt":"2025-10-01T15:32:21","slug":"lyon-cet-animal-sauvage-du-parc-de-la-tete-dor-a-disparu-ce-que-lon-sait","status":"publish","type":"post","link":"https:\/\/www.europesays.com\/fr\/431424\/","title":{"rendered":"Lyon. Cet animal sauvage du parc de la T\u00eate d&rsquo;Or a disparu : ce que l&rsquo;on sait"},"content":{"rendered":"<p>            Par<br \/>\n        <strong><br \/>\n            <a href=\"https:\/\/actu.fr\/auteur\/theo-zuili\" title=\"Consulter tous les articles de Th\u00e9o Zuili\" target=\"_blank\" rel=\"noopener\">Th\u00e9o Zuili<\/a><br \/>\n        <\/strong><\/p>\n<p>        Publi\u00e9 le<\/p>\n<p>            1 oct. 2025 \u00e0 17h19        <\/p>\n<p>Un <strong>chamois sauvage<\/strong> s\u2019est introduit cet \u00e9t\u00e9 dans le <a href=\"https:\/\/actu.fr\/tag\/parc-de-la-tete-d-or\" target=\"_blank\" rel=\"noopener\">parc de la T\u00eate d\u2019Or<\/a> \u00e0 Lyon. Pendant environ deux semaines, les Lyonnais pouvaient tomber par hasard sur le mammif\u00e8re au d\u00e9tour d\u2019un chemin, entre les pensionnaires du zoo et les animaux de compagnie tenus en laisse.<br \/>\u00ab\u00a0Une incroyable rencontre\u00a0\u00bb : de quoi <a href=\"https:\/\/actu.fr\/auvergne-rhone-alpes\/lyon_69123\/lyon-un-animal-sauvage-s-introduit-au-parc-de-la-tete-d-or-une-incroyable-rencontre_62986681.html\" target=\"_blank\" rel=\"noopener\">provoquer l\u2019\u00e9merveillement des chanceux<\/a>, dont certains ont profit\u00e9 du moment suspendu pour photographier ces clich\u00e9s exceptionnellement rares \u00e0 Lyon. Le chamois aurait ensuite quitt\u00e9 <a href=\"https:\/\/actu.fr\/auvergne-rhone-alpes\/lyon_69123\" target=\"_blank\" rel=\"noopener\">Lyon<\/a>.<br \/>Voici ce que l\u2019on sait.<\/p>\n<p>Le chamois s\u2019\u00e9chappe en pleine ville<\/p>\n<p class=\" wall-content\">Observ\u00e9 en bonne sant\u00e9 au d\u00e9but du mois de juillet dans le parc de la Feyssine, l\u2019animal en libert\u00e9 s\u2019est install\u00e9 dans le parc de la T\u00eate d\u2019Or d\u00e9but ao\u00fbt. La mairie d\u00e9fendait une doctrine de <strong>non-intervention<\/strong>, le chamois ne risquant rien dans le parc, o\u00f9 il ne pr\u00e9sentait aucun danger.<\/p>\n<p>    <img   decoding=\"async\" loading=\"lazy\" src=\"https:\/\/www.europesays.com\/fr\/wp-content\/uploads\/2025\/08\/chamois-lyon-parc-de-la-tete-d-or-insolite-960x640.png\" alt=\"Le chamois du parc de la T\u00eate d'Or vient peut-\u00eatre du Bugey, des Alpes, du Jura ou du Massif central.\" width=\"960\" height=\"640\"\/><br \/>\n    Le chamois du parc de la T\u00eate d\u2019Or est peut-\u00eatre venu du Bugey, des Alpes, du Jura ou du Massif central. (\u00a9Pat Martin \u2013 @reportagespixel sur Instagram \/ Document remis \u00e0 actu Lyon)<\/p>\n<p class=\" wall-content\">Mais il n\u2019est pas rest\u00e9 longtemps dans cet espace v\u00e9g\u00e9talis\u00e9 de 105 hectares : le 11 ao\u00fbt, <a href=\"https:\/\/actu.fr\/auvergne-rhone-alpes\/lyon_69123\/lyon-un-animal-sauvage-qui-a-elu-domicile-au-parc-de-la-tete-d-or-observe-dans-les-rues_63025603.html\" target=\"_blank\" rel=\"noopener\">des passants l\u2019apercevaient en pleine rue<\/a>, <strong>devant la porte des Enfants du Rh\u00f4ne<\/strong> au niveau du pont Wilson.<\/p>\n<p class=\" wall-content\">Face aux risques d\u2019accidents et au danger pour la s\u00e9curit\u00e9 publique, les pompiers \u00e9taient alors intervenus sur place, accompagn\u00e9s d\u2019agents de l\u2019Office fran\u00e7ais de la biodiversit\u00e9 (OFB) et de la police.<\/p>\n<p class=\" wall-content\">Selon nos informations, l\u2019op\u00e9ration des sp\u00e9cialistes, <strong>\u00e9quip\u00e9s de fusils \u00e0 fl\u00e9chette tranquillisante<\/strong>, s\u2019est sold\u00e9e d\u2019un \u00e9chec. Le chamois retors a pu s\u2019\u00e9chapper et passer une nouvelle nuit en libert\u00e9 dans la capitale des Gaules.<\/p>\n<p>Votre r\u00e9gion, votre actu !<\/p>\n<p>Recevez chaque jour les infos qui comptent pour vous.<\/p>\n<p>\t<a href=\"https:\/\/actu.fr\/newsletter\" class=\"ac-btn ac-btn--corner ac-btn--medium ac-btn--blue800\" target=\"_blank\" rel=\"noopener\">S&rsquo;incrire<\/a><br \/>\nIl dispara\u00eet dans la nature<\/p>\n<p class=\" wall-content\">Le lendemain, les services municipaux ont de nouveau observ\u00e9 l\u2019animal sauvage<strong> rue Garibaldi<\/strong>, o\u00f9 il a \u00e9t\u00e9 perdu de vue. Depuis, ni la Ville ni l\u2019OFB n\u2019ont effectu\u00e9 de nouvelles observations. \u00ab\u00a0Il a d\u00fb regagner d\u2019autres secteurs, hors ville de Lyon\u00a0\u00bb, selon Romain Chazal, chef du service d\u00e9partemental du Rh\u00f4ne de l\u2019OFB.<\/p>\n<p class=\" wall-content\">\u00ab\u00a0Les Lyonnais ont eu <strong>la chance<\/strong> de pouvoir l\u2019observer pendant un moment sans avoir \u00e0 se d\u00e9placer dans le Jura, l\u2019Is\u00e8re, ou l\u2019Ain, o\u00f9 c\u2019est une esp\u00e8ce qu\u2019on observe r\u00e9guli\u00e8rement\u00a0\u00bb, ajoute-t-il.<\/p>\n<p class=\" wall-content\">Reparti par ses propres moyens en \u00e9vitant l\u2019anesth\u00e9sie, le chamois ne nous a malheureusement pas envoy\u00e9 de carte postale. Impossible, donc, <strong>de dire o\u00f9 il se trouve<\/strong>. Mais qu\u2019\u00e9tait-il venu faire \u00e0 Lyon, pr\u00e9cis\u00e9ment ?<\/p>\n<p>Que fait un chamois \u00e0 Lyon ?<\/p>\n<p class=\" wall-content\">Sa pr\u00e9sence est-elle le r\u00e9sultat d\u2019une pression accrue de l\u2019homme sur son habitat, ou au contraire l\u2019effet d\u2019une dynamique \u00e9cologique positive\u2009?<\/p>\n<p class=\" wall-content\">Aucun des deux, selon Romain Chazal : \u00ab\u00a0Nous sommes habitu\u00e9s \u00e0 voir des esp\u00e8ces en errance, qui apparaissent \u00e0 des endroits o\u00f9 elles ne devraient pas. Notamment des oiseaux, comme le pouillot \u00e0 grands sourcils. Quand c\u2019est un mammif\u00e8re, <strong>c\u2019est plus impressionnant<\/strong>, c\u2019est s\u00fbr.\u00a0\u00bb<\/p>\n<p class=\" wall-content\">Il rappelle qu\u2019un chamois avait visit\u00e9 Villeurbanne de la m\u00eame mani\u00e8re, en 2008.<\/p>\n<p class=\" wall-content\">Gautier Chapuis, adjoint au maire Gr\u00e9gory Doucet en charge de la biodiversit\u00e9, pr\u00e9f\u00e9rait y voir une bonne nouvelle. \u00ab\u00a0C\u2019est <strong>assez in\u00e9dit \u00e0 Lyon<\/strong>. \u00c7a veut dire que le travail men\u00e9 sur les continuit\u00e9s \u00e9cologiques commence \u00e0 porter ses fruits. On retrouve une vraie biodiversit\u00e9 en ville gr\u00e2ce \u00e0 ce travail, on l\u2019observe depuis un moment avec le retour d\u2019oiseaux, petits mammif\u00e8res et insectes, mais la venue d\u2019un grand mammif\u00e8re le prouve au grand public.\u00a0\u00bb<\/p>\n<p class=\" wall-content\">Si on ignore l\u2019\u00e9tat de sant\u00e9 de l\u2019animal, il est certain que la brave b\u00eate doit \u00eatre plus heureuse o\u00f9 elle se trouve que dans les rues de Lyon.<\/p>\n<p class=\" wall-content\">Personnalisez votre actualit\u00e9 en ajoutant vos villes et m\u00e9dias en favori avec <a href=\"https:\/\/moncompte.actu.fr\" title=\"D\u00e9couvez Mon Actu\" rel=\"nofollow noopener\" data-trk=\"{&quot;cta&quot;:{&quot;action&quot;:&quot;https:\\\/\\\/moncompte.actu.fr&quot;,&quot;category&quot;:&quot;mon compte&quot;,&quot;from&quot;:&quot;article footer&quot;,&quot;name&quot;:&quot;Mon actu&quot;,&quot;type&quot;:&quot;cta&quot;}}\" target=\"_blank\">Mon Actu<\/a>.<\/p>\n","protected":false},"excerpt":{"rendered":"Par Th\u00e9o Zuili Publi\u00e9 le 1 oct. 2025 \u00e0 17h19 Un chamois sauvage s\u2019est introduit cet \u00e9t\u00e9 dans&hellip;\n","protected":false},"author":2,"featured_media":292870,"comment_status":"","ping_status":"","sticky":false,"template":"","format":"standard","meta":{"footnotes":""},"categories":[1889],"tags":[1111,11,2430,1777,674,1011,27,1757,2428,12,13760,25,104],"class_list":{"0":"post-431424","1":"post","2":"type-post","3":"status-publish","4":"format-standard","5":"has-post-thumbnail","7":"category-lyon","8":"tag-actu","9":"tag-actualites","10":"tag-auvergne-rhone-alpes","11":"tag-eu","12":"tag-europe","13":"tag-fr","14":"tag-france","15":"tag-insolite","16":"tag-lyon","17":"tag-news","18":"tag-parc-de-la-tete-dor","19":"tag-republique-francaise","20":"tag-societe"},"share_on_mastodon":{"url":"https:\/\/pubeurope.com\/@fr\/115299637292352650","error":""},"_links":{"self":[{"href":"https:\/\/www.europesays.com\/fr\/wp-json\/wp\/v2\/posts\/431424","targetHints":{"allow":["GET"]}}],"collection":[{"href":"https:\/\/www.europesays.com\/fr\/wp-json\/wp\/v2\/posts"}],"about":[{"href":"https:\/\/www.europesays.com\/fr\/wp-json\/wp\/v2\/types\/post"}],"author":[{"embeddable":true,"href":"https:\/\/www.europesays.com\/fr\/wp-json\/wp\/v2\/users\/2"}],"replies":[{"embeddable":true,"href":"https:\/\/www.europesays.com\/fr\/wp-json\/wp\/v2\/comments?post=431424"}],"version-history":[{"count":0,"href":"https:\/\/www.europesays.com\/fr\/wp-json\/wp\/v2\/posts\/431424\/revisions"}],"wp:featuredmedia":[{"embeddable":true,"href":"https:\/\/www.europesays.com\/fr\/wp-json\/wp\/v2\/media\/292870"}],"wp:attachment":[{"href":"https:\/\/www.europesays.com\/fr\/wp-json\/wp\/v2\/media?parent=431424"}],"wp:term":[{"taxonomy":"category","embeddable":true,"href":"https:\/\/www.europesays.com\/fr\/wp-json\/wp\/v2\/categories?post=431424"},{"taxonomy":"post_tag","embeddable":true,"href":"https:\/\/www.europesays.com\/fr\/wp-json\/wp\/v2\/tags?post=431424"}],"curies":[{"name":"wp","href":"https:\/\/api.w.org\/{rel}","templated":true}]}}