{"id":431427,"date":"2025-10-01T15:35:16","date_gmt":"2025-10-01T15:35:16","guid":{"rendered":"https:\/\/www.europesays.com\/fr\/431427\/"},"modified":"2025-10-01T15:35:16","modified_gmt":"2025-10-01T15:35:16","slug":"victoire-judiciaire-pour-aya-nakamura","status":"publish","type":"post","link":"https:\/\/www.europesays.com\/fr\/431427\/","title":{"rendered":"Victoire judiciaire pour Aya Nakamura"},"content":{"rendered":"<p class=\"PopSlotParagraph qg-tx2 qg-xtra-lh svelte-1r0pyek\">En 2024, un groupuscule d&rsquo;extr\u00eame-droite, \u00ab\u00a0Les Natifs\u00a0\u00bb, avait d\u00e9ploy\u00e9 une banderole hostile \u00e0 la participation d&rsquo;<strong>Aya Nakamura<\/strong> \u00e0 la c\u00e9r\u00e9monie d\u2019ouverture des <strong>Jeux Olympiques de Paris<\/strong>. Ils avaient \u00e9crit \u00ab\u00a0Y&rsquo;a pas moyen Aya, ici c\u2019est Paris, pas le march\u00e9 de Bamako\u00a0\u00bb.<\/p>\n<p class=\"qg-sr-only\" role=\"heading\" aria-level=\"3\">Pour voir ce contenu, acceptez les cookies.<\/p>\n<p class=\"ConsentNotice-description qg-tx3 svelte-m9wmt1\">Pour afficher ce contenu Youtube, vous devez accepter les cookies <b>Publicit\u00e9<\/b>.<br \/>Ces cookies permettent \u00e0 nos partenaires de vous proposer des publicit\u00e9s et des contenus personnalis\u00e9s en fonction de votre navigation, de votre profil et de vos centres d&rsquo;int\u00e9r\u00eat. <\/p>\n<p>  G\u00e9rer mes choix     J&rsquo;autorise  <\/p>\n<p class=\"PopSlotParagraph qg-tx2 qg-xtra-lh svelte-1r0pyek\">Les partisans de Natifs vont passer \u00e0 la caisse\u00a0! 10 d&rsquo;entre eux ont \u00e9t\u00e9 condamn\u00e9s par le tribunal correctionnel de Paris \u00e0 des amendes allant jusqu&rsquo;\u00e0 3000 euros pour <strong>injure publique en raison de l\u2019origine, l\u2019ethnie, la nation, la race ou la religion<\/strong>. En katchana baby, elle a dead \u00e7a.<\/p>\n<p> Dans le reste de l&rsquo;actu musicale\u00a0:<\/p>\n<ul>\n<li><strong>Natasha St-Pier<\/strong> fait de plus en plus de t\u00e9l\u00e9 depuis quelques ann\u00e9es\u00a0: \u00ab\u00a0Danse avec les Stars\u00a0\u00bb, \u00ab\u00a0Mask Singer\u00a0\u00bb, les s\u00e9ries \u00ab\u00a0Camping Paradis\u00a0\u00bb et \u00ab\u00a0Leo Matt\u00e9\u00ef\u00a0\u00bb et apparemment, ce n&rsquo;est pas fini. Elle aurait en ligne de mire \u00ab\u00a0The Voice Kids\u00a0\u00bb et l&rsquo;a fait savoir \u00e0 qui de droit\u00a0! Suite au prochain \u00e9pisode&#8230;<\/li>\n<\/ul>\n<ul>\n<li>Connu pour prendre son temps entre deux disques, on attendait des nouvelles d&rsquo;un futur album de <strong>Laurent Voulzy<\/strong>\u00a0: c&rsquo;est rat\u00e9\u00a0! Mais pour la bonne cause\u00a0:\u00a0le complice \u00e9ternel d&rsquo;Alain Souchon est <a href=\"https:\/\/www.fnacspectacles.com\/artist\/laurent-voulzy\/\" target=\"_blank\" rel=\"noopener noreferrer nofollow\" class=\"\" data-testid=\"link\">en tourn\u00e9e, un peu partout en France<\/a> \u00e0 partir du 15 novembre et jusqu&rsquo;en juin 2026. De nouvelles dates sont ajout\u00e9es r\u00e9guli\u00e8rement, ne le ratez pas\u00a0!<\/li>\n<\/ul>\n<p>L&rsquo;anniversaire du jour<\/p>\n<p class=\"PopSlotParagraph qg-tx2 qg-xtra-lh svelte-1r0pyek\">Le 1er octobre 2018, il y a 7 ans jour pour jour, <strong>Charles Aznavour<\/strong> nous quittait apr\u00e8s 94 ann\u00e9es d&rsquo;une vie assez dingue. Une vie magnifiquement racont\u00e9e dans \u00ab\u00a0Monsieur Aznavour\u00a0\u00bb, aujourd&rsquo;hui disponible \u00e0 l&rsquo;achat ou en VOD\u00a0!<\/p>\n","protected":false},"excerpt":{"rendered":"En 2024, un groupuscule d&rsquo;extr\u00eame-droite, \u00ab\u00a0Les Natifs\u00a0\u00bb, avait d\u00e9ploy\u00e9 une banderole hostile \u00e0 la participation d&rsquo;Aya Nakamura \u00e0&hellip;\n","protected":false},"author":2,"featured_media":431428,"comment_status":"","ping_status":"","sticky":false,"template":"","format":"standard","meta":{"footnotes":""},"categories":[1888],"tags":[1111,1928,11,1927,1777,674,1011,27,12,1926,626,1925,25],"class_list":{"0":"post-431427","1":"post","2":"type-post","3":"status-publish","4":"format-standard","5":"has-post-thumbnail","7":"category-paris","8":"tag-actu","9":"tag-actu-paris","10":"tag-actualites","11":"tag-actualites-paris","12":"tag-eu","13":"tag-europe","14":"tag-fr","15":"tag-france","16":"tag-news","17":"tag-news-paris","18":"tag-paris","19":"tag-paris-news","20":"tag-republique-francaise"},"share_on_mastodon":{"url":"https:\/\/pubeurope.com\/@fr\/115299649095722401","error":""},"_links":{"self":[{"href":"https:\/\/www.europesays.com\/fr\/wp-json\/wp\/v2\/posts\/431427","targetHints":{"allow":["GET"]}}],"collection":[{"href":"https:\/\/www.europesays.com\/fr\/wp-json\/wp\/v2\/posts"}],"about":[{"href":"https:\/\/www.europesays.com\/fr\/wp-json\/wp\/v2\/types\/post"}],"author":[{"embeddable":true,"href":"https:\/\/www.europesays.com\/fr\/wp-json\/wp\/v2\/users\/2"}],"replies":[{"embeddable":true,"href":"https:\/\/www.europesays.com\/fr\/wp-json\/wp\/v2\/comments?post=431427"}],"version-history":[{"count":0,"href":"https:\/\/www.europesays.com\/fr\/wp-json\/wp\/v2\/posts\/431427\/revisions"}],"wp:featuredmedia":[{"embeddable":true,"href":"https:\/\/www.europesays.com\/fr\/wp-json\/wp\/v2\/media\/431428"}],"wp:attachment":[{"href":"https:\/\/www.europesays.com\/fr\/wp-json\/wp\/v2\/media?parent=431427"}],"wp:term":[{"taxonomy":"category","embeddable":true,"href":"https:\/\/www.europesays.com\/fr\/wp-json\/wp\/v2\/categories?post=431427"},{"taxonomy":"post_tag","embeddable":true,"href":"https:\/\/www.europesays.com\/fr\/wp-json\/wp\/v2\/tags?post=431427"}],"curies":[{"name":"wp","href":"https:\/\/api.w.org\/{rel}","templated":true}]}}