{"id":431434,"date":"2025-10-01T15:39:12","date_gmt":"2025-10-01T15:39:12","guid":{"rendered":"https:\/\/www.europesays.com\/fr\/431434\/"},"modified":"2025-10-01T15:39:12","modified_gmt":"2025-10-01T15:39:12","slug":"la-hongrie-refuse-de-cesser-les-importations-de-petrole-russe","status":"publish","type":"post","link":"https:\/\/www.europesays.com\/fr\/431434\/","title":{"rendered":"la Hongrie refuse de cesser les importations de p\u00e9trole russe"},"content":{"rendered":"<p>Viktor Orb\u00e1n a r\u00e9affirm\u00e9 que la Hongrie ne renoncera pas au p\u00e9trole russe en l\u2019absence d\u2019alternative. Il d\u00e9nonce aussi l\u2019attitude \u00abagressive\u00bb de Bruxelles.<\/p>\n<p class=\"fig-paragraph\">La Hongrie n&rsquo;est pas pr\u00eate \u00e0 renoncer \u00e0 importer du p\u00e9trole russe, comme le r\u00e9clament les\u00a0<a href=\"https:\/\/www.lefigaro.fr\/tag\/etats-unis\" target=\"_blank\" rel=\"sponsored noopener\" data-gtm-custom-categorie=\"navigation\" data-gtm-custom-action=\"crossclick\" data-gtm-custom-label=\"Contextuel\" data-gtm-event=\"customEventSPE\">\u00c9tats-Unis<\/a>\u00a0de\u00a0<a href=\"https:\/\/www.lefigaro.fr\/tag\/donald-trump\" target=\"_blank\" rel=\"sponsored noopener\" data-gtm-custom-categorie=\"navigation\" data-gtm-custom-action=\"crossclick\" data-gtm-custom-label=\"Contextuel\" data-gtm-event=\"customEventSPE\">Donald Trump<\/a>, et une majorit\u00e9 de pays de l&rsquo;UE, a indiqu\u00e9 mercredi 1er octobre son premier ministre\u00a0<a href=\"https:\/\/video.lefigaro.fr\/figaro\/international\/viktor-orban-minimise-le-survol-eventuel-par-des-drones-hongrois-de-lespace-aerien-ukrainien-20250930\" data-fig-type=\"Video\" data-gtm-custom-categorie=\"navigation\" data-gtm-custom-action=\"crossclick\" data-gtm-custom-label=\"Contextuel\" data-gtm-event=\"customEventSPE\" data-fig-domain=\"LEFIGARO\" target=\"_blank\" rel=\"noopener\">Viktor Orb\u00e1n.<\/a>\u00a0\u00abNous n&rsquo;avons aucune autre option, aucune\u00bb, a-t-il affirm\u00e9 devant la presse \u00e0 Copenhague, assurant au passage que le pr\u00e9sident am\u00e9ricain ne lui avait jamais demand\u00e9 de fermer le robinet du p\u00e9trole russe.<\/p>\n<p class=\"fig-paragraph\">\u00abLe pr\u00e9sident am\u00e9ricain respecte la souverainet\u00e9 des autres pays, il m&rsquo;a juste demand\u00e9 quelle est la situation &#8212; c&rsquo;est une diff\u00e9rence importante, il n&rsquo;est pas\u00bb comme les Europ\u00e9ens, \u00abqui sont plus agressifs que les Am\u00e9ricains\u00bb, a-t-il d\u00e9clar\u00e9.<\/p>\n<p>                                    <a class=\"fig-a11y-skip a11y-hidden\" href=\"#fig-a11y-skip-main-inarticle\"><br \/>\n        Passer la publicit\u00e9<br \/>\n    <\/a><\/p>\n<p class=\"fig-paragraph\">Plusieurs pays de l&rsquo;UE r\u00e9clament que la Hongrie et la Slovaquie cessent d&rsquo;importer du p\u00e9trole russe, dont les revenus financent une partie de l&rsquo;effort de guerre de Moscou en Ukraine.<\/p>\n<p class=\"fig-paragraph\"><a href=\"https:\/\/video.lefigaro.fr\/figaro\/international\/etats-unis-donald-trump-proche-dun-accord-avec-harvard-letablissement-devrait-verser-500-millions-de-dollars-20251001\" data-fig-type=\"Video\" data-gtm-custom-categorie=\"navigation\" data-gtm-custom-action=\"crossclick\" data-gtm-custom-label=\"Contextuel\" data-gtm-event=\"customEventSPE\" data-fig-domain=\"LEFIGARO\" target=\"_blank\" rel=\"noopener\">Donald Trump<\/a>\u00a0a de son c\u00f4t\u00e9 maintes fois critiqu\u00e9 les achats de p\u00e9trole russe par les Europ\u00e9ens, d\u00e9non\u00e7ant un comportement \u00abinexcusable\u00bb, mais sans jamais pointer du doigt la Hongrie. \u00abIls financent la guerre contre eux-m\u00eames. Qui a d\u00e9j\u00e0 entendu parler d&rsquo;une chose pareille\u00a0?\u00bb, a-t-il ainsi lanc\u00e9 le 23 septembre devant les Nations Unies.<\/p>\n<p>Des droits de douane impos\u00e9s par l\u2019UE<\/p>\n<p class=\"fig-paragraph\">En d\u00e9cidant d\u00e8s 2022 de se sevrer du p\u00e9trole russe, l&rsquo;Union europ\u00e9enne avait toutefois accord\u00e9 une exemption \u00e0 la Hongrie et \u00e0 la Slovaquie, pays enclav\u00e9s et tr\u00e8s d\u00e9pendants des hydrocarbures russes. La remettre en cause n\u00e9cessiterait l&rsquo;accord des deux pays concern\u00e9s.<\/p>\n<p class=\"fig-paragraph\">Pour tenter de contourner cette difficult\u00e9,\u00a0<a href=\"http:\/\/www.lefigaro.fr\/vox\/politique\/la-carte-d-identite-numerique-ce-debat-qui-enflamme-le-royaume-uni-et-risque-d-arriver-bientot-dans-l-ue-20251001\" data-fig-type=\"Article\" data-gtm-custom-categorie=\"navigation\" data-gtm-custom-action=\"crossclick\" data-gtm-custom-label=\"Contextuel\" data-gtm-event=\"customEventSPE\" data-fig-domain=\"LEFIGARO\" target=\"_blank\" rel=\"noopener\">l&rsquo;UE\u00a0<\/a>envisage d&rsquo;imposer des droits de douane sur ses importations de p\u00e9trole russe. S&rsquo;agissant d&rsquo;une mesure commerciale, les 27 peuvent l&rsquo;adopter \u00e0 la majorit\u00e9 qualifi\u00e9e, qui requiert l&rsquo;approbation de 55% des \u00c9tats membres, soit 15 pays, repr\u00e9sentant au moins 65% de la population europ\u00e9enne.<\/p>\n<p class=\"fig-paragraph\">La Commission europ\u00e9enne a par ailleurs propos\u00e9 aux \u00c9tats membres un arr\u00eat total des importations d&rsquo;hydrocarbures russes d&rsquo;ici 2027, et m\u00eame 2026 en ce qui concerne le gaz naturel liqu\u00e9fi\u00e9 (GNL).<\/p>\n","protected":false},"excerpt":{"rendered":"Viktor Orb\u00e1n a r\u00e9affirm\u00e9 que la Hongrie ne renoncera pas au p\u00e9trole russe en l\u2019absence d\u2019alternative. Il d\u00e9nonce&hellip;\n","protected":false},"author":2,"featured_media":431435,"comment_status":"","ping_status":"","sticky":false,"template":"","format":"standard","meta":{"footnotes":""},"categories":[1591],"tags":[11,1887,804,12,844,1885,1886,132],"class_list":{"0":"post-431434","1":"post","2":"type-post","3":"status-publish","4":"format-standard","5":"has-post-thumbnail","7":"category-russie","8":"tag-actualites","9":"tag-federation-de-russie","10":"tag-hongrie","11":"tag-news","12":"tag-petrole","13":"tag-russia","14":"tag-russian-federation","15":"tag-russie"},"share_on_mastodon":{"url":"https:\/\/pubeurope.com\/@fr\/115299664878178834","error":""},"_links":{"self":[{"href":"https:\/\/www.europesays.com\/fr\/wp-json\/wp\/v2\/posts\/431434","targetHints":{"allow":["GET"]}}],"collection":[{"href":"https:\/\/www.europesays.com\/fr\/wp-json\/wp\/v2\/posts"}],"about":[{"href":"https:\/\/www.europesays.com\/fr\/wp-json\/wp\/v2\/types\/post"}],"author":[{"embeddable":true,"href":"https:\/\/www.europesays.com\/fr\/wp-json\/wp\/v2\/users\/2"}],"replies":[{"embeddable":true,"href":"https:\/\/www.europesays.com\/fr\/wp-json\/wp\/v2\/comments?post=431434"}],"version-history":[{"count":0,"href":"https:\/\/www.europesays.com\/fr\/wp-json\/wp\/v2\/posts\/431434\/revisions"}],"wp:featuredmedia":[{"embeddable":true,"href":"https:\/\/www.europesays.com\/fr\/wp-json\/wp\/v2\/media\/431435"}],"wp:attachment":[{"href":"https:\/\/www.europesays.com\/fr\/wp-json\/wp\/v2\/media?parent=431434"}],"wp:term":[{"taxonomy":"category","embeddable":true,"href":"https:\/\/www.europesays.com\/fr\/wp-json\/wp\/v2\/categories?post=431434"},{"taxonomy":"post_tag","embeddable":true,"href":"https:\/\/www.europesays.com\/fr\/wp-json\/wp\/v2\/tags?post=431434"}],"curies":[{"name":"wp","href":"https:\/\/api.w.org\/{rel}","templated":true}]}}