{"id":431436,"date":"2025-10-01T15:40:13","date_gmt":"2025-10-01T15:40:13","guid":{"rendered":"https:\/\/www.europesays.com\/fr\/431436\/"},"modified":"2025-10-01T15:40:13","modified_gmt":"2025-10-01T15:40:13","slug":"a-copenhague-viktor-orban-douche-les-espoirs-ukrainiens","status":"publish","type":"post","link":"https:\/\/www.europesays.com\/fr\/431436\/","title":{"rendered":"\u00c0 Copenhague, Viktor Orban douche les espoirs ukrainiens"},"content":{"rendered":"<p>C&rsquo;est peu dire que Viktor Orban n&rsquo;est pas venu \u00e0 Copenhague au Conseil europ\u00e9en informel consacr\u00e9 \u00e0 l&rsquo;Ukraine et \u00e0 l&rsquo;Europe de la d\u00e9fense pour faire de la figuration. Alors que ses\u00a026\u00a0homologues europ\u00e9ens planchaient sur les moyens d&rsquo;acc\u00e9l\u00e9rer le rapprochement de l&rsquo;Ukraine avec l&rsquo;UE, le dirigeant hongrois a pulv\u00e9ris\u00e9\u00a0les fragiles espoirs de Kiev.<\/p>\n<p>Avant m\u00eame le d\u00e9but de la r\u00e9union le mercredi 1er\u00a0octobre, le Premier ministre hongrois\u00a0a ferm\u00e9 toutes les voies de discussion. Antonio Costa, le pr\u00e9sident du Conseil, a test\u00e9 l&rsquo;id\u00e9e d&rsquo;ouvrir les chapitres de n\u00e9gociation d&rsquo;adh\u00e9sion\u00a0\u00e0 la majorit\u00e9 qualifi\u00e9e, tout en conservant l&rsquo;unanimit\u00e9 pour les fermer et sceller l&rsquo;adh\u00e9sion finale. Le Hongrois balaie l&rsquo;id\u00e9e d&rsquo;un revers de main. \u00ab\u00a0Les astuces juridiques, \u00e7a ne marche pas, l\u00e2che-t-il sans d\u00e9tour&#8230;<\/p>\n<p>Toute l\u2019actualit\u00e9 \u00e0 1\u20ac le premier mois<\/p>\n<p><a href=\"https:\/\/abo.lepoint.fr\/?provenance=21EDI020098\" class=\"btn\" title=\"S&#039;abonner\" data-gtm=\"click:abo|display:abo\" data-campaign=\"paywall_maison\" target=\"_blank\" rel=\"noopener\">S&rsquo;abonner<\/a><\/p>\n<p>ou<\/p>\n","protected":false},"excerpt":{"rendered":"C&rsquo;est peu dire que Viktor Orban n&rsquo;est pas venu \u00e0 Copenhague au Conseil europ\u00e9en informel consacr\u00e9 \u00e0 l&rsquo;Ukraine&hellip;\n","protected":false},"author":2,"featured_media":431437,"comment_status":"","ping_status":"","sticky":false,"template":"","format":"standard","meta":{"footnotes":""},"categories":[1590],"tags":[11,19429,1777,674,12,220,364,7247,134],"class_list":{"0":"post-431436","1":"post","2":"type-post","3":"status-publish","4":"format-standard","5":"has-post-thumbnail","7":"category-ukraine","8":"tag-actualites","9":"tag-donald-tusk","10":"tag-eu","11":"tag-europe","12":"tag-news","13":"tag-ukraine","14":"tag-union-europeenne","15":"tag-viktor-orban","16":"tag-volodymyr-zelensky"},"share_on_mastodon":{"url":"https:\/\/pubeurope.com\/@fr\/115299668791433269","error":""},"_links":{"self":[{"href":"https:\/\/www.europesays.com\/fr\/wp-json\/wp\/v2\/posts\/431436","targetHints":{"allow":["GET"]}}],"collection":[{"href":"https:\/\/www.europesays.com\/fr\/wp-json\/wp\/v2\/posts"}],"about":[{"href":"https:\/\/www.europesays.com\/fr\/wp-json\/wp\/v2\/types\/post"}],"author":[{"embeddable":true,"href":"https:\/\/www.europesays.com\/fr\/wp-json\/wp\/v2\/users\/2"}],"replies":[{"embeddable":true,"href":"https:\/\/www.europesays.com\/fr\/wp-json\/wp\/v2\/comments?post=431436"}],"version-history":[{"count":0,"href":"https:\/\/www.europesays.com\/fr\/wp-json\/wp\/v2\/posts\/431436\/revisions"}],"wp:featuredmedia":[{"embeddable":true,"href":"https:\/\/www.europesays.com\/fr\/wp-json\/wp\/v2\/media\/431437"}],"wp:attachment":[{"href":"https:\/\/www.europesays.com\/fr\/wp-json\/wp\/v2\/media?parent=431436"}],"wp:term":[{"taxonomy":"category","embeddable":true,"href":"https:\/\/www.europesays.com\/fr\/wp-json\/wp\/v2\/categories?post=431436"},{"taxonomy":"post_tag","embeddable":true,"href":"https:\/\/www.europesays.com\/fr\/wp-json\/wp\/v2\/tags?post=431436"}],"curies":[{"name":"wp","href":"https:\/\/api.w.org\/{rel}","templated":true}]}}