{"id":431438,"date":"2025-10-01T15:41:16","date_gmt":"2025-10-01T15:41:16","guid":{"rendered":"https:\/\/www.europesays.com\/fr\/431438\/"},"modified":"2025-10-01T15:41:16","modified_gmt":"2025-10-01T15:41:16","slug":"basketteur-russe-arrete-en-france-a-la-demande-des-etats-unis-son-avocat-reclame-sa-liberation-immediate","status":"publish","type":"post","link":"https:\/\/www.europesays.com\/fr\/431438\/","title":{"rendered":"Basketteur russe arr\u00eat\u00e9 en France \u00e0 la demande des \u00c9tats-Unis\u00a0: son avocat r\u00e9clame sa lib\u00e9ration imm\u00e9diate"},"content":{"rendered":"<p class=\"paragraph text_align_left lp-f-body-02\">Il conteste toujours les faits. <a href=\"https:\/\/www.leparisien.fr\/sports\/basket\/il-tombe-des-nues-un-basketteur-russe-place-en-detention-en-france-a-la-demande-des-etats-unis-pour-piraterie-informatique-09-07-2025-WXWDJLIBEJAQ3MKX4CUQTA4TIE.php\" target=\"_blank\" rel=\"noreferrer nofollow noopener\">Arr\u00eat\u00e9 le 21 juin en France<\/a> \u00e0 la demande des \u00c9tats-Unis qui le soup\u00e7onnent d\u2019avoir fait partie d\u2019un r\u00e9seau de hackers, le basketteur professionnel russe Daniil Kasatkin a demand\u00e9 devant la justice ce mercredi, par l\u2019interm\u00e9diaire de son avocat, sa lib\u00e9ration imm\u00e9diate pour raisons proc\u00e9durales.<\/p>\n<p class=\"paragraph text_align_left lp-f-body-02\">Le probl\u00e8me proviendrait du <a href=\"https:\/\/www.leparisien.fr\/faits-divers\/accuse-de-fraude-electronique-il-risque-207-ans-de-prison-en-cas-dextradition-vers-les-etats-unis-17-01-2025-XUYU2PI4KJEYPDF3JAUR7NHDB4.php\" target=\"_blank\" rel=\"noreferrer nofollow noopener\">trait\u00e9 bilat\u00e9ral d\u2019extradition entre la France et les \u00c9tats-Unis<\/a>. Celui-ci stipule que la demande d\u2019extradition compl\u00e8te doit \u00eatre communiqu\u00e9e dans un d\u00e9lai de 60 jours \u00e0 partir de l\u2019arrestation provisoire, comme l\u2019a rappel\u00e9 Me Fr\u00e9d\u00e9ric B\u00e9lot devant la chambre de l\u2019instruction de la cour d\u2019appel. Or celui-ci est d\u00e9pass\u00e9.<\/p>\n<p class=\"paragraph text_align_left lp-f-body-02\">\u00ab Nous avons d\u00e9pass\u00e9 les 60 jours \u00bb, Daniil Kasatkin ayant \u00e9t\u00e9 arr\u00eat\u00e9 le 21 juin, \u00ab et nous n\u2019avons pas un dossier complet \u00bb, car des traductions manquent, comme l\u2019a reconnu l\u2019avocat g\u00e9n\u00e9ral dans son r\u00e9quisitoire transmis mardi, a-t-il affirm\u00e9. Or, \u00ab le texte de loi est tr\u00e8s clair. Lorsque le dossier n\u2019est pas complet dans ce d\u00e9lai, il doit y avoir remise en libert\u00e9 \u00bb, a martel\u00e9 Me B\u00e9lot.<\/p>\n<p class=\"paragraph text_align_left lp-f-body-02\">Il a rappel\u00e9 que la Cour de cassation s\u2019\u00e9tait prononc\u00e9e, en septembre 2024, sur la remise en libert\u00e9 de la personne sous \u00e9crou extraditionnel au cas d\u2019un compl\u00e9ment d\u2019information ordonn\u00e9 en dehors de ce d\u00e9lai. Pour permettre un d\u00e9bat contradictoire, le pr\u00e9sident de la chambre a renvoy\u00e9 l\u2019examen de cette demande au 8 octobre.<\/p>\n<p>Accus\u00e9 de \u00ab complot en vue de commettre une fraude \u00bb<\/p>\n<p class=\"paragraph text_align_left lp-f-body-02\">Alors qu\u2019il se rendait en France avec sa fianc\u00e9e qu\u2019il venait de demander en mariage, Daniil Kasatkin, qui jouait jusqu\u2019\u00e0 r\u00e9cemment avec l\u2019\u00e9quipe de Moscou MBA-MAI, a \u00e9t\u00e9 arr\u00eat\u00e9 \u00e0 <a href=\"https:\/\/www.leparisien.fr\/val-d-oise-95\/aeroport-de-roissy\/\" target=\"_blank\" rel=\"noreferrer nofollow noopener\">l\u2019a\u00e9roport parisien de Roissy<\/a>, puis plac\u00e9 sous \u00e9crou extraditionnel le 23 juin.<\/p>\n<p class=\"paragraph text_align_left lp-f-body-02\">La justice am\u00e9ricaine le soup\u00e7onne d\u2019avoir fait partie d\u2019un r\u00e9seau de pirates informatiques ayant, via un ran\u00e7ongiciel, attaqu\u00e9 plus de 900 entreprises, associations et entit\u00e9s gouvernementales entre 2020 et 2022. Le basketteur de 26 ans est accus\u00e9 d\u2019avoir n\u00e9goci\u00e9 le paiement des ran\u00e7ons, ce qu\u2019il nie.<\/p>\n<p class=\"paragraph text_align_left lp-f-body-02\">Le sportif, qui a un temps suivi des \u00e9tudes aux \u00c9tats-Unis, fait l\u2019objet d\u2019un mandat d\u2019arr\u00eat am\u00e9ricain pour \u00ab complot en vue de commettre une fraude \u00e9lectronique \u00bb et \u00ab complot en vue de commettre une fraude informatique \u00bb, ce qui lui fait encourir un total de 25 ans de prison. Le consul de Russie en France Alexey Popov \u00e9tait pr\u00e9sent \u00e0 l\u2019audience, tout comme un journaliste de l\u2019agence de presse officielle russe Tass, signe que le dossier est suivi \u00e0 Moscou.<\/p>\n<p class=\"paragraph text_align_left lp-f-body-02\">\u00ab Cela n\u2019a pas de sens qu\u2019un sportif qui n\u2019a aucune connaissance en informatique puisse \u00eatre soup\u00e7onn\u00e9 d\u2019avoir commis de telles choses \u00bb, a affirm\u00e9 le consul \u00e0 l\u2019AFP, en expliquant que le basketteur avait achet\u00e9 \u00ab un ordinateur d\u2019occasion \u00bb quand il \u00e9tait aux \u00c9tats-Unis.<\/p>\n<p class=\"paragraph text_align_left lp-f-body-02\">Regrettant qu\u2019il n\u2019ait \u00ab toujours pas d\u2019acc\u00e8s \u00e0 une salle de sport \u00e0 la maison d\u2019arr\u00eat \u00bb, ce responsable a souhait\u00e9 sa remise en libert\u00e9, en soulignant qu\u2019il pourrait loger dans un appartement situ\u00e9 \u00e0 Boulogne-Billancourt, propri\u00e9t\u00e9 du gouvernement russe, s\u2019il \u00e9tait lib\u00e9r\u00e9 sous contr\u00f4le judiciaire.<\/p>\n","protected":false},"excerpt":{"rendered":"Il conteste toujours les faits. Arr\u00eat\u00e9 le 21 juin en France \u00e0 la demande des \u00c9tats-Unis qui le&hellip;\n","protected":false},"author":2,"featured_media":431439,"comment_status":"","ping_status":"","sticky":false,"template":"","format":"standard","meta":{"footnotes":""},"categories":[1589],"tags":[11,1465,73,1866,118,12,60,1864,1865,1863,308],"class_list":{"0":"post-431438","1":"post","2":"type-post","3":"status-publish","4":"format-standard","5":"has-post-thumbnail","7":"category-etats-unis","8":"tag-actualites","9":"tag-basket","10":"tag-etats-unis","11":"tag-etats-unis-damerique","12":"tag-faits-divers","13":"tag-news","14":"tag-sports","15":"tag-united-states","16":"tag-united-states-of-america","17":"tag-us","18":"tag-usa"},"share_on_mastodon":{"url":"https:\/\/pubeurope.com\/@fr\/115299672712765079","error":""},"_links":{"self":[{"href":"https:\/\/www.europesays.com\/fr\/wp-json\/wp\/v2\/posts\/431438","targetHints":{"allow":["GET"]}}],"collection":[{"href":"https:\/\/www.europesays.com\/fr\/wp-json\/wp\/v2\/posts"}],"about":[{"href":"https:\/\/www.europesays.com\/fr\/wp-json\/wp\/v2\/types\/post"}],"author":[{"embeddable":true,"href":"https:\/\/www.europesays.com\/fr\/wp-json\/wp\/v2\/users\/2"}],"replies":[{"embeddable":true,"href":"https:\/\/www.europesays.com\/fr\/wp-json\/wp\/v2\/comments?post=431438"}],"version-history":[{"count":0,"href":"https:\/\/www.europesays.com\/fr\/wp-json\/wp\/v2\/posts\/431438\/revisions"}],"wp:featuredmedia":[{"embeddable":true,"href":"https:\/\/www.europesays.com\/fr\/wp-json\/wp\/v2\/media\/431439"}],"wp:attachment":[{"href":"https:\/\/www.europesays.com\/fr\/wp-json\/wp\/v2\/media?parent=431438"}],"wp:term":[{"taxonomy":"category","embeddable":true,"href":"https:\/\/www.europesays.com\/fr\/wp-json\/wp\/v2\/categories?post=431438"},{"taxonomy":"post_tag","embeddable":true,"href":"https:\/\/www.europesays.com\/fr\/wp-json\/wp\/v2\/tags?post=431438"}],"curies":[{"name":"wp","href":"https:\/\/api.w.org\/{rel}","templated":true}]}}