{"id":431444,"date":"2025-10-01T15:44:16","date_gmt":"2025-10-01T15:44:16","guid":{"rendered":"https:\/\/www.europesays.com\/fr\/431444\/"},"modified":"2025-10-01T15:44:16","modified_gmt":"2025-10-01T15:44:16","slug":"emmanuel-macron-necarte-aucune-riposte-si-un-avion-russe-viole-a-nouveau-lespace-aerien-europeen","status":"publish","type":"post","link":"https:\/\/www.europesays.com\/fr\/431444\/","title":{"rendered":"Emmanuel Macron n&rsquo;\u00e9carte aucune riposte si un avion russe viole \u00e0 nouveau l&rsquo;espace a\u00e9rien europ\u00e9en"},"content":{"rendered":"<p class=\"article-p mdl\">Quelle sera la r\u00e9ponse en cas de nouvelle violation de l&rsquo;espace a\u00e9rien par un avion russe ? Ce mercredi 1er octobre, Emmanuel<strong> Macron a d\u00e9clar\u00e9 que rien ne pouvait \u00eatre \u00ab\u00a0exclu\u00a0\u00bb<\/strong>.\u00a0\u00ab\u00a0Conform\u00e9ment \u00e0 la doctrine de l&rsquo;ambigu\u00eft\u00e9 strat\u00e9gique, je peux vous dire que rien n&rsquo;est exclu\u00a0\u00bb, a-t-il dit dans une interview au quotidien allemand Frankfurter Allgemeine Zeitung.\u00a0<\/p>\n<p class=\"article-p mdl\">Comme nombre de ses homologues, le chef d&rsquo;\u00c9tat fran\u00e7ais est en d\u00e9placement \u00e0 Copenhague pour une r\u00e9union informelle du Conseil europ\u00e9en visant \u00e0 \u00e9voquer la poursuite de l&rsquo;aide \u00e0 l&rsquo;Ukraine et pour \u00e9voquer le <strong>d\u00e9veloppement de \u00ab\u00a0l&rsquo;Europe de la d\u00e9fense\u00a0\u00bb.\u00a0<\/strong><\/p>\n<p class=\"article-p mdl\">\u00c0 cette occasion, il a assur\u00e9 que <strong>l&rsquo;Europe est entr\u00e9e \u00ab\u00a0dans une confrontation avec la Russie\u00a0\u00bb<\/strong>, qui est \u00ab\u00a0depuis plusieurs ann\u00e9es, un acteur tr\u00e8s agressif dans notre espace informationnel\u00a0\u00bb. Il cite notamment le cas d&rsquo;\u00e9lections, comme cela a \u00e9t\u00e9 le cas\u00a0<a class=\"link\" href=\"https:\/\/www.rtl.fr\/actu\/politique\/edito-ingerence-russe-en-moldavie-nous-serions-fous-de-ne-pas-nous-en-alarmer-lance-etienne-gernelle-7900431691\" target=\"_blank\" rel=\"noopener\">en Moldavie<\/a>, les multiples cyberattaques, la guerre d&rsquo;agression en Ukraine ou la menace nucl\u00e9aire.\u00a0<\/p>\n<p class=\"article-p mdl\">Mais pour lui, \u00ab\u00a0<strong>il ne faut avoir aucune faiblesse<\/strong> et redire que toute personne qui viole l&rsquo;espace a\u00e9rien europ\u00e9en est susceptible d&rsquo;avoir des repr\u00e9sailles, car c&rsquo;est notre droit\u00a0\u00bb. \u00ab\u00a0Il faut dissuader avec des capacit\u00e9s de tirs de longue port\u00e9e, des capacit\u00e9s balistiques europ\u00e9ennes et davantage de syst\u00e8mes de d\u00e9fense sol-aire et anti-drone\u00a0\u00bb, a-t-il appuy\u00e9.<\/p>\n<p class=\"article-p mdl\">Emmanuel Macron met \u00e9galement en avant les \u00ab\u00a0capacit\u00e9s nouvelles, comme des pr\u00eats exceptionnels, que nous sommes collectivement pr\u00eats \u00e0 faire pour <strong>soutenir des programmes de d\u00e9fense avec une pr\u00e9f\u00e9rence europ\u00e9enne<\/strong>\u00ab\u00a0.\u00a0<\/p>\n<p class=\"article-p mdl\">Le 24 septembre dernier, d\u00e9j\u00e0, Emmanuel Macron avait\u00a0affirm\u00e9 que <strong>les pays de l&rsquo;Otan devaient \u00ab\u00a0monter d&rsquo;un cran\u00a0\u00bb<\/strong> leur riposte en cas de \u00ab\u00a0nouvelles provocations\u00a0\u00bb russes, apr\u00e8s des\u00a0<a class=\"link\" href=\"https:\/\/www.rtl.fr\/actu\/international\/drones-russes-pourquoi-moscou-viole-regulierement-l-espace-aerien-europeen-7900544987\" target=\"_blank\" rel=\"noopener\">pr\u00e9c\u00e9dents en Pologne, Roumanie et Estonie<\/a>. Mais \u00ab\u00a0on ne va pas ouvrir le feu\u00a0\u00bb, avait-il ajout\u00e9, contredisant sur ce point le pr\u00e9sident am\u00e9ricain Donald Trump.<\/p>\n<p>    La r\u00e9daction vous recommande<\/p>\n<p class=\"s-newsletter__title\">\n                L\u2019actualit\u00e9 par la r\u00e9daction de RTL dans votre bo\u00eete mail.\n            <\/p>\n<p class=\"s-newsletter__subtitle\">\n                Gr\u00e2ce \u00e0 votre compte RTL abonnez-vous \u00e0 la newsletter RTL info pour suivre toute l&rsquo;actualit\u00e9 au quotidien\n            <\/p>\n<p>\n                                    Lire la suite\n                                <\/p>\n","protected":false},"excerpt":{"rendered":"Quelle sera la r\u00e9ponse en cas de nouvelle violation de l&rsquo;espace a\u00e9rien par un avion russe ? Ce&hellip;\n","protected":false},"author":2,"featured_media":431445,"comment_status":"","ping_status":"","sticky":false,"template":"","format":"standard","meta":{"footnotes":""},"categories":[1586],"tags":[11,1073,1777,674,107,1011,27,1146,131,14,12,25,132,364],"class_list":{"0":"post-431444","1":"post","2":"type-post","3":"status-publish","4":"format-standard","5":"has-post-thumbnail","7":"category-europe","8":"tag-actualites","9":"tag-emmanuel-macron","10":"tag-eu","11":"tag-europe","12":"tag-fil-info","13":"tag-fr","14":"tag-france","15":"tag-guerre","16":"tag-guerre-en-ukraine","17":"tag-international","18":"tag-news","19":"tag-republique-francaise","20":"tag-russie","21":"tag-union-europeenne"},"share_on_mastodon":{"url":"https:\/\/pubeurope.com\/@fr\/115299684493109312","error":""},"_links":{"self":[{"href":"https:\/\/www.europesays.com\/fr\/wp-json\/wp\/v2\/posts\/431444","targetHints":{"allow":["GET"]}}],"collection":[{"href":"https:\/\/www.europesays.com\/fr\/wp-json\/wp\/v2\/posts"}],"about":[{"href":"https:\/\/www.europesays.com\/fr\/wp-json\/wp\/v2\/types\/post"}],"author":[{"embeddable":true,"href":"https:\/\/www.europesays.com\/fr\/wp-json\/wp\/v2\/users\/2"}],"replies":[{"embeddable":true,"href":"https:\/\/www.europesays.com\/fr\/wp-json\/wp\/v2\/comments?post=431444"}],"version-history":[{"count":0,"href":"https:\/\/www.europesays.com\/fr\/wp-json\/wp\/v2\/posts\/431444\/revisions"}],"wp:featuredmedia":[{"embeddable":true,"href":"https:\/\/www.europesays.com\/fr\/wp-json\/wp\/v2\/media\/431445"}],"wp:attachment":[{"href":"https:\/\/www.europesays.com\/fr\/wp-json\/wp\/v2\/media?parent=431444"}],"wp:term":[{"taxonomy":"category","embeddable":true,"href":"https:\/\/www.europesays.com\/fr\/wp-json\/wp\/v2\/categories?post=431444"},{"taxonomy":"post_tag","embeddable":true,"href":"https:\/\/www.europesays.com\/fr\/wp-json\/wp\/v2\/tags?post=431444"}],"curies":[{"name":"wp","href":"https:\/\/api.w.org\/{rel}","templated":true}]}}