{"id":431459,"date":"2025-10-01T15:55:11","date_gmt":"2025-10-01T15:55:11","guid":{"rendered":"https:\/\/www.europesays.com\/fr\/431459\/"},"modified":"2025-10-01T15:55:11","modified_gmt":"2025-10-01T15:55:11","slug":"fred-quercy-le-capitaine-de-montauban-convoque-le-8-octobre-apres-ses-violentes-critiques-contre-fabien-galthie","status":"publish","type":"post","link":"https:\/\/www.europesays.com\/fr\/431459\/","title":{"rendered":"Fred Quercy, le capitaine de Montauban, convoqu\u00e9 le 8 octobre apr\u00e8s ses violentes critiques contre Fabien Galthi\u00e9"},"content":{"rendered":"<p>Le troisi\u00e8me ligne montalbanais avait vertement critiqu\u00e9 le s\u00e9lectionneur du XV de France, qu\u2019il avait eu comme entra\u00eeneur \u00e0 Montpellier.<\/p>\n<p class=\"fig-paragraph\">Le capitaine de\u00a0<a href=\"http:\/\/www.lefigaro.fr\/sports\/rugby\/top-14\/top-14-montauban-frustre-pau-leader-provisoire-20250927\" data-fig-type=\"NewsFlash\" data-gtm-custom-categorie=\"navigation\" data-gtm-custom-action=\"crossclick\" data-gtm-custom-label=\"Contextuel\" data-gtm-event=\"customEventSPE\" data-fig-domain=\"LEFIGARO\" rel=\"nofollow noopener\" target=\"_blank\">Montauban<\/a>\u00a0<a href=\"http:\/\/www.lefigaro.fr\/sports\/rugby\/top-14\/top-14-capitaine-de-montauban-fred-quercy-a-brievement-ete-suspendu-pour-des-propos-sur-fabien-galthie-20250926\" data-fig-type=\"NewsFlash\" data-gtm-custom-categorie=\"navigation\" data-gtm-custom-action=\"crossclick\" data-gtm-custom-label=\"Contextuel\" data-gtm-event=\"customEventSPE\" data-fig-domain=\"LEFIGARO\" rel=\"nofollow noopener\" target=\"_blank\">Fred Quercy<\/a>\u00a0est convoqu\u00e9 le 8 octobre devant la commission de discipline de la Ligue apr\u00e8s ses d\u00e9clarations v\u00e9h\u00e9mentes sur\u00a0<a href=\"http:\/\/www.lefigaro.fr\/sports\/rugby\/6-nations\/gagner-le-tournoi-est-un-grand-bonheur-et-un-soulagement-fabien-galthie-fixe-le-cap-pour-la-coupe-du-monde-en-australie-20250318\" data-fig-type=\"Article\" data-gtm-custom-categorie=\"navigation\" data-gtm-custom-action=\"crossclick\" data-gtm-custom-label=\"Contextuel\" data-gtm-event=\"customEventSPE\" data-fig-domain=\"LEFIGARO\" rel=\"nofollow noopener\" target=\"_blank\">Fabien Galthi\u00e9<\/a>, le s\u00e9lectionneur du XV de France. Le joueur de l\u2019USM avait fait r\u00e9agir dans le monde du rugby apr\u00e8s ses propos tenus lors de la rentr\u00e9e de la Ligue nationale du rugby et relay\u00e9es par le site sp\u00e9cialis\u00e9 Rugbypass, o\u00f9 il estimait que le s\u00e9lectionneur du XV de France avait \u00ab\u00e9t\u00e9 \u00e0 la fois le meilleur entra\u00eeneur que j\u2019ai eu, indiscutablement &#8211; et pourtant j\u2019en ai eu des bons dans ma carri\u00e8re &#8211; mais aussi la plus grande merde sur le plan humain\u00bb.<\/p>\n<p class=\"fig-paragraph\">\u00abLe Secr\u00e9taire G\u00e9n\u00e9ral de la F\u00e9d\u00e9ration Fran\u00e7aise de Rugby (Sylvain Deroeux, NDLR) a d\u00e9cid\u00e9 de saisir la Commission de discipline et des r\u00e8glements (LNR) au sujet d\u2019une situation mettant en cause M. Fred Quercy, Joueur de l\u2019US Montalbanaise. La situation vis\u00e9e est susceptible de constituer une infraction aux R\u00e8glements G\u00e9n\u00e9raux de la LNR et de la FFR\u00bb, indique la Ligue dans un communiqu\u00e9. Le troisi\u00e8me ligne, \u00e2g\u00e9 de 34 ans, capitaine des Tarn-et-Garonnais, promus surprise en Top 14 en fin de saison derni\u00e8re, avait crois\u00e9 la route de Fabien Galthi\u00e9 \u00e0 Montpellier dont le technicien faisait partie du staff.<\/p>\n<p class=\"fig-body-link\">\n            \u00c0 lire aussi<br \/>\n        <a class=\"fig-body-link__link\" href=\"http:\/\/www.lefigaro.fr\/sports\/rugby\/top-14\/top-14-a-montauban-on-s-en-fout-un-peu-de-tout-on-vit-le-vrai-moment-devoile-fred-quercy-le-capitaine-du-promu-20250902\" data-fig-type=\"NewsFlash\" data-gtm-custom-categorie=\"navigation\" data-gtm-custom-action=\"crossclick\" data-gtm-custom-label=\"Contextuel\" data-gtm-event=\"customEventSPE\" data-fig-domain=\"LEFIGARO\" rel=\"nofollow noopener\" target=\"_blank\">Top 14\u00a0: \u00ab\u00c0 Montauban, au moins, on s\u2019aime bien et on rigole\u00bb, d\u00e9voile Fred Quercy, le capitaine du promu<br \/>\n    <\/a>\n<\/p>\n<p>                                    <a class=\"fig-a11y-skip a11y-hidden\" href=\"#fig-a11y-skip-main-inarticle\"><br \/>\n        Passer la publicit\u00e9<br \/>\n    <\/a><\/p>\n<p class=\"fig-paragraph\">La licence de Fred Quercy avait \u00e9t\u00e9 suspendue la semaine derni\u00e8re, avant d\u2019\u00eatre d\u00e9bloqu\u00e9e. Sa licence avait \u00e9t\u00e9 suspendue par la FFR avant que l\u2019avocat du joueur ne fasse annuler cette sanction en fin de semaine. Quercy, qui n\u2019\u00e9tait donc pas cens\u00e9 pouvoir jouer samedi, ne figurait pas dans le groupe retenu par le manager de Montauban, S\u00e9bastien Tillous-Borde, pour la r\u00e9ception de ce m\u00eame MHR, lors de la quatri\u00e8me journ\u00e9e du Top 14.<\/p>\n","protected":false},"excerpt":{"rendered":"Le troisi\u00e8me ligne montalbanais avait vertement critiqu\u00e9 le s\u00e9lectionneur du XV de France, qu\u2019il avait eu comme entra\u00eeneur&hellip;\n","protected":false},"author":2,"featured_media":431460,"comment_status":"","ping_status":"","sticky":false,"template":"","format":"standard","meta":{"footnotes":""},"categories":[1412],"tags":[1451,12116,1452,1453,1454,1455,1011,27,2947,19054,60],"class_list":{"0":"post-431459","1":"post","2":"type-post","3":"status-publish","4":"format-standard","5":"has-post-thumbnail","7":"category-f1","8":"tag-f1","9":"tag-ffr","10":"tag-formula-1","11":"tag-formula1","12":"tag-formule-1","13":"tag-formule1","14":"tag-fr","15":"tag-france","16":"tag-lnr","17":"tag-montauban","18":"tag-sports"},"share_on_mastodon":{"url":"https:\/\/pubeurope.com\/@fr\/115299727687097456","error":""},"_links":{"self":[{"href":"https:\/\/www.europesays.com\/fr\/wp-json\/wp\/v2\/posts\/431459","targetHints":{"allow":["GET"]}}],"collection":[{"href":"https:\/\/www.europesays.com\/fr\/wp-json\/wp\/v2\/posts"}],"about":[{"href":"https:\/\/www.europesays.com\/fr\/wp-json\/wp\/v2\/types\/post"}],"author":[{"embeddable":true,"href":"https:\/\/www.europesays.com\/fr\/wp-json\/wp\/v2\/users\/2"}],"replies":[{"embeddable":true,"href":"https:\/\/www.europesays.com\/fr\/wp-json\/wp\/v2\/comments?post=431459"}],"version-history":[{"count":0,"href":"https:\/\/www.europesays.com\/fr\/wp-json\/wp\/v2\/posts\/431459\/revisions"}],"wp:featuredmedia":[{"embeddable":true,"href":"https:\/\/www.europesays.com\/fr\/wp-json\/wp\/v2\/media\/431460"}],"wp:attachment":[{"href":"https:\/\/www.europesays.com\/fr\/wp-json\/wp\/v2\/media?parent=431459"}],"wp:term":[{"taxonomy":"category","embeddable":true,"href":"https:\/\/www.europesays.com\/fr\/wp-json\/wp\/v2\/categories?post=431459"},{"taxonomy":"post_tag","embeddable":true,"href":"https:\/\/www.europesays.com\/fr\/wp-json\/wp\/v2\/tags?post=431459"}],"curies":[{"name":"wp","href":"https:\/\/api.w.org\/{rel}","templated":true}]}}