{"id":431465,"date":"2025-10-01T15:58:11","date_gmt":"2025-10-01T15:58:11","guid":{"rendered":"https:\/\/www.europesays.com\/fr\/431465\/"},"modified":"2025-10-01T15:58:11","modified_gmt":"2025-10-01T15:58:11","slug":"lea-salame-peut-sinquieter-ca-tire-a-boulets-rouges-face-a-christine-kelly","status":"publish","type":"post","link":"https:\/\/www.europesays.com\/fr\/431465\/","title":{"rendered":"\u201cL\u00e9a Salam\u00e9 peut s\u2019inqui\u00e9ter\u2026\u201d : \u00e7a tire \u00e0 boulets rouges face \u00e0 Christine Kelly"},"content":{"rendered":"<p>La pr\u00e9sidentielle de 2027 n\u2019a pas encore commenc\u00e9, mais d\u00e9j\u00e0 les<br \/>\nsondages agitent le d\u00e9bat public. Selon une enqu\u00eate Ifop publi\u00e9e<br \/>\nlundi 29 septembre, <a href=\"https:\/\/www.closermag.fr\/people\/ah-non-je-le-bute-lea-salame-repond-sans-detour-a-une-question-intime-sur-son-couple-avec-raphael-glucksmann-3582306\" target=\"_blank\" rel=\"noopener\"><br \/>\nRapha\u00ebl Glucksmann<\/a>, copr\u00e9sident de Place publique et<br \/>\neurod\u00e9put\u00e9, serait aujourd\u2019hui le mieux plac\u00e9 \u00e0 gauche. <strong>Il<br \/>\nrecueillerait entre 14 et 16 % des intentions de vote,<\/strong> se<br \/>\npla\u00e7ant ainsi devant Jean-Luc M\u00e9lenchon, cr\u00e9dit\u00e9 de 12 \u00e0 13 %.<\/p>\n<p>Une progression notable qui place l\u2019essayiste socialiste en<br \/>\npotentiel outsider de la prochaine \u00e9lection, au point de le<br \/>\nrapprocher d\u2019une possible qualification pour le second tour. Ce<br \/>\nsondage a bien \u00e9videmment \u00e9t\u00e9 comment\u00e9 dans l\u2019\u00e9mission <a href=\"https:\/\/www.closermag.fr\/people\/christine-kelly-abdos-en-beton-et-jambes-fuselees-elle-rechauffe-latmosphere-a-lautre-bout-du-monde-3567789\" target=\"_blank\" rel=\"noopener\"><br \/>\nChristine Kelly<\/a> et vous. Aux c\u00f4t\u00e9s de la journaliste de CNews,<br \/>\nles chroniqueurs n\u2019ont pas manqu\u00e9 de r\u00e9agir \u00e0 cette<br \/>\nperc\u00e9e.\u00a0<\/p>\n<p>Christine Kelly ironise sur la situation de L\u00e9a Salam\u00e9 et de<br \/>\nRapha\u00ebl Glucksmann<\/p>\n<p>Parmi eux, Erik Tegn\u00e9r a choisi l\u2019ironie pour souligner ce<br \/>\nchangement d\u2019\u00e9quilibre dans le paysage politique fran\u00e7ais. En<br \/>\nprenant pour cible non pas Rapha\u00ebl Glucksmann lui-m\u00eame, mais sa<br \/>\ncompagne, <a href=\"https:\/\/www.closermag.fr\/people\/lea-salame-remplacee-par-un-visage-loin-detre-inconnu-au-20h-de-france-2-3583751\" target=\"_blank\" rel=\"noopener\"><br \/>\nla journaliste L\u00e9a Salam\u00e9<\/a>, il a lanc\u00e9 une pique qui n\u2019a pas<br \/>\nmanqu\u00e9 de faire r\u00e9agir. <strong>\u201cJe pense que L\u00e9a Salam\u00e9 peut<br \/>\ns\u2019inqui\u00e9ter pour son poste\u201d,<\/strong> a-t-il gliss\u00e9 avec un<br \/>\nsourire, faisant r\u00e9f\u00e9rence au r\u00f4le de <a href=\"https:\/\/www.closermag.fr\/tv_tele_realite\/nous-avons-eu-une-aventure-ensemble-lea-salame-decontenancee-par-une-anecdote-dun-de-ses-invites-3583054\" target=\"_blank\" rel=\"noopener\"><br \/>\nl\u2019animatrice<\/a> dans le paysage m\u00e9diatique et \u00e0 sa position de<br \/>\ncompagne d\u2019un candidat qui pourrait prendre de l\u2019ampleur dans la<br \/>\ncourse pr\u00e9sidentielle.<\/p>\n<p>Un trait d\u2019humour qui joue sur l\u2019\u00e9ternelle interrogation autour<br \/>\nde la place des journalistes lorsque leur vie priv\u00e9e croise la<br \/>\npolitique. Depuis plusieurs ann\u00e9es, L\u00e9a Salam\u00e9 est une figure<br \/>\nincontournable de France 2.\u00a0<\/p>\n<p>La journaliste va-t-elle devoir quitter<br \/>\nFrance 2 ?<\/p>\n<p>\u00c0 la t\u00eate de l\u2019interview politique du matin sur France Inter,<br \/>\npuis du <a href=\"https:\/\/www.closermag.fr\/people\/lea-salame-au-20h-en-pleine-interview-politique-son-compagnon-raphael-glucksmann-lui-declare-sa-flamme-3575566\" target=\"_blank\" rel=\"noopener\"><br \/>\n20H de France 2<\/a>, et coanimatrice de plusieurs \u00e9missions de<br \/>\nd\u00e9bat, elle est reconnue pour sa pugnacit\u00e9 et son sens de la<br \/>\nrelance. Mais <a href=\"https:\/\/www.closermag.fr\/people\/lea-salame-touchee-coulee-nouveau-coup-dur-apres-son-naufrage-face-a-marion-cotillard-3581084\" target=\"_blank\" rel=\"noopener\"><br \/>\nsa relation avec Rapha\u00ebl Glucksmann,<\/a> officialis\u00e9e depuis 2015,<br \/>\nalimente r\u00e9guli\u00e8rement les critiques ou les soup\u00e7ons de partialit\u00e9,<br \/>\nm\u00eame si la journaliste s\u2019est <strong>toujours d\u00e9fendue d\u2019un<br \/>\nquelconque m\u00e9lange des genres.<\/strong><\/p>\n<p>La sortie d\u2019Erik Tegn\u00e9r dans l\u2019\u00e9mission de Christine Kelly<br \/>\ns\u2019inscrit dans ce registre : une fa\u00e7on de mettre en avant, avec<br \/>\nhumour mais aussi avec une pointe d\u2019ironie, l\u2019id\u00e9e que le succ\u00e8s<br \/>\npolitique de son compagnon pourrait avoir un impact sur sa carri\u00e8re<br \/>\nm\u00e9diatique. Si certains y voient une simple blague de plateau,<br \/>\nd\u2019autres consid\u00e8rent que ce type de remarque entretient une<br \/>\nsuspicion injuste autour du travail d\u2019une journaliste<br \/>\nchevronn\u00e9e.\u00a0<\/p>\n","protected":false},"excerpt":{"rendered":"La pr\u00e9sidentielle de 2027 n\u2019a pas encore commenc\u00e9, mais d\u00e9j\u00e0 les sondages agitent le d\u00e9bat public. Selon une&hellip;\n","protected":false},"author":2,"featured_media":431466,"comment_status":"","ping_status":"","sticky":false,"template":"","format":"standard","meta":{"footnotes":""},"categories":[1359],"tags":[26046,58,59,1011,27,3806,973,15923],"class_list":{"0":"post-431465","1":"post","2":"type-post","3":"status-publish","4":"format-standard","5":"has-post-thumbnail","7":"category-people","8":"tag-christine-kelly","9":"tag-divertissement","10":"tag-entertainment","11":"tag-fr","12":"tag-france","13":"tag-lea-salame","14":"tag-people","15":"tag-raphael-glucksmann"},"share_on_mastodon":{"url":"https:\/\/pubeurope.com\/@fr\/115299739574740107","error":""},"_links":{"self":[{"href":"https:\/\/www.europesays.com\/fr\/wp-json\/wp\/v2\/posts\/431465","targetHints":{"allow":["GET"]}}],"collection":[{"href":"https:\/\/www.europesays.com\/fr\/wp-json\/wp\/v2\/posts"}],"about":[{"href":"https:\/\/www.europesays.com\/fr\/wp-json\/wp\/v2\/types\/post"}],"author":[{"embeddable":true,"href":"https:\/\/www.europesays.com\/fr\/wp-json\/wp\/v2\/users\/2"}],"replies":[{"embeddable":true,"href":"https:\/\/www.europesays.com\/fr\/wp-json\/wp\/v2\/comments?post=431465"}],"version-history":[{"count":0,"href":"https:\/\/www.europesays.com\/fr\/wp-json\/wp\/v2\/posts\/431465\/revisions"}],"wp:featuredmedia":[{"embeddable":true,"href":"https:\/\/www.europesays.com\/fr\/wp-json\/wp\/v2\/media\/431466"}],"wp:attachment":[{"href":"https:\/\/www.europesays.com\/fr\/wp-json\/wp\/v2\/media?parent=431465"}],"wp:term":[{"taxonomy":"category","embeddable":true,"href":"https:\/\/www.europesays.com\/fr\/wp-json\/wp\/v2\/categories?post=431465"},{"taxonomy":"post_tag","embeddable":true,"href":"https:\/\/www.europesays.com\/fr\/wp-json\/wp\/v2\/tags?post=431465"}],"curies":[{"name":"wp","href":"https:\/\/api.w.org\/{rel}","templated":true}]}}