{"id":431467,"date":"2025-10-01T15:59:15","date_gmt":"2025-10-01T15:59:15","guid":{"rendered":"https:\/\/www.europesays.com\/fr\/431467\/"},"modified":"2025-10-01T15:59:15","modified_gmt":"2025-10-01T15:59:15","slug":"lincroyable-concours-de-photos-de-lete-autour-du-clocher-de-collioure-va-donner-lieu-a-une-exposition-visible-jusqua-paris","status":"publish","type":"post","link":"https:\/\/www.europesays.com\/fr\/431467\/","title":{"rendered":"L\u2019incroyable concours de photos de l\u2019\u00e9t\u00e9 autour du clocher de Collioure va donner lieu \u00e0 une exposition visible jusqu\u2019\u00e0 Paris"},"content":{"rendered":"<p class=\"paragraph text_align_left lp-f-body-02\"><a href=\"https:\/\/www.leparisien.fr\/pyrenees-orientales-66\/le-decor-est-parfait-le-clocher-de-collioure-est-au-centre-dun-concours-photo-08-07-2025-UR4XDYM5QVDBTOJ3R6YEZJUOHY.php\" target=\"_self\" rel=\"noopener\">Le concours de photos<\/a> lanc\u00e9 pour c\u00e9l\u00e9brer la mise en place, voici trente ans, de \u00ab cadres de visibilit\u00e9 \u00bb autour du port et du fameux clocher de <a href=\"https:\/\/www.leparisien.fr\/societe\/et-le-village-prefere-des-francais-est-collioure-12-07-2024-GDZWPUUN5JCQPKLKIGO672TOVU.php \" target=\"_self\" rel=\"noopener\">Collioure<\/a>, a connu cet \u00e9t\u00e9 un succ\u00e8s extravagant. On n\u2019en attendait pas moins de la fameuse station baln\u00e9aire des Pyr\u00e9n\u00e9es-Orientales, cit\u00e9 des peintres et du fauvisme, d\u00e9sign\u00e9e <a href=\"https:\/\/www.leparisien.fr\/pyrenees-orientales-66\/collioure-la-miss-france-des-villages-fait-le-plein-cet-ete-et-espere-une-belle-arriere-saison-grace-a-son-titre-30-07-2024-S4VCW2S5LJAWRMXWTGSRSGRERQ.php\" target=\"_self\" rel=\"noopener\">\u00ab Village pr\u00e9f\u00e9r\u00e9 des Fran\u00e7ais \u00bb en 2024<\/a>. Marc-Andr\u00e9 De Figu\u00e8res (dit MA2F), l\u2019artiste plasticien, \u00e0 l\u2019origine de ce qui \u00e9tait \u00e0 l\u2019\u00e9poque une installation iconoclaste, a re\u00e7u plusieurs centaines de photos, la plupart du temps de touristes qui se sont piqu\u00e9s au jeu. Mais aussi de visiteurs venus de loin, de Su\u00e8de, de Norv\u00e8ge ou encore de Pologne !<\/p>\n<p class=\"paragraph text_align_left lp-f-body-02\">\u00ab Ce qui est marrant, au d\u00e9part, c\u2019est que ces cadres en laiton n\u2019\u00e9taient pas faits pour r\u00e9aliser des photos. C\u2019\u00e9tait juste une aide pour mieux regarder notre clocher et le paysage \u00e0 partir de douze points de vue remarquables. Mais, avec le temps, et les usages, il a bien fallu comprendre que nos visiteurs s\u2019en servaient pour immortaliser leur passage \u00bb, reconna\u00eet MA2F qui a lui-m\u00eame dirig\u00e9 le concours.<\/p>\n<p>Quarante tr\u00e8s belles vues s\u00e9lectionn\u00e9es<\/p>\n<p class=\"paragraph text_align_left lp-f-body-02\">Les nombreuses contributions ont permis de s\u00e9lectionner quarante belles vues pour en faire une bien belle exposition. Et, surtout, quatre photos, les meilleurs on s\u2019en doute, ont \u00e9t\u00e9 r\u00e9compens\u00e9es. Dont une image magnifique du port et du clocher sur fond de ciel ocre-noir avec les panaches de fum\u00e9e du <a href=\"https:\/\/www.leparisien.fr\/aude-11\/un-mois-apres-le-passage-du-feu-ravageur-dans-les-corbieres-on-essaie-daller-mieux-05-09-2025-J34OMHAONRDCDFOV2AK2JPIZKU.php\" target=\"_self\" rel=\"noopener\">m\u00e9gafeu des Corbi\u00e8res<\/a> pouss\u00e9s par le vent violent en plein mois d\u2019ao\u00fbt, jusque sur la c\u00f4te catalane, cr\u00e9ant ainsi une ambiance si particuli\u00e8re.<\/p>\n<p><img decoding=\"async\" class=\"image \" loading=\"lazy\" src=\"https:\/\/www.europesays.com\/fr\/wp-content\/uploads\/2025\/10\/FGS6BYTY7JAZNG5MUXR3GPY5RM.jpg\" alt=\"La photo qui a obtenu le 2e prix : le clocher de Collioure perdu dans un inqui\u00e9tant ciel de cendres et de fum\u00e9es le jour du m\u00e9ga feu de l'\u00e9t\u00e9 dans les Corbi\u00e8res.  DR\" align=\"\" data-rubrique-principale=\"\" data-article-type=\"\" fetchpriority=\"auto\"\/>La photo qui a obtenu le 2e prix : le clocher de Collioure perdu dans un inqui\u00e9tant ciel de cendres et de fum\u00e9es le jour du m\u00e9ga feu de l&rsquo;\u00e9t\u00e9 dans les Corbi\u00e8res.  DR<\/p>\n<p class=\"paragraph text_align_left lp-f-body-02\">Apr\u00e8s une premi\u00e8re exhibition sur place, les quarante photos vont voyager jusqu\u2019\u00e0 Paris, pour \u00eatre accroch\u00e9es, prochainement, au si\u00e8ge de la Chambre nationale des propri\u00e9taires (72, rue de Longchamp, Paris XVIe), pr\u00e8s du Trocad\u00e9ro. L\u2019organisme dirig\u00e9 par Jean Pinsolle et Christophe Lamarque est devenu m\u00e9c\u00e8ne de la manifestation.<\/p>\n<p><img decoding=\"async\" class=\"image \" loading=\"lazy\" src=\"https:\/\/www.europesays.com\/fr\/wp-content\/uploads\/2025\/10\/WYGEDPWM5FGITON5BO4SG5N6DE.jpg\" alt=\"Le 3e prix du concours est revenu \u00e0 ce clich\u00e9 un peu surr\u00e9aliste qui transforme un cadre id\u00e9al en table pour un d\u00e9jeuner au bord de la grande bleue. DR\" align=\"\" data-rubrique-principale=\"\" data-article-type=\"\" fetchpriority=\"auto\"\/>Le 3e prix du concours est revenu \u00e0 ce clich\u00e9 un peu surr\u00e9aliste qui transforme un cadre id\u00e9al en table pour un d\u00e9jeuner au bord de la grande bleue. DR<\/p>\n<p class=\"paragraph text_align_left lp-f-body-02\">Apr\u00e8s trois mois d\u2019exposition, les photos reviendront en Roussillon, au Palais royal de Collioure, gr\u00e2ce au conseil d\u00e9partemental des Pyr\u00e9n\u00e9es-Orientales, puis \u00e0 la Maison de la catalanit\u00e9 de Perpignan et, enfin, en 2027, dans une galerie de Port-Vendres. Soit une exceptionnelle (et \u00e0 peu de frais) mise en avant de Collioure. Et encore ne parle-t-on pas des millions de photos exp\u00e9di\u00e9es sur les r\u00e9seaux sociaux du monde entier. Jusqu\u2019\u00e0 4 000 par cadre de vis\u00e9e chaque jour. On comprend d\u00e8s lors l\u2019enthousiasme du maire, Guy Llobet, et la volont\u00e9 de p\u00e9renniser une telle initiative, en l\u2019organisant tous les deux ans. Une sorte de biennale pour le clocher de Notre-Dame-des-Anges, qui le m\u00e9rite bien.<\/p>\n","protected":false},"excerpt":{"rendered":"Le concours de photos lanc\u00e9 pour c\u00e9l\u00e9brer la mise en place, voici trente ans, de \u00ab cadres de&hellip;\n","protected":false},"author":2,"featured_media":431468,"comment_status":"","ping_status":"","sticky":false,"template":"","format":"standard","meta":{"footnotes":""},"categories":[1358],"tags":[917,1348,1384,1385,459,1386,58,59,1011,27,6600],"class_list":{"0":"post-431467","1":"post","2":"type-post","3":"status-publish","4":"format-standard","5":"has-post-thumbnail","7":"category-arts-et-design","8":"tag-actu-locale","9":"tag-arts","10":"tag-arts-and-design","11":"tag-arts-et-design","12":"tag-departements-horsidfo","13":"tag-design","14":"tag-divertissement","15":"tag-entertainment","16":"tag-fr","17":"tag-france","18":"tag-pyrenees-orientales-66"},"share_on_mastodon":{"url":"https:\/\/pubeurope.com\/@fr\/115299744573754831","error":""},"_links":{"self":[{"href":"https:\/\/www.europesays.com\/fr\/wp-json\/wp\/v2\/posts\/431467","targetHints":{"allow":["GET"]}}],"collection":[{"href":"https:\/\/www.europesays.com\/fr\/wp-json\/wp\/v2\/posts"}],"about":[{"href":"https:\/\/www.europesays.com\/fr\/wp-json\/wp\/v2\/types\/post"}],"author":[{"embeddable":true,"href":"https:\/\/www.europesays.com\/fr\/wp-json\/wp\/v2\/users\/2"}],"replies":[{"embeddable":true,"href":"https:\/\/www.europesays.com\/fr\/wp-json\/wp\/v2\/comments?post=431467"}],"version-history":[{"count":0,"href":"https:\/\/www.europesays.com\/fr\/wp-json\/wp\/v2\/posts\/431467\/revisions"}],"wp:featuredmedia":[{"embeddable":true,"href":"https:\/\/www.europesays.com\/fr\/wp-json\/wp\/v2\/media\/431468"}],"wp:attachment":[{"href":"https:\/\/www.europesays.com\/fr\/wp-json\/wp\/v2\/media?parent=431467"}],"wp:term":[{"taxonomy":"category","embeddable":true,"href":"https:\/\/www.europesays.com\/fr\/wp-json\/wp\/v2\/categories?post=431467"},{"taxonomy":"post_tag","embeddable":true,"href":"https:\/\/www.europesays.com\/fr\/wp-json\/wp\/v2\/tags?post=431467"}],"curies":[{"name":"wp","href":"https:\/\/api.w.org\/{rel}","templated":true}]}}