{"id":431469,"date":"2025-10-01T16:00:25","date_gmt":"2025-10-01T16:00:25","guid":{"rendered":"https:\/\/www.europesays.com\/fr\/431469\/"},"modified":"2025-10-01T16:00:25","modified_gmt":"2025-10-01T16:00:25","slug":"le-2e-livre-de-bardella-ce-que-veulent-les-francais-sortira-le-29-octobre","status":"publish","type":"post","link":"https:\/\/www.europesays.com\/fr\/431469\/","title":{"rendered":"Le 2e livre de Bardella, \u00ab\u00a0ce que veulent les Fran\u00e7ais\u00a0\u00bb, sortira le 29 octobre"},"content":{"rendered":"<p class=\"fs-5 \">\u00ab\u00a0La maison Fayard, une des grandes maisons d\u2019\u00e9dition du groupe Hachette Livre, se r\u00e9jouit d\u2019annoncer la sortie du second livre de Jordan Bardella \u2019Ce que veulent les Fran\u00e7ais\u2019\u00a0\u00bb, a-t-elle indiqu\u00e9 dans un communiqu\u00e9.<\/p>\n<p class=\"fs-5 \">Le d\u00e9put\u00e9 europ\u00e9en avait publi\u00e9 \u00e0 l\u2019automne 2024 son premier livre, \u00ab\u00a0Ce que je cherche\u00a0\u00bb.<\/p>\n<p class=\"fs-5 \">Son nouveau livre para\u00eetra une semaine apr\u00e8s celui, le 22 octobre, d\u2019Eric Zemmour, le pr\u00e9sident du parti d\u2019extr\u00eame droite Reconqu\u00eate, intitul\u00e9 \u00ab\u00a0La messe n\u2019est pas dite\u00a0\u00bb, \u00e9galement chez Fayard.<\/p>\n<p class=\"fs-5 \">Fayard est une filiale de Hachette Livre, num\u00e9ro un fran\u00e7ais de l\u2019\u00e9dition, qui est pass\u00e9 fin 2023 sous le contr\u00f4le du milliardaire ultraconservateur Vincent Bollor\u00e9.<\/p>\n<p class=\"fs-5 \">La maison d\u2019\u00e9dition publie \u00e9galement cette semaine le nouveau livre de Philippe de Villiers, \u00ab\u00a0Populicide\u00a0\u00bb, qui fait suite \u00e0 \u00ab\u00a0M\u00e9moricide\u00a0\u00bb sorti en 2024.<\/p>\n<p class=\"fs-5 \">\u00ab\u00a0Il est temps, aujourd\u2019hui, pour moi, de tout dire, sans retenue mondaine, sans m\u00e9nager quiconque\u00a0\u00bb, indique Philippe de Villiers sur la jaquette de son ouvrage de 380 pages, qu\u2019il pr\u00e9sente comme un \u00ab\u00a0livre-testament\u00a0\u00bb.<\/p>\n<p class=\"fs-5 \">Le 29 octobre, Fayard sortira \u00e9galement le prochain livre de S\u00e9gol\u00e8ne Royal, l\u2019ancienne candidate PS \u00e0 la pr\u00e9sidentielle, intitul\u00e9 \u00ab\u00a0Mais qui va garder les enfants\u00a0?\u00a0\u00bb.<\/p>\n","protected":false},"excerpt":{"rendered":"\u00ab\u00a0La maison Fayard, une des grandes maisons d\u2019\u00e9dition du groupe Hachette Livre, se r\u00e9jouit d\u2019annoncer la sortie du&hellip;\n","protected":false},"author":2,"featured_media":431470,"comment_status":"","ping_status":"","sticky":false,"template":"","format":"standard","meta":{"footnotes":""},"categories":[1357],"tags":[1379,58,59,1011,27,1380],"class_list":{"0":"post-431469","1":"post","2":"type-post","3":"status-publish","4":"format-standard","5":"has-post-thumbnail","7":"category-livres","8":"tag-books","9":"tag-divertissement","10":"tag-entertainment","11":"tag-fr","12":"tag-france","13":"tag-livres"},"share_on_mastodon":{"url":"https:\/\/pubeurope.com\/@fr\/115299747436903905","error":""},"_links":{"self":[{"href":"https:\/\/www.europesays.com\/fr\/wp-json\/wp\/v2\/posts\/431469","targetHints":{"allow":["GET"]}}],"collection":[{"href":"https:\/\/www.europesays.com\/fr\/wp-json\/wp\/v2\/posts"}],"about":[{"href":"https:\/\/www.europesays.com\/fr\/wp-json\/wp\/v2\/types\/post"}],"author":[{"embeddable":true,"href":"https:\/\/www.europesays.com\/fr\/wp-json\/wp\/v2\/users\/2"}],"replies":[{"embeddable":true,"href":"https:\/\/www.europesays.com\/fr\/wp-json\/wp\/v2\/comments?post=431469"}],"version-history":[{"count":0,"href":"https:\/\/www.europesays.com\/fr\/wp-json\/wp\/v2\/posts\/431469\/revisions"}],"wp:featuredmedia":[{"embeddable":true,"href":"https:\/\/www.europesays.com\/fr\/wp-json\/wp\/v2\/media\/431470"}],"wp:attachment":[{"href":"https:\/\/www.europesays.com\/fr\/wp-json\/wp\/v2\/media?parent=431469"}],"wp:term":[{"taxonomy":"category","embeddable":true,"href":"https:\/\/www.europesays.com\/fr\/wp-json\/wp\/v2\/categories?post=431469"},{"taxonomy":"post_tag","embeddable":true,"href":"https:\/\/www.europesays.com\/fr\/wp-json\/wp\/v2\/tags?post=431469"}],"curies":[{"name":"wp","href":"https:\/\/api.w.org\/{rel}","templated":true}]}}