{"id":431471,"date":"2025-10-01T16:01:20","date_gmt":"2025-10-01T16:01:20","guid":{"rendered":"https:\/\/www.europesays.com\/fr\/431471\/"},"modified":"2025-10-01T16:01:20","modified_gmt":"2025-10-01T16:01:20","slug":"edouard-philippe-embourbe-face-a-jean-jacques-bourdin-il-retabl","status":"publish","type":"post","link":"https:\/\/www.europesays.com\/fr\/431471\/","title":{"rendered":"\u00c9douard Philippe embourb\u00e9 face \u00e0 Jean-Jacques Bourdin : il r\u00e9tabl &#8230;"},"content":{"rendered":"<p>EN BREF<\/p>\n<ul class=\"bloc_resume_post_list\">\n<li>En 2017, \u00c9douard Philippe, alors Premier ministre, a v\u00e9cu<br \/>\nune interview difficile avec Jean-Jacques Bourdin sur<br \/>\nBFMTV.<\/li>\n<li>L\u00a0\u00bbinterview s&rsquo;est mal d\u00e9roul\u00e9e, \u00c9douard Philippe \u00e9tant<br \/>\nbombard\u00e9 de questions techniques auxquelles il n&rsquo;avait pas toutes<br \/>\nles r\u00e9ponses.<\/li>\n<li>Des ann\u00e9es plus tard, il r\u00e9v\u00e8le que des circonstances<br \/>\npersonnelles ont influenc\u00e9 sa performance ce jour-l\u00e0, sans pour<br \/>\nautant excuser son manque de pr\u00e9paration.<\/li>\n<\/ul>\n<p>Des ann\u00e9es apr\u00e8s, il a d\u00e9cid\u00e9 de r\u00e9tablir la v\u00e9rit\u00e9. Invit\u00e9 dans<br \/>\nl&rsquo;\u00e9mission Legend, de <a href=\"https:\/\/www.telestar.fr\/people\/premieres-vacances-pour-guillaume-pley-et-son-fils-apres-son-terrible-home-jacking-642165\" target=\"_blank\" rel=\"noopener\"><br \/>\nGuillaume Pley<\/a>, Edouard Philippe est revenu sur un<br \/>\n<strong>interview catastrophique<\/strong> avec <a href=\"https:\/\/www.telestar.fr\/actu_tv\/pas-paye-la-grosse-somme-dargent-jean-jacques-bourdin-a-encore-beaucoup-de-griefs-sur-bfmtv-1737393\" target=\"_blank\" rel=\"noopener\"><br \/>\nJean-Jacques Bourdin<\/a>. C&rsquo;\u00e9tait en 2017, alors qu&rsquo;il venait<br \/>\nd&rsquo;\u00eatre \u00e9lu premier Ministre. Il \u00e9tait invit\u00e9 dans la feu matinale<br \/>\ndu journaliste sur <a href=\"https:\/\/www.telestar.fr\/actu_tv\/bfmtv-le-debat-degenere-gravement-entre-alain-duhamel-et-son-interlocutrice-on-fera-appel-a-la-var-1738759\" target=\"_blank\" rel=\"noopener\"><br \/>\nBFMTV<\/a>. \u00ab\u00a0C&rsquo;\u00e9tait une grosse interview, \u00e7a devait durer une<br \/>\nheure, c&rsquo;\u00e9tait un matin, accessoirement j&rsquo;aime pas trop les<br \/>\nmatinales moi, j&rsquo;aime pas parler le matin'\u00a0\u00bb, a-t-il<br \/>\nexpliqu\u00e9.<\/p>\n<p>Bien oblig\u00e9 de se soumettre \u00e0 ce cr\u00e9neau, <a href=\"https:\/\/www.telestar.fr\/actu_tv\/mal-pensee-mal-preparee-edouard-philippe-tire-a-boulets-rouges-sur-emmanuel-macron-face-a-gilles-bouleau-1681452\" target=\"_blank\" rel=\"noopener\"><br \/>\n\u00c9douard Philippe<\/a> s&rsquo;est pr\u00eat\u00e9 \u00e0 l&rsquo;exercice. Un exercice qui<br \/>\ns&rsquo;est <strong>d\u00e9finitivement mal pass\u00e9.<\/strong> \u00ab\u00a0Pendant une<br \/>\nheure, il me bombarde de questions, mais de questions de plus en<br \/>\nplus techniques. (&#8230;) Et moi je n&rsquo;ai pas en t\u00eate tous les \u00e9l\u00e9ments<br \/>\ntechniques d&rsquo;un dossier. Normalement je les ai, mais <strong>l\u00e0 je<br \/>\nne les ai pas<\/strong>. Donc je dis &lsquo;je sais pas'\u00a0\u00bb. Grossi\u00e8re<br \/>\nerreur, face \u00e0 un journaliste aussi pugnace que l&rsquo;\u00e9poux d&rsquo;Anne<br \/>\nNivat !<\/p>\n<p>Edouard Philippe : \u00ab\u00a0Il se trouve que la<br \/>\nveille&#8230;\u00a0\u00bb<\/p>\n<p><img decoding=\"async\" src=\"https:\/\/www.europesays.com\/fr\/wp-content\/uploads\/2025\/10\/hqdefault.jpg\" width=\"100%\" height=\"auto\"\/><\/p>\n<p>Cette interview cata s&rsquo;est conclue par une semi humiliation du<br \/>\n<a href=\"https:\/\/www.telestar.fr\/culture\/sebastien-lecornu-premier-ministre-quel-est-son-salaire-1737637\" target=\"_blank\" rel=\"noopener\"><br \/>\njeune Premier ministre<\/a>, qui a certes reconnu qu&rsquo;il ne savait<br \/>\npas <strong>alors que \u00ab\u00a0c&rsquo;est rare\u00a0\u00bb<\/strong>, selon lui, mais qui<br \/>\nest pass\u00e9 pour un <strong>incomp\u00e9tent<\/strong>. Des ann\u00e9es plus<br \/>\ntard, il a racont\u00e9 les coulisses de ce moment d&rsquo;\u00e9chec.<\/p>\n<p>Comme il l&rsquo;a confi\u00e9, des circonstances personnelles de la vie ne<br \/>\nlui avait <strong>pas permis d&rsquo;\u00eatre aussi performant<\/strong> qu&rsquo;il<br \/>\naurait d\u00fb. Et pour cause :\u00a0\u00ab\u00a0Je savais pas parce que je<br \/>\nn&rsquo;avais pas assez travaill\u00e9. Parce qu&rsquo;il se trouve que la veille,<br \/>\non m&rsquo;avait expliqu\u00e9 que ma fille, qui \u00e9tait encore en vacances, qui<br \/>\nn&rsquo;\u00e9tait pas encore \u00e0 Paris, avait <strong>une pneumonie<\/strong> et<br \/>\nvenait d&rsquo;\u00eatre hospitalis\u00e9e.\u00a0\u00bb<\/p>\n<p>\u00ab\u00a0Je n&rsquo;avais pas pass\u00e9 une bonne<br \/>\nsoir\u00e9e\u00a0\u00bb<\/p>\n<p>Ainsi, l&rsquo;ex disciple d&rsquo;<a href=\"https:\/\/www.telestar.fr\/people\/le-cl-a-lair-cyril-hanouna-donne-des-details-tres-persos-sur-ses-appels-avec-emmanuel-macron-1739900\" target=\"_blank\" rel=\"noopener\">Emmanuel<br \/>\nMacron<\/a> n&rsquo;avait <strong>\u00ab\u00a0pas pass\u00e9 une bonne soir\u00e9e\u00a0\u00bb.<\/strong><br \/>\nAu point de se demander, d&rsquo;ailleurs, jusqu&rsquo;\u00e0 la derni\u00e8re minute,<br \/>\ns&rsquo;il allait ou non se rendre \u00e0 la matinale.<\/p>\n<p>(\u00e0 moiti\u00e9) Fairplay, Edouard Philippe a conclu en disant que, de<br \/>\ntoutes mani\u00e8res, <strong>probl\u00e8me de famille ou pas<\/strong>, il<br \/>\nn&rsquo;avait pas d&rsquo;excuses. Pour une raison simple. <strong>\u00ab\u00a0La<br \/>\nfonction, c&rsquo;est la fonction\u00a0\u00bb.<\/strong> Or, cette fonction<br \/>\nexige force, pr\u00e9sence et discipline \u00e0 tout moment. \u00ab\u00a0Ya des gens<br \/>\nqui savent tr\u00e8s bien faire \u00e7a, mais moi, j&rsquo;ai mis un petit peu de<br \/>\ntemps \u00e0 l&rsquo;apprendre\u00a0\u00bb, a-t-il conclu, faussement modeste.<\/p>\n","protected":false},"excerpt":{"rendered":"EN BREF En 2017, \u00c9douard Philippe, alors Premier ministre, a v\u00e9cu une interview difficile avec Jean-Jacques Bourdin sur&hellip;\n","protected":false},"author":2,"featured_media":431472,"comment_status":"","ping_status":"","sticky":false,"template":"","format":"standard","meta":{"footnotes":""},"categories":[1356],"tags":[548,58,3080,59,1011,27,252,1364,729],"class_list":{"0":"post-431471","1":"post","2":"type-post","3":"status-publish","4":"format-standard","5":"has-post-thumbnail","7":"category-television","8":"tag-article-simple","9":"tag-divertissement","10":"tag-edouard-philippe","11":"tag-entertainment","12":"tag-fr","13":"tag-france","14":"tag-television","15":"tag-tv","16":"tag-yout_video"},"share_on_mastodon":{"url":"https:\/\/pubeurope.com\/@fr\/115299752301442009","error":""},"_links":{"self":[{"href":"https:\/\/www.europesays.com\/fr\/wp-json\/wp\/v2\/posts\/431471","targetHints":{"allow":["GET"]}}],"collection":[{"href":"https:\/\/www.europesays.com\/fr\/wp-json\/wp\/v2\/posts"}],"about":[{"href":"https:\/\/www.europesays.com\/fr\/wp-json\/wp\/v2\/types\/post"}],"author":[{"embeddable":true,"href":"https:\/\/www.europesays.com\/fr\/wp-json\/wp\/v2\/users\/2"}],"replies":[{"embeddable":true,"href":"https:\/\/www.europesays.com\/fr\/wp-json\/wp\/v2\/comments?post=431471"}],"version-history":[{"count":0,"href":"https:\/\/www.europesays.com\/fr\/wp-json\/wp\/v2\/posts\/431471\/revisions"}],"wp:featuredmedia":[{"embeddable":true,"href":"https:\/\/www.europesays.com\/fr\/wp-json\/wp\/v2\/media\/431472"}],"wp:attachment":[{"href":"https:\/\/www.europesays.com\/fr\/wp-json\/wp\/v2\/media?parent=431471"}],"wp:term":[{"taxonomy":"category","embeddable":true,"href":"https:\/\/www.europesays.com\/fr\/wp-json\/wp\/v2\/categories?post=431471"},{"taxonomy":"post_tag","embeddable":true,"href":"https:\/\/www.europesays.com\/fr\/wp-json\/wp\/v2\/tags?post=431471"}],"curies":[{"name":"wp","href":"https:\/\/api.w.org\/{rel}","templated":true}]}}