{"id":431481,"date":"2025-10-01T16:06:11","date_gmt":"2025-10-01T16:06:11","guid":{"rendered":"https:\/\/www.europesays.com\/fr\/431481\/"},"modified":"2025-10-01T16:06:11","modified_gmt":"2025-10-01T16:06:11","slug":"il-avait-appele-claire-chazal-lourdement-courtisee-par-yves-montand-ses-revelations","status":"publish","type":"post","link":"https:\/\/www.europesays.com\/fr\/431481\/","title":{"rendered":"\u201cIl avait appel\u00e9\u201d : Claire Chazal lourdement courtis\u00e9e par Yves Montand, ses r\u00e9v\u00e9lations"},"content":{"rendered":"<p data-start=\"137\" data-end=\"504\">En vingt-quatre ann\u00e9es pass\u00e9es<br \/>\nderri\u00e8re le micro de TF1, Claire Chazal a couvert de nombreux<br \/>\n<strong>\u00e9v\u00e9nements marquants<\/strong> en tant que pr\u00e9sentatrice du<br \/>\njournal t\u00e9l\u00e9vis\u00e9. Parmi eux figure le d\u00e9c\u00e8s d\u2019<a href=\"https:\/\/www.closermag.fr\/people\/yves-montand-pourquoi-ses-proches-l-appelaient-montand-1419117\" target=\"_blank\" rel=\"noopener\">Yves<br \/>\nMontand<\/a>, survenu il y a 34 ans, le 9 novembre 1991, \u00e0 l\u2019\u00e2ge de<br \/>\n70 ans, des suites d\u2019un infarctus. Ce jour-l\u00e0, la journaliste avait<br \/>\nconsacr\u00e9 l\u2019int\u00e9gralit\u00e9 du JT \u00e0 l\u2019acteur.<\/p>\n<p data-start=\"506\" data-end=\"973\" data-is-last-node=\"\" data-is-only-node=\"\">Comme le rapporte T\u00e9l\u00e9-Loisirs, ce lundi 29 septembre, invit\u00e9e de<br \/>\nl\u2019\u00e9mission On a du nouveau<br \/>\nsur Novo19, l\u2019ancienne compagne de <a href=\"https:\/\/www.closermag.fr\/people\/patrick-poivre-darvor-en-cabriolet-avec-claire-chazal-ces-indiscretions-venues-de-son-lieu-de-retraite-cache-3581449\" target=\"_blank\" rel=\"noopener\"><br \/>\nPatrick Poivre d\u2019Arvor<\/a> est revenue sur celui qui \u00e9tait aussi<br \/>\nchanteur. Alors que le film Moi<br \/>\nqui t\u2019aimais, retra\u00e7ant l\u2019histoire d\u2019amour d\u2019Yves Montand avec<br \/>\n<a href=\"https:\/\/www.closermag.fr\/people\/simone-signoret-de-quoi-est-morte-l-actrice-1456359\" target=\"_blank\" rel=\"noopener\"><br \/>\nSimone Signoret<\/a>, sort en salles ce mercredi 1er octobre, Claire<br \/>\nChazal en a profit\u00e9 pour partager une anecdote : <strong>l\u2019acteur<br \/>\nl\u2019aurait dragu\u00e9e<\/strong> peu de temps apr\u00e8s ses d\u00e9buts sur<br \/>\nTF1.<\/p>\n<p>Ce JT sp\u00e9cial o\u00f9 elle a annonc\u00e9<br \/>\nla mort de l&rsquo;artiste<\/p>\n<p data-start=\"143\" data-end=\"494\"><a href=\"https:\/\/www.closermag.fr\/people\/je-lutte-contre-claire-chazal-pas-a-laise-avec-les-annees-qui-passent-mais-cest-vain-3528471\" target=\"_blank\" rel=\"noopener\"><br \/>\nClaire Chazal<\/a> a accept\u00e9 de se replonger dans ses propres<br \/>\nsouvenirs li\u00e9s \u00e0 l\u2019artiste. Le lien qu\u2019elle entretient avec le<br \/>\ncom\u00e9dien et chanteur d\u00e9passe d\u2019ailleurs une simple anecdote<br \/>\npersonnelle. C\u2019est en effet elle qui avait eu la lourde t\u00e2che<br \/>\nd\u2019annoncer en direct la <strong>disparition de l\u2019acteur<\/strong>,<br \/>\nsurvenue alors qu\u2019il avait 70 ans, il y a maintenant 34 ans.<\/p>\n<p data-start=\"143\" data-end=\"494\">Une s\u00e9quence qu\u2019elle n\u2019a jamais<br \/>\neffac\u00e9e de sa m\u00e9moire : \u00ab\u00a0On<br \/>\navait fait un journal entier ! Je venais d&rsquo;arriver, le 16 ao\u00fbt<br \/>\n1991\u00a0\u00bb, confie-t-elle. Revenant sur l\u2019immense hommage<br \/>\nm\u00e9diatique rendu \u00e0 l\u2019\u00e9poque, elle explique : \u00ab\u00a0Quand il est mort, il a fallu c\u00e9l\u00e9brer<br \/>\n<strong>l&rsquo;homme engag\u00e9, l&rsquo;homme amoureux<\/strong>, le chanteur et<br \/>\nacteur, il avait \u00e9norm\u00e9ment de cordes \u00e0 son arc. On a d\u00e9clin\u00e9 tous<br \/>\nces aspects-l\u00e0, il n&rsquo;y avait peut-\u00eatre pas d&rsquo;autres choses dans<br \/>\nl&rsquo;actualit\u00e9 ce jour-l\u00e0.\u00a0\u00bb<\/p>\n<p>Claire Chazal balance sur Yves<br \/>\nMontand<\/p>\n<p>Peu apr\u00e8s avoir pris les r\u00eanes du JT de TF1, Claire Chazal avait<br \/>\nattir\u00e9 l\u2019attention d\u2019Yves Montand, qui semblait avoir eu un coup de<br \/>\nc\u0153ur pour elle \u00e0 travers l\u2019\u00e9cran : \u00ab\u00a0Deux mois avant <strong>il<br \/>\navait appel\u00e9 en r\u00e9gie<\/strong>, ce qui est quand m\u00eame tr\u00e8s rare. Et<br \/>\nil avait dit <strong>&lsquo;Mais qui c&rsquo;est cette petite&rsquo;<\/strong>,<br \/>\npuisque j&rsquo;arrivais et comme il <strong>draguait<\/strong> absolument<br \/>\ntout le monde, il avait fait une esp\u00e8ce de premier pas\u00a0\u00bb.<\/p>\n<p>\u00ab\u00a0Nous, \u00e7a nous \u00e9tait quand m\u00eame pass\u00e9 au-dessus mais<br \/>\n<strong>\u00e7a nous avait fait rire<\/strong> aussi\u00a0\u00bb, se rem\u00e9more<br \/>\nla maman de <a href=\"https:\/\/www.closermag.fr\/people\/son-pere-aussi-d-ailleurs-les-rares-confidences-de-claire-chazal-sur-son-fils-avec-patrick-poivre-d-arvor-1602075\" target=\"_blank\" rel=\"noopener\"><br \/>\nFran\u00e7ois<\/a>, en pr\u00e9cisant : \u00ab\u00a0Quelqu&rsquo;un avait d\u00fb lui donner mon<br \/>\nnum\u00e9ro de t\u00e9l\u00e9phone, enfin je ne sais pas&#8230; D&rsquo;ailleurs, <strong>je<br \/>\nne l&rsquo;ai jamais vu et jamais rencontr\u00e9<\/strong>\u00ab\u00a0.<\/p>\n","protected":false},"excerpt":{"rendered":"En vingt-quatre ann\u00e9es pass\u00e9es derri\u00e8re le micro de TF1, Claire Chazal a couvert de nombreux \u00e9v\u00e9nements marquants en&hellip;\n","protected":false},"author":2,"featured_media":431482,"comment_status":"","ping_status":"","sticky":false,"template":"","format":"standard","meta":{"footnotes":""},"categories":[8],"tags":[15123,58,59,1011,27],"class_list":{"0":"post-431481","1":"post","2":"type-post","3":"status-publish","4":"format-standard","5":"has-post-thumbnail","7":"category-divertissement","8":"tag-claire-chazal","9":"tag-divertissement","10":"tag-entertainment","11":"tag-fr","12":"tag-france"},"share_on_mastodon":{"url":"https:\/\/pubeurope.com\/@fr\/115299771017079461","error":""},"_links":{"self":[{"href":"https:\/\/www.europesays.com\/fr\/wp-json\/wp\/v2\/posts\/431481","targetHints":{"allow":["GET"]}}],"collection":[{"href":"https:\/\/www.europesays.com\/fr\/wp-json\/wp\/v2\/posts"}],"about":[{"href":"https:\/\/www.europesays.com\/fr\/wp-json\/wp\/v2\/types\/post"}],"author":[{"embeddable":true,"href":"https:\/\/www.europesays.com\/fr\/wp-json\/wp\/v2\/users\/2"}],"replies":[{"embeddable":true,"href":"https:\/\/www.europesays.com\/fr\/wp-json\/wp\/v2\/comments?post=431481"}],"version-history":[{"count":0,"href":"https:\/\/www.europesays.com\/fr\/wp-json\/wp\/v2\/posts\/431481\/revisions"}],"wp:featuredmedia":[{"embeddable":true,"href":"https:\/\/www.europesays.com\/fr\/wp-json\/wp\/v2\/media\/431482"}],"wp:attachment":[{"href":"https:\/\/www.europesays.com\/fr\/wp-json\/wp\/v2\/media?parent=431481"}],"wp:term":[{"taxonomy":"category","embeddable":true,"href":"https:\/\/www.europesays.com\/fr\/wp-json\/wp\/v2\/categories?post=431481"},{"taxonomy":"post_tag","embeddable":true,"href":"https:\/\/www.europesays.com\/fr\/wp-json\/wp\/v2\/tags?post=431481"}],"curies":[{"name":"wp","href":"https:\/\/api.w.org\/{rel}","templated":true}]}}