{"id":431485,"date":"2025-10-01T16:08:12","date_gmt":"2025-10-01T16:08:12","guid":{"rendered":"https:\/\/www.europesays.com\/fr\/431485\/"},"modified":"2025-10-01T16:08:12","modified_gmt":"2025-10-01T16:08:12","slug":"voici-une-selection-des-meilleures-bouteilles","status":"publish","type":"post","link":"https:\/\/www.europesays.com\/fr\/431485\/","title":{"rendered":"voici une s\u00e9lection des meilleures bouteilles"},"content":{"rendered":"<p>La <strong>Foire aux vins 2025 chez E.Leclerc<\/strong> s\u2019annonce d\u00e9j\u00e0 comme l\u2019\u00e9v\u00e9nement \u00e0 ne pas manquer pour tous les amateurs de <strong>belles bouteilles<\/strong> et de <strong>d\u00e9couvertes \u0153nologiques<\/strong>. Du 30 septembre au 12 octobre, cette grande d\u00e9gustation annuelle revient avec une <strong>s\u00e9lection de cuv\u00e9es vari\u00e9es<\/strong>, soigneusement renouvel\u00e9e pour le plaisir de chacun. Cette ann\u00e9e, l\u2019accent est mis sur <strong>l\u2019accessibilit\u00e9<\/strong>, la diversit\u00e9 gustative et l\u2019ouverture vers de nouvelles tendances : bio, sans sulfites ajout\u00e9s ou encore alternatives sans alcool. Entre <strong>p\u00e9pites incontournables<\/strong>, <strong>crus prestigieux<\/strong> et <strong>prix accessibles<\/strong>, chaque palais trouvera son bonheur.<\/p>\n<p>Une s\u00e9lection enrichie de cuv\u00e9es venues des grandes r\u00e9gions viticoles fran\u00e7aises<\/p>\n<p>Chaque ann\u00e9e, la <strong>Foire aux vins chez E.Leclerc<\/strong> met en avant la richesse des <strong>vignobles r\u00e9put\u00e9s<\/strong> du pays. Les acheteurs scrutent les derniers mill\u00e9simes, recherchent des <strong>crus prestigieux<\/strong> et d\u00e9nichent de v\u00e9ritables tr\u00e9sors accessibles au plus grand nombre. Ce souci d\u2019offrir un <strong>panel \u00e9clectique<\/strong> se retrouve dans la proposition 2025, qui oscille habilement entre classiques attendus et nouveaut\u00e9s originales.<\/p>\n<p>Les grands noms du <strong>Bordelais<\/strong> c\u00f4toient fi\u00e8rement des domaines bios prometteurs. En parall\u00e8le, les terroirs de <strong>Bourgogne<\/strong> brillent par leur \u00e9l\u00e9gance, tandis que la <strong>Vall\u00e9e du Rh\u00f4ne<\/strong> surprend avec des rouges g\u00e9n\u00e9reux offrant un excellent <strong>rapport qualit\u00e9-prix<\/strong>. On remarque aussi une attention particuli\u00e8re port\u00e9e aux petits producteurs, dont les vins s\u00e9duisent par leur authenticit\u00e9 et leur fra\u00eecheur.<\/p>\n<ul class=\"wp-block-list\">\n<li><strong>Cuv\u00e9es bios<\/strong> et sans sulfites pour r\u00e9pondre \u00e0 la demande croissante<\/li>\n<li>S\u00e9lection \u00e9quilibr\u00e9e entre <strong>vins rouges et blancs<\/strong><\/li>\n<li><strong>Prix accessibles<\/strong> permettant \u00e0 tous de profiter de l\u2019\u00e9v\u00e9nement<\/li>\n<\/ul>\n<p>Des crus prestigieux et grands classiques revisit\u00e9s au meilleur rapport qualit\u00e9-prix<\/p>\n<p>Parmi les coups de c\u0153ur rep\u00e9r\u00e9s lors de la <strong>Foire aux vins 2025<\/strong>, plusieurs bouteilles se distinguent par leur singularit\u00e9 ou leur potentiel de garde. La s\u00e9lection mise sur des <strong>crus prestigieux<\/strong> capables de briller autant sur la table au quotidien qu\u2019\u00e0 l\u2019occasion d\u2019un repas exceptionnel.<\/p>\n<p>Ces r\u00e9f\u00e9rences illustrent parfaitement la capacit\u00e9 de l\u2019\u00e9v\u00e9nement \u00e0 d\u00e9mocratiser l\u2019acc\u00e8s aux <strong>meilleures appellations<\/strong>, tout en gardant un \u0153il attentif sur le budget. Pour ceux qui souhaitent allier plaisir et gestion rigoureuse de leurs finances, il peut \u00eatre utile de conna\u00eetre les dispositifs d\u2019aide mis en place pour les m\u00e9nages ayant un revenu fiscal modeste, comme le <a href=\"https:\/\/www.adcf.org\/cheque-energie-2025-on-connait-la-date-denvoie-voici-le-moment-ou-vous-allez-le-recevoir\/\" rel=\"nofollow noopener\" target=\"_blank\">ch\u00e8que \u00e9nergie 2025 destin\u00e9 aux foyers modestes<\/a>. Du <strong>Haut-M\u00e9doc bio<\/strong> autour de 36,50 \u20ac jusqu\u2019aux <strong>Pessac-L\u00e9ognan<\/strong> propos\u00e9s \u00e0 19,95 \u20ac, sans oublier le Pauillac \u00e0 18,50 \u20ac, chacun aura l\u2019opportunit\u00e9 de repartir avec une perle digne des tables \u00e9toil\u00e9es, \u00e0 des <strong>prix accessibles<\/strong>.<\/p>\n<p>Le Bordelais\u00a0: puissance, complexit\u00e9 et cuv\u00e9es bio d\u2019avenir<\/p>\n<p>En <strong>Haut-M\u00e9doc<\/strong>, le ch\u00e2teau La Lagune 2023 s\u00e9duit par son profil ample, l\u00e9g\u00e8rement poivr\u00e9, et d\u00e9veloppera toute sa complexit\u00e9 apr\u00e8s deux ou trois ann\u00e9es de patience. Toujours dans la r\u00e9gion, le bouquet soyeux de <strong>Fleur de P\u00e9desclaux 2023<\/strong> offre d\u00e9j\u00e0 une belle jeunesse, id\u00e9ale \u00e0 savourer avec une viande rouge, ses tanins tendres mettant en valeur les plats gourmands.<\/p>\n<p>Pour ceux pr\u00e9f\u00e9rant la convivialit\u00e9, <strong>Les Hauts de Larrivet Haut-Brion 2023<\/strong> d\u00e9voilent une gourmandise imm\u00e9diate. Leur rondeur accompagne parfaitement la charcuterie, transformant les ap\u00e9ritifs en moments m\u00e9morables. Ces vins constituent un vrai tour d\u2019horizon des possibilit\u00e9s offertes par ce coin embl\u00e9matique du <strong>vignoble bordelais<\/strong>.<\/p>\n<p>Bourgogne et vall\u00e9e du Rh\u00f4ne\u00a0: \u00e9quilibre, \u00e9clat fruit\u00e9 et d\u00e9couverte<\/p>\n<p>Impossible de parler de la <strong>Foire aux vins<\/strong> sans \u00e9voquer la <strong>Bourgogne<\/strong>. Le domaine Pansiot Chorey-l\u00e8s-Beaune 2023 trouve un subtil \u00e9quilibre entre fruits rouges et notes bois\u00e9es, r\u00e9v\u00e9lant l\u2019\u00e9l\u00e9gance typique du pinot noir bourguignon. Plus au sud, la <strong>Closerie des Pointeaux Santenay 2023<\/strong> affirme son caract\u00e8re \u00e9pic\u00e9 et son ampleur en bouche, id\u00e9al pour les amateurs de sensations cors\u00e9es.<\/p>\n<p>C\u00f4t\u00e9 Rh\u00f4ne, le <strong>Crozes-Hermitage 2024 Terranea<\/strong> incarne la tradition de la Syrah, avec un style souple, des ar\u00f4mes de fruits noirs bien m\u00fbrs et une grande facilit\u00e9 d\u2019accord sur des viandes blanches ou des l\u00e9gumes grill\u00e9s. Ces <strong>vins rouges<\/strong> offrent un excellent <strong>rapport qualit\u00e9-prix<\/strong> pour d\u00e9couvrir la diversit\u00e9 de la r\u00e9gion.<\/p>\n<p>Explorer les petits prix et les rapports qualit\u00e9-prix \u00e9tonnants<\/p>\n<p>Tout le monde ne cherche pas syst\u00e9matiquement le prestige ou le grand nom. Pour les explorateurs curieux et les budgets serr\u00e9s, la <strong>Foire aux vins 2025<\/strong> r\u00e9serve aussi de belles surprises abordables d\u00e8s 5,99 \u20ac la bouteille. Une approche qui valorise <strong>l\u2019accessibilit\u00e9<\/strong> sans sacrifier le plaisir de la d\u00e9couverte.<\/p>\n<p>Difficile, par exemple, de passer \u00e0 c\u00f4t\u00e9 du <strong>Gaillac 2024 du domaine Barreau<\/strong>. Son profil rond, sa fra\u00eecheur d\u00e9salt\u00e9rante et sa vivacit\u00e9 le rendent irr\u00e9sistible \u00e0 l\u2019ap\u00e9ritif ou avec des poissons grill\u00e9s. Il convient \u00e9galement de mentionner que certaines aides financi\u00e8res sp\u00e9cifiques, telles que le <a href=\"https:\/\/www.adcf.org\/cheque-energie-2025-on-connait-la-date-denvoie-voici-le-moment-ou-vous-allez-le-recevoir\/\" rel=\"nofollow noopener\" target=\"_blank\">ch\u00e8que \u00e9nergie attribu\u00e9 selon les revenus fiscaux<\/a>, peuvent permettre \u00e0 davantage de personnes de consacrer un petit budget \u00e0 leur passion pour le vin lors d\u2019\u00e9v\u00e9nements comme celui-ci. Du c\u00f4t\u00e9 des rouges, des trouvailles comme le <strong>Cahors 2023 la Part des Biches<\/strong>, ou le <strong>Fleurie 2024 Dominique Morel<\/strong> (tous deux affich\u00e9s entre 6 et 8 \u20ac) montrent que <strong>qualit\u00e9<\/strong> et <strong>prix bas<\/strong> peuvent aller de pair.<\/p>\n<ul class=\"wp-block-list\">\n<li><strong>Gaillac 2024<\/strong> rond et frais \u2013 parfait \u00e0 moins de 10 \u20ac<\/li>\n<li>Vins rouges du Sud-Ouest accessibles pour des soir\u00e9es conviviales<\/li>\n<li>S\u00e9lection de bouteilles jeunes mais expressives pour tous les go\u00fbts<\/li>\n<\/ul>\n<p>Les blancs rafra\u00eechissants pour les beaux jours et les exp\u00e9riences in\u00e9dites<\/p>\n<p>Si les <strong>vins rouges<\/strong> dominent souvent la sc\u00e8ne, les <strong>vins blancs<\/strong> ne sont pas oubli\u00e9s dans cette s\u00e9lection. Avec la mont\u00e9e en puissance des c\u00e9pages aromatiques et des terroirs d\u00e9di\u00e9s, l\u2019offre blanche s\u2019est elle aussi diversifi\u00e9e pour mieux correspondre aux envies modernes.<\/p>\n<p>Sur les hu\u00eetres ou les coquillages, difficile de faire mieux que le <strong>Vir\u00e9-Cless\u00e9 2024 du domaine Seillenat<\/strong>. Sa min\u00e9ralit\u00e9 rac\u00e9e, associ\u00e9e \u00e0 une acidit\u00e9 \u00e9quilibr\u00e9e, offre une exp\u00e9rience tr\u00e8s pure, id\u00e9ale pour prolonger les plaisirs estivaux jusque dans l\u2019automne. \u00c0 moins de 20 \u20ac, ces <strong>blancs de Bourgogne<\/strong> s\u00e9duisent par leur fra\u00eecheur et leur finesse.<\/p>\n","protected":false},"excerpt":{"rendered":"La Foire aux vins 2025 chez E.Leclerc s\u2019annonce d\u00e9j\u00e0 comme l\u2019\u00e9v\u00e9nement \u00e0 ne pas manquer pour tous les&hellip;\n","protected":false},"author":2,"featured_media":431486,"comment_status":"","ping_status":"","sticky":false,"template":"","format":"standard","meta":{"footnotes":""},"categories":[6],"tags":[35,33,34,1011,27],"class_list":{"0":"post-431485","1":"post","2":"type-post","3":"status-publish","4":"format-standard","5":"has-post-thumbnail","7":"category-economie","8":"tag-business","9":"tag-economie","10":"tag-economy","11":"tag-fr","12":"tag-france"},"share_on_mastodon":{"url":"https:\/\/pubeurope.com\/@fr\/115299778781078039","error":""},"_links":{"self":[{"href":"https:\/\/www.europesays.com\/fr\/wp-json\/wp\/v2\/posts\/431485","targetHints":{"allow":["GET"]}}],"collection":[{"href":"https:\/\/www.europesays.com\/fr\/wp-json\/wp\/v2\/posts"}],"about":[{"href":"https:\/\/www.europesays.com\/fr\/wp-json\/wp\/v2\/types\/post"}],"author":[{"embeddable":true,"href":"https:\/\/www.europesays.com\/fr\/wp-json\/wp\/v2\/users\/2"}],"replies":[{"embeddable":true,"href":"https:\/\/www.europesays.com\/fr\/wp-json\/wp\/v2\/comments?post=431485"}],"version-history":[{"count":0,"href":"https:\/\/www.europesays.com\/fr\/wp-json\/wp\/v2\/posts\/431485\/revisions"}],"wp:featuredmedia":[{"embeddable":true,"href":"https:\/\/www.europesays.com\/fr\/wp-json\/wp\/v2\/media\/431486"}],"wp:attachment":[{"href":"https:\/\/www.europesays.com\/fr\/wp-json\/wp\/v2\/media?parent=431485"}],"wp:term":[{"taxonomy":"category","embeddable":true,"href":"https:\/\/www.europesays.com\/fr\/wp-json\/wp\/v2\/categories?post=431485"},{"taxonomy":"post_tag","embeddable":true,"href":"https:\/\/www.europesays.com\/fr\/wp-json\/wp\/v2\/tags?post=431485"}],"curies":[{"name":"wp","href":"https:\/\/api.w.org\/{rel}","templated":true}]}}