{"id":431487,"date":"2025-10-01T16:09:10","date_gmt":"2025-10-01T16:09:10","guid":{"rendered":"https:\/\/www.europesays.com\/fr\/431487\/"},"modified":"2025-10-01T16:09:10","modified_gmt":"2025-10-01T16:09:10","slug":"trois-membres-presumes-du-hamas-arretes-a-berlin","status":"publish","type":"post","link":"https:\/\/www.europesays.com\/fr\/431487\/","title":{"rendered":"trois membres pr\u00e9sum\u00e9s du Hamas arr\u00eat\u00e9s \u00e0 Berlin"},"content":{"rendered":"<p>Une grande quantit\u00e9 d\u2019armes servant \u00e0 pr\u00e9parer des attaques meurtri\u00e8res contre des cibles isra\u00e9liennes ou juives en Allemagne ont \u00e9t\u00e9 retrouv\u00e9es.<\/p>\n<p class=\"fig-paragraph\">Trois membres pr\u00e9sum\u00e9s du\u00a0<a href=\"https:\/\/video.lefigaro.fr\/figaro\/international\/les-dirigeants-du-hamas-souhaitent-amender-des-clauses-du-plan-de-donald-trump-pour-gaza-20251001\" data-fig-type=\"Video\" data-gtm-custom-categorie=\"navigation\" data-gtm-custom-action=\"crossclick\" data-gtm-custom-label=\"Contextuel\" data-gtm-event=\"customEventSPE\" data-fig-domain=\"LEFIGARO\" rel=\"nofollow noopener\" target=\"_blank\">Hamas<\/a>, suspect\u00e9s d\u2019avoir acquis des armes destin\u00e9es \u00e0 des \u00abattentats meurtriers visant des \u00e9tablissements isra\u00e9liens ou juifs en Allemagne\u00bb, ont \u00e9t\u00e9 arr\u00eat\u00e9s mercredi 1er octobre \u00e0 Berlin, a annonc\u00e9 le parquet f\u00e9d\u00e9ral allemand.<\/p>\n<p class=\"fig-paragraph\">Lors des arrestations de ceux que le parquet consid\u00e8re comme \u00abdes op\u00e9rateurs \u00e9trangers\u00bb du Hamas, \u00abun fusil d\u2019assaut AK-47, plusieurs pistolets et une grande quantit\u00e9 de munitions ont \u00e9t\u00e9 d\u00e9couvertes\u00bb, pr\u00e9cise le parquet.<\/p>\n<p>                                    <a class=\"fig-a11y-skip a11y-hidden\" href=\"#fig-a11y-skip-main-inarticle\"><br \/>\n        Passer la publicit\u00e9<br \/>\n    <\/a><\/p>\n<p class=\"fig-paragraph\">Le minist\u00e8re public identifie les trois hommes comme Abed Al G. et Ahmad I., deux \u00abcitoyens allemands\u00bb, ainsi que Wael F. M., \u00abn\u00e9 au Liban\u00bb.Contact\u00e9 par l\u2019AFP, le parquet a indiqu\u00e9 qu\u2019il n\u2019avait pas encore pu \u00e9tablir avec certitude la nationalit\u00e9 de ce dernier.<\/p>\n<p class=\"fig-paragraph\">Selon le parquet, ils se consacraient \u00abdepuis au moins l\u2019\u00e9t\u00e9 2025\u00bb \u00e0 l\u2019acquisition \u00abd\u2019armes \u00e0 feu et de munitions\u00bb en\u00a0<a href=\"http:\/\/www.lefigaro.fr\/conjoncture\/allemagne-la-retraite-active-mesure-phare-de-l-automne-des-reformes-de-friedrich-merz-20251001\" data-fig-type=\"Article\" data-gtm-custom-categorie=\"navigation\" data-gtm-custom-action=\"crossclick\" data-gtm-custom-label=\"Contextuel\" data-gtm-event=\"customEventSPE\" data-fig-domain=\"LEFIGARO\" rel=\"nofollow noopener\" target=\"_blank\">Allemagne\u00a0<\/a>pour le compte du mouvement islamiste palestinien. Ils seront pr\u00e9sent\u00e9s jeudi \u00e0 un juge d\u2019instruction qui statuera sur les demandes de d\u00e9tention provisoire \u00e9mises par le parquet.<\/p>\n<p>Un grand soutien d\u2019Isra\u00ebl<\/p>\n<p class=\"fig-paragraph\">L\u2019attaque men\u00e9e par le Hamas contre Isra\u00ebl le 7 octobre 2023, qui a d\u00e9clench\u00e9 la guerre, a entra\u00een\u00e9 du c\u00f4t\u00e9 isra\u00e9lien la mort de 1219 personnes, en majorit\u00e9 des civils, selon un bilan \u00e9tabli \u00e0 partir de donn\u00e9es officielles.<\/p>\n<p class=\"fig-paragraph\">L\u2019offensive isra\u00e9lienne men\u00e9e en repr\u00e9sailles a fait 66.148 morts \u00e0 Gaza, en majorit\u00e9 des civils, selon les chiffres du minist\u00e8re de la Sant\u00e9 du Hamas, jug\u00e9s fiables par\u00a0<a href=\"http:\/\/www.lefigaro.fr\/flash-actu\/haiti-le-conseil-de-securite-de-l-onu-approuve-une-resolution-prevoyant-une-nouvelle-force-antigangs-20250930\" data-fig-type=\"NewsFlash\" data-gtm-custom-categorie=\"navigation\" data-gtm-custom-action=\"crossclick\" data-gtm-custom-label=\"Contextuel\" data-gtm-event=\"customEventSPE\" data-fig-domain=\"LEFIGARO\" rel=\"nofollow noopener\" target=\"_blank\">l\u2019ONU<\/a>. Le conflit au Proche-Orient trouve une r\u00e9sonance particuli\u00e8re en Allemagne, en raison de la responsabilit\u00e9 du pays dans la Shoah.<\/p>\n<p class=\"fig-paragraph\"><a href=\"http:\/\/www.lefigaro.fr\/voyages\/meme-des-trains-populaires-sont-rayes-de-la-carte-les-voyageurs-stupefaits-apres-l-arret-du-paris-berlin-vienne-20251001\" data-fig-type=\"Article\" data-gtm-custom-categorie=\"navigation\" data-gtm-custom-action=\"crossclick\" data-gtm-custom-label=\"Contextuel\" data-gtm-event=\"customEventSPE\" data-fig-domain=\"LEFIGARO\" rel=\"nofollow noopener\" target=\"_blank\">Berlin\u00a0<\/a>est encore aujourd\u2019hui l\u2019un des plus grands soutiens d\u2019Isra\u00ebl, et le chancelier Friedrich Merz a r\u00e9cemment affirm\u00e9, tr\u00e8s \u00e9mu, vouloir faire \u00abtout ce qui est en (son) pouvoir pour permettre aux Juives et aux Juifs de vivre, c\u00e9l\u00e9brer et \u00e9tudier sans crainte dans toute l\u2019Allemagne\u00bb.<\/p>\n","protected":false},"excerpt":{"rendered":"Une grande quantit\u00e9 d\u2019armes servant \u00e0 pr\u00e9parer des attaques meurtri\u00e8res contre des cibles isra\u00e9liennes ou juives en Allemagne&hellip;\n","protected":false},"author":2,"featured_media":431488,"comment_status":"","ping_status":"","sticky":false,"template":"","format":"standard","meta":{"footnotes":""},"categories":[5],"tags":[11,2441,1898,1011,27,3519,14,12,28],"class_list":{"0":"post-431487","1":"post","2":"type-post","3":"status-publish","4":"format-standard","5":"has-post-thumbnail","7":"category-international","8":"tag-actualites","9":"tag-arrestation","10":"tag-berlin","11":"tag-fr","12":"tag-france","13":"tag-hamas","14":"tag-international","15":"tag-news","16":"tag-world"},"share_on_mastodon":{"url":"https:\/\/pubeurope.com\/@fr\/115299782735518133","error":""},"_links":{"self":[{"href":"https:\/\/www.europesays.com\/fr\/wp-json\/wp\/v2\/posts\/431487","targetHints":{"allow":["GET"]}}],"collection":[{"href":"https:\/\/www.europesays.com\/fr\/wp-json\/wp\/v2\/posts"}],"about":[{"href":"https:\/\/www.europesays.com\/fr\/wp-json\/wp\/v2\/types\/post"}],"author":[{"embeddable":true,"href":"https:\/\/www.europesays.com\/fr\/wp-json\/wp\/v2\/users\/2"}],"replies":[{"embeddable":true,"href":"https:\/\/www.europesays.com\/fr\/wp-json\/wp\/v2\/comments?post=431487"}],"version-history":[{"count":0,"href":"https:\/\/www.europesays.com\/fr\/wp-json\/wp\/v2\/posts\/431487\/revisions"}],"wp:featuredmedia":[{"embeddable":true,"href":"https:\/\/www.europesays.com\/fr\/wp-json\/wp\/v2\/media\/431488"}],"wp:attachment":[{"href":"https:\/\/www.europesays.com\/fr\/wp-json\/wp\/v2\/media?parent=431487"}],"wp:term":[{"taxonomy":"category","embeddable":true,"href":"https:\/\/www.europesays.com\/fr\/wp-json\/wp\/v2\/categories?post=431487"},{"taxonomy":"post_tag","embeddable":true,"href":"https:\/\/www.europesays.com\/fr\/wp-json\/wp\/v2\/tags?post=431487"}],"curies":[{"name":"wp","href":"https:\/\/api.w.org\/{rel}","templated":true}]}}