{"id":431489,"date":"2025-10-01T16:10:11","date_gmt":"2025-10-01T16:10:11","guid":{"rendered":"https:\/\/www.europesays.com\/fr\/431489\/"},"modified":"2025-10-01T16:10:11","modified_gmt":"2025-10-01T16:10:11","slug":"gabriel-zucman-defend-sa-taxe-sur-les-plus-aises-a-lassemblee","status":"publish","type":"post","link":"https:\/\/www.europesays.com\/fr\/431489\/","title":{"rendered":"Gabriel Zucman d\u00e9fend sa taxe sur les plus ais\u00e9s \u00e0 l\u2019Assembl\u00e9e"},"content":{"rendered":"<p><strong>D\u00c9CRYPTAGE &#8211;<\/strong> L\u2019universitaire a tenu une conf\u00e9rence ce mercredi avec le prix Nobel am\u00e9ricain Joseph Stiglitz et l\u2019\u00e9conomiste indienne Jayati Ghosh sur la taxation du patrimoine des \u00absuper-riches\u00bb.<\/p>\n<p class=\"fig-paragraph\">Les conf\u00e9rences de ce type sont monnaie courante dans les locaux de l\u2019Assembl\u00e9e nationale, mais peu ont autant attir\u00e9 les foules que celle-ci. La salle pr\u00e9vue pour ce d\u00e9bat sur la taxation des \u00ab super riches\u00a0\u00bb entre des figures \u00ab super star\u00a0\u00bb de l\u2019\u00e9conomie peine \u00e0 contenir la mar\u00e9e de politiques (majoritairement de gauche) et de journalistes accr\u00e9dit\u00e9s pour y assister, ce mercredi. \u00ab Il n\u2019y a plus de place assise\u00a0\u00bb, pr\u00e9venait en amont un membre du cabinet du pr\u00e9sident de la Commission des finances, \u00c9ric Coquerel, \u00e0 l\u2019origine de l\u2019\u00e9v\u00e9nement.\u00a0<a href=\"http:\/\/www.lefigaro.fr\/politique\/dossier\/taxe-zucman-sur-le-patrimoine-des-grandes-fortunes-notre-dossier-pour-tout-comprendre\" data-fig-type=\"Topic\" data-gtm-custom-categorie=\"navigation\" data-gtm-custom-action=\"crossclick\" data-gtm-custom-label=\"Contextuel\" data-gtm-event=\"customEventSPE\" data-fig-domain=\"LEFIGARO\" target=\"_blank\" rel=\"noopener\">Gabriel Zucman, l\u2019\u00e9conomiste fran\u00e7ais au centre de l\u2019actualit\u00e9 en raison de la taxe qui porte son nom,<\/a>\u00a0la sp\u00e9cialiste indienne du d\u00e9veloppement \u00e9conomique Jayati Ghosh et le prix Nobel am\u00e9ricain\u00a0<a href=\"http:\/\/www.lefigaro.fr\/conjoncture\/joseph-stiglitz-elon-musk-ne-comprend-pas-ce-qu-est-le-gouvernement-20250116\" data-fig-type=\"Article\" data-gtm-custom-categorie=\"navigation\" data-gtm-custom-action=\"crossclick\" data-gtm-custom-label=\"Contextuel\" data-gtm-event=\"customEventSPE\" data-fig-domain=\"LEFIGARO\" target=\"_blank\" rel=\"noopener\">Joseph Stiglitz<\/a>\u00a0ont \u00e9chang\u00e9 dans ce cadre sur la meilleure fa\u00e7on de r\u00e9tablir \u00ab la justice fiscale et l\u2019efficacit\u00e9 \u00e9conomique\u00a0\u00bb ou de \u00ab taxer les ultra-riches\u00a0\u00bb. Car, pour eux, cela revient au m\u00eame.<\/p>\n<p class=\"fig-paragraph\">\u00ab Je ne pensais pas, en organisant ce\u2026<\/p>\n<p class=\"fig-premium-paywall__infos\">\n        Cet article est r\u00e9serv\u00e9 aux abonn\u00e9s.        Il vous reste 81% \u00e0 d\u00e9couvrir.\n    <\/p>\n<p>                <img  data- alt=\"Le Figaro\" class=\"fig-img--complete fig-img\"\/><\/p>\n<p class=\"fig-premium-paywall__title\">Vous avez envie de lire la suite ?<\/p>\n<p class=\"fig-premium-paywall__subtitle\">D\u00e9bloquez tous les articles imm\u00e9diatement.<\/p>\n<p class=\"fig-premium-paywall__connect\">\n                D\u00e9j\u00e0 abonn\u00e9\u00a0?                <a class=\"fig-premium-paywall__connect-link\" href=\"https:\/\/connect.lefigaro.fr\/login?client=horizon_web&amp;type=main&amp;redirect_uri=https%3A%2F%2Fwww.lefigaro.fr%2Fconjoncture%2Fil-ne-s-agit-pas-de-leur-faire-payer-beaucoup-plus-gabriel-zucman-defend-sa-taxe-sur-les-plus-aises-a-l-assemblee-20251001\" data-js-gtm=\"{&quot;customCategorie&quot;: &quot;conversion&quot;, &quot;customAction&quot;: &quot;before_Landing_Connexion_paywall_auto&quot;, &quot;customLabel&quot;: &quot;bGVmaWdhcm8uZnJfXzFmMDllMjQ1LWEwMjItNjE2ZS1iZTU4LTdkODc5YmUwODQ1OV9fQXJ0aWNsZQ==_\u00abIl ne s\u2019agit pas de leur faire payer beaucoup plus\u00bb\u00a0: Gabriel Zucman d\u00e9fend sa taxe sur les plus ais\u00e9s \u00e0 l\u2019Assembl\u00e9e_36&quot;, &quot;customIDSPE&quot;: &quot;bGVmaWdhcm8uZnJfXzFmMDllMjQ1LWEwMjItNjE2ZS1iZTU4LTdkODc5YmUwODQ1OV9fQXJ0aWNsZQ==&quot;, &quot;event&quot;: &quot;customEventSPE&quot;}\" target=\"_blank\" rel=\"noopener\"><br \/>\n                    Connectez-vous<br \/>\n                <\/a>\n            <\/p>\n","protected":false},"excerpt":{"rendered":"D\u00c9CRYPTAGE &#8211; L\u2019universitaire a tenu une conf\u00e9rence ce mercredi avec le prix Nobel am\u00e9ricain Joseph Stiglitz et l\u2019\u00e9conomiste&hellip;\n","protected":false},"author":2,"featured_media":431490,"comment_status":"","ping_status":"","sticky":false,"template":"","format":"standard","meta":{"footnotes":""},"categories":[4],"tags":[11,6329,526,1011,27,12,25],"class_list":{"0":"post-431489","1":"post","2":"type-post","3":"status-publish","4":"format-standard","5":"has-post-thumbnail","7":"category-france","8":"tag-actualites","9":"tag-finances-publiques","10":"tag-fiscalite","11":"tag-fr","12":"tag-france","13":"tag-news","14":"tag-republique-francaise"},"share_on_mastodon":{"url":"https:\/\/pubeurope.com\/@fr\/115299786680200107","error":""},"_links":{"self":[{"href":"https:\/\/www.europesays.com\/fr\/wp-json\/wp\/v2\/posts\/431489","targetHints":{"allow":["GET"]}}],"collection":[{"href":"https:\/\/www.europesays.com\/fr\/wp-json\/wp\/v2\/posts"}],"about":[{"href":"https:\/\/www.europesays.com\/fr\/wp-json\/wp\/v2\/types\/post"}],"author":[{"embeddable":true,"href":"https:\/\/www.europesays.com\/fr\/wp-json\/wp\/v2\/users\/2"}],"replies":[{"embeddable":true,"href":"https:\/\/www.europesays.com\/fr\/wp-json\/wp\/v2\/comments?post=431489"}],"version-history":[{"count":0,"href":"https:\/\/www.europesays.com\/fr\/wp-json\/wp\/v2\/posts\/431489\/revisions"}],"wp:featuredmedia":[{"embeddable":true,"href":"https:\/\/www.europesays.com\/fr\/wp-json\/wp\/v2\/media\/431490"}],"wp:attachment":[{"href":"https:\/\/www.europesays.com\/fr\/wp-json\/wp\/v2\/media?parent=431489"}],"wp:term":[{"taxonomy":"category","embeddable":true,"href":"https:\/\/www.europesays.com\/fr\/wp-json\/wp\/v2\/categories?post=431489"},{"taxonomy":"post_tag","embeddable":true,"href":"https:\/\/www.europesays.com\/fr\/wp-json\/wp\/v2\/tags?post=431489"}],"curies":[{"name":"wp","href":"https:\/\/api.w.org\/{rel}","templated":true}]}}