{"id":431499,"date":"2025-10-01T16:15:35","date_gmt":"2025-10-01T16:15:35","guid":{"rendered":"https:\/\/www.europesays.com\/fr\/431499\/"},"modified":"2025-10-01T16:15:35","modified_gmt":"2025-10-01T16:15:35","slug":"photos-pour-la-premiere-fois-le-jardin-ephemere-de-nancy-sera-entierement-clos-on-vous-explique-pourquoi","status":"publish","type":"post","link":"https:\/\/www.europesays.com\/fr\/431499\/","title":{"rendered":"PHOTOS. Pour la premi\u00e8re fois, le Jardin \u00e9ph\u00e9m\u00e8re de Nancy sera enti\u00e8rement clos : on vous explique pourquoi"},"content":{"rendered":"<p>            Par<br \/>\n        <strong><br \/>\n            <a href=\"https:\/\/actu.fr\/auteur\/pierre-emile-bouchy-actu-fr\" title=\"Consulter tous les articles de Paul-Emile Bouchy\" target=\"_blank\" rel=\"noopener\">Paul-Emile Bouchy<\/a><br \/>\n        <\/strong><\/p>\n<p>        Publi\u00e9 le<\/p>\n<p>            1 oct. 2025 \u00e0 17h55        <\/p>\n<p>Chaque ann\u00e9e, organis\u00e9 entre le<a href=\"https:\/\/actu.fr\/tag\/livre-sur-la-place\" target=\"_blank\" rel=\"noopener\"> Livre sur la place<\/a> et les <a href=\"https:\/\/actu.fr\/grand-est\/nancy_54395\/fetes-de-saint-nicolas-a-nancy-dates-theme-nouveautes-voici-tout-ce-que-l-on-sait-deja-de-l-edition-2025_63173235.html\" target=\"_blank\" rel=\"noopener\">F\u00eates de Saint-Nicolas<\/a>, le <strong>Jardin \u00e9ph\u00e9m\u00e8re est l\u2019\u00e9v\u00e8nement phare de l\u2019automne<\/strong> \u00e0 <a href=\"https:\/\/actu.fr\/grand-est\/nancy_54395\" target=\"_blank\" rel=\"noopener\">Nancy<\/a> (Meurthe-et-Moselle).<\/p>\n<p class=\" wall-content\">Cette 22\u1d49 \u00e9dition aura toujours lieu sur la <a href=\"https:\/\/actu.fr\/tag\/place-stanislas\" target=\"_blank\" rel=\"noopener\">place Stanislas<\/a> <strong>du 3\u00a0octobre au 2\u00a0novembre 2025<\/strong>, mais comporte une particularit\u00e9. <strong>Pour la premi\u00e8re fois, le jardin sera enti\u00e8rement clos.<\/strong> On vous le fait d\u00e9couvrir en avant-premi\u00e8re.<\/p>\n<p>Un Jardin \u00e9ph\u00e9m\u00e8re offrant une exp\u00e9rience immersive aux visiteurs<\/p>\n<p class=\" wall-content\">\u00c0 deux jours de l\u2019inauguration, le Jardin \u00e9ph\u00e9m\u00e8re commence \u00e0 prendre sa forme finale avec notamment <strong>des palissades qui entourent cet espace de plus 2\u2009800 m\u00b2 comportant 122 arbres et 7\u2009500 v\u00e9g\u00e9taux<\/strong>.<\/p>\n<p>    <img   decoding=\"async\" loading=\"lazy\" src=\"https:\/\/www.europesays.com\/fr\/wp-content\/uploads\/2025\/10\/jardin-ephemere-nancy-2025-12-960x640.jpg\" alt=\"La forme du Jardin \u00e9ph\u00e9m\u00e8re 2025 repr\u00e9sente plusieurs carr\u00e9s imbriqu\u00e9s et le logo de l'\u00e9v\u00e8nement M\u00e9tro'Folies.\" width=\"960\" height=\"640\"\/><br \/>\n    La forme du Jardin \u00e9ph\u00e9m\u00e8re 2025 repr\u00e9sente plusieurs carr\u00e9s imbriqu\u00e9s et le logo de l\u2019\u00e9v\u00e8nement M\u00e9tro\u2019Folies. (\u00a9Paul-Emile Bouchy \/ Lorraine Actu)<\/p>\n<p class=\" wall-content\">Avec ce choix, la Ville de Nancy souhaite offrir une exp\u00e9rience plus immersive aux visiteurs.<\/p>\n<blockquote class=\"ac-article-quote wall-content\">\n<p>Depuis l&rsquo;ext\u00e9rieur, le jardin est peu visible entre les structures en bois et en m\u00e9tal. L&rsquo;id\u00e9e \u00e9tait de faire r\u00e9f\u00e9rence au th\u00e8me de cette ann\u00e9e, l&rsquo;Art d\u00e9co, et notamment au pavillon nanc\u00e9ien lors de l&rsquo;exposition internationale des arts d\u00e9coratifs et industriels modernes de 1925 \u00e0 Paris.<\/p>\n<p>    <strong>Isabelle Lucas<\/strong><br \/>\n        Adjointe d\u00e9l\u00e9gu\u00e9e \u00e0 l\u2019urbanisme \u00e9cologique, au logement, \u00e0 l\u2019autonomie \u00e9nerg\u00e9tique et alimentaire et au plan climat    <\/p><\/blockquote>\n<p>    <img   decoding=\"async\" loading=\"lazy\" src=\"https:\/\/www.europesays.com\/fr\/wp-content\/uploads\/2025\/10\/jardin-ephemere-nancy-2025-4-960x640.jpg\" alt=\"Cette ann\u00e9e, le Jardin \u00e9ph\u00e9m\u00e8re est clos, entour\u00e9 notamment par ces palissades.\" width=\"960\" height=\"640\"\/><br \/>\n    Cette ann\u00e9e, le Jardin \u00e9ph\u00e9m\u00e8re est clos, entour\u00e9 notamment par ces palissades. (\u00a9Paul-Emile Bouchy \/ Lorraine Actu)<\/p>\n<p>Votre r\u00e9gion, votre actu !<\/p>\n<p>Recevez chaque jour les infos qui comptent pour vous.<\/p>\n<p>\t<a href=\"https:\/\/actu.fr\/newsletter\" class=\"ac-btn ac-btn--corner ac-btn--medium ac-btn--blue800\" target=\"_blank\" rel=\"noopener\">S&rsquo;incrire<\/a><br \/>\nUne passerelle pour voir la place Stanislas sous un autre angle<\/p>\n<p class=\" wall-content\">Une des autres particularit\u00e9s de cette \u00e9dition est la <strong>cr\u00e9ation de couloirs<\/strong>. Comme dans un clo\u00eetre, ils permettent de <strong>d\u00e9ambuler autour du jardin<\/strong>.<\/p>\n<p>    <img   decoding=\"async\" loading=\"lazy\" src=\"https:\/\/www.europesays.com\/fr\/wp-content\/uploads\/2025\/10\/jardin-ephemere-nancy-2025-11-960x640.jpg\" alt=\"Ces couloirs m\u00e9talliques permettent de circuler facilement autour des diff\u00e9rentes sc\u00e8nes.\" width=\"960\" height=\"640\"\/><br \/>\n    Ces couloirs m\u00e9talliques permettent de circuler facilement autour des diff\u00e9rentes sc\u00e8nes. (\u00a9Paul-Emile Bouchy \/ Lorraine Actu)<\/p>\n<p class=\" wall-content\"><a href=\"https:\/\/actu.fr\/grand-est\/nancy_54395\/jardin-ephemere-2023-a-nancy-un-escalier-pour-voir-stanislas-de-plus-pres_60129110.html\" target=\"_blank\" rel=\"noopener\">Utilis\u00e9 en 2023 pour voir la statue de Stanislas de plus pr\u00e8s<\/a>, l\u2019escalier est de retour. Il est install\u00e9 dans l\u2019axe de la statue et de l\u2019arc H\u00e9r\u00e9, offrant ainsi <strong>une vue remarquable sur la place<\/strong>. Il surplombe <strong>un large bassin et est entour\u00e9 d\u2019une for\u00eat de ch\u00eanes<\/strong> europ\u00e9ens, am\u00e9ricains et aussi asiatiques.<\/p>\n<p>    <img   decoding=\"async\" loading=\"lazy\" src=\"https:\/\/www.europesays.com\/fr\/wp-content\/uploads\/2025\/10\/jardin-ephemere-nancy-2025-9-960x640.jpg\" alt=\"Au pied de la passerelle, une for\u00eat de ch\u00eanes a \u00e9t\u00e9 constitu\u00e9e.\" width=\"960\" height=\"640\"\/><br \/>\n    Au pied de la passerelle, une for\u00eat de ch\u00eanes a \u00e9t\u00e9 constitu\u00e9e. (\u00a9Paul-Emile Bouchy \/ Lorraine Actu)Un labyrinthe et un hologramme pour revisiter l\u2019Art d\u00e9co<\/p>\n<p class=\" wall-content\">Les cr\u00e9ateurs du Jardin \u00e9ph\u00e9m\u00e8re se sont inspir\u00e9s des motifs pr\u00e9sents dans les ann\u00e9es folles comme les spirales. Une partie du jardin est sous la forme d\u2019<strong>un petit labyrinthe<\/strong>.<\/p>\n<p class=\" wall-content\">En son c\u0153ur, les visiteurs d\u00e9couvriront une animation technologique. En partenariat avec <a href=\"https:\/\/actu.fr\/grand-est\/nancy_54395\/videos-grace-a-la-3d-maxime-vous-fait-voyager-dans-le-nancy-d-avant_60531308.html\" target=\"_blank\" rel=\"noopener\">Maxime Santiago, dipl\u00f4m\u00e9 en architecture et sp\u00e9cialiste de la mod\u00e9lisation en 3D<\/a>, ils pourront <strong>contempler sous la forme d\u2019un hologramme des motifs architecturaux nanc\u00e9iens<\/strong> datant de la p\u00e9riode Art d\u00e9co.<\/p>\n<p>    <img   decoding=\"async\" loading=\"lazy\" src=\"https:\/\/www.europesays.com\/fr\/wp-content\/uploads\/2025\/10\/jardin-ephemere-nancy-2025-1-960x640.jpg\" alt=\"Dans cette \" width=\"960\" height=\"640\"\/><br \/>\n    Dans cette \u00ab\u2009bo\u00eete\u2009\u00bb, des hologrammes seront projet\u00e9s et repr\u00e9senteront des motifs typiques de l\u2019Art d\u00e9co. (\u00a9Paul-Emile Bouchy \/ Lorraine Actu)Un bout du mus\u00e9um-aquarium dans le jardin<\/p>\n<p class=\" wall-content\">De l\u2019autre c\u00f4t\u00e9 de la place, une sc\u00e8ne donne \u00e0 voir un magnifique parterre color\u00e9, comportant <strong>trois bassins o\u00f9 jailliront des jeux d\u2019eau<\/strong>. Autour du plus grand ont \u00e9t\u00e9 reproduits les motifs visibles sur la fa\u00e7ade du mus\u00e9um-aquarium de Nancy.<\/p>\n<p>    <img   decoding=\"async\" loading=\"lazy\" src=\"https:\/\/www.europesays.com\/fr\/wp-content\/uploads\/2025\/10\/jardin-ephemere-nancy-2025-8-960x640.jpg\" alt=\"Plusieurs bassins ont \u00e9t\u00e9 install\u00e9s sur la place Stanislas.\" width=\"960\" height=\"640\"\/><br \/>\n    Plusieurs bassins ont \u00e9t\u00e9 install\u00e9s sur la place Stanislas. (\u00a9Paul-Emile Bouchy \/ Lorraine Actu)<\/p>\n<p class=\" wall-content\">Enfin, devant l\u2019h\u00f4tel de ville, <strong>une imposante structure m\u00e9tallique, ayant la forme d\u2019un c\u0153ur de cornus<\/strong>, abritera une exposition du Jardin botanique sur les graines.<\/p>\n<p>    <img   decoding=\"async\" loading=\"lazy\" src=\"https:\/\/www.europesays.com\/fr\/wp-content\/uploads\/2025\/10\/jardin-ephemere-nancy-2025-5-960x640.jpg\" alt=\"Ce pavillon en forme de graine a \u00e9t\u00e9 r\u00e9alis\u00e9 par les \u00e9tudiants de l'union des industries et m\u00e9tiers de la m\u00e9tallurgie.\" width=\"960\" height=\"640\"\/><br \/>\n    Ce pavillon en forme de graine a \u00e9t\u00e9 r\u00e9alis\u00e9 par les \u00e9tudiants de l\u2019union des industries et m\u00e9tiers de la m\u00e9tallurgie. (\u00a9Paul-Emile Bouchy \/ Lorraine Actu)Des expositions photos et une sc\u00e8ne centrale<\/p>\n<p class=\" wall-content\">Autre nouveaut\u00e9\u2009: <strong>des lampadaires ont \u00e9t\u00e9 install\u00e9s pour \u00e9clairer les massifs par le haut<\/strong> et donner une autre ambiance. Un travail sonore a aussi \u00e9t\u00e9 men\u00e9 autour de l\u2019\u0153uvre du compositeur fran\u00e7ais Erik Satie.<\/p>\n<p class=\" wall-content\">Les visiteurs pourront profiter <strong>de chaises et de transats au centre de la place Stanislas.<\/strong> Autour du socle de la statue,<strong> une sc\u00e8ne circulaire a \u00e9t\u00e9 mont\u00e9e<\/strong> et accueillera plusieurs \u00e9v\u00e8nements dont la soir\u00e9e cabaret \u00e0 partir de 18h ce vendredi.<\/p>\n<p class=\" wall-content\">Deux expositions consacr\u00e9es aux photographes Karl Blossfeldt et Martin Becka seront visibles \u00e0 l\u2019ext\u00e9rieur du jardin.<\/p>\n<p class=\" wall-content\">Personnalisez votre actualit\u00e9 en ajoutant vos villes et m\u00e9dias en favori avec <a href=\"https:\/\/moncompte.actu.fr\" title=\"D\u00e9couvez Mon Actu\" rel=\"nofollow noopener\" data-trk=\"{&quot;cta&quot;:{&quot;action&quot;:&quot;https:\\\/\\\/moncompte.actu.fr&quot;,&quot;category&quot;:&quot;mon compte&quot;,&quot;from&quot;:&quot;article footer&quot;,&quot;name&quot;:&quot;Mon actu&quot;,&quot;type&quot;:&quot;cta&quot;}}\" target=\"_blank\">Mon Actu<\/a>.<\/p>\n","protected":false},"excerpt":{"rendered":"Par Paul-Emile Bouchy Publi\u00e9 le 1 oct. 2025 \u00e0 17h55 Chaque ann\u00e9e, organis\u00e9 entre le Livre sur la&hellip;\n","protected":false},"author":2,"featured_media":431500,"comment_status":"","ping_status":"","sticky":false,"template":"","format":"standard","meta":{"footnotes":""},"categories":[9635],"tags":[1111,11,1777,674,1011,27,775,55946,1652,1702,12,9647,25],"class_list":{"0":"post-431499","1":"post","2":"type-post","3":"status-publish","4":"format-standard","5":"has-post-thumbnail","7":"category-nancy","8":"tag-actu","9":"tag-actualites","10":"tag-eu","11":"tag-europe","12":"tag-fr","13":"tag-france","14":"tag-grand-est","15":"tag-jardin-ephemere-de-nancy","16":"tag-loisirs-culture","17":"tag-nancy","18":"tag-news","19":"tag-place-stanislas","20":"tag-republique-francaise"},"share_on_mastodon":{"url":"https:\/\/pubeurope.com\/@fr\/115299806772098728","error":""},"_links":{"self":[{"href":"https:\/\/www.europesays.com\/fr\/wp-json\/wp\/v2\/posts\/431499","targetHints":{"allow":["GET"]}}],"collection":[{"href":"https:\/\/www.europesays.com\/fr\/wp-json\/wp\/v2\/posts"}],"about":[{"href":"https:\/\/www.europesays.com\/fr\/wp-json\/wp\/v2\/types\/post"}],"author":[{"embeddable":true,"href":"https:\/\/www.europesays.com\/fr\/wp-json\/wp\/v2\/users\/2"}],"replies":[{"embeddable":true,"href":"https:\/\/www.europesays.com\/fr\/wp-json\/wp\/v2\/comments?post=431499"}],"version-history":[{"count":0,"href":"https:\/\/www.europesays.com\/fr\/wp-json\/wp\/v2\/posts\/431499\/revisions"}],"wp:featuredmedia":[{"embeddable":true,"href":"https:\/\/www.europesays.com\/fr\/wp-json\/wp\/v2\/media\/431500"}],"wp:attachment":[{"href":"https:\/\/www.europesays.com\/fr\/wp-json\/wp\/v2\/media?parent=431499"}],"wp:term":[{"taxonomy":"category","embeddable":true,"href":"https:\/\/www.europesays.com\/fr\/wp-json\/wp\/v2\/categories?post=431499"},{"taxonomy":"post_tag","embeddable":true,"href":"https:\/\/www.europesays.com\/fr\/wp-json\/wp\/v2\/tags?post=431499"}],"curies":[{"name":"wp","href":"https:\/\/api.w.org\/{rel}","templated":true}]}}