{"id":431501,"date":"2025-10-01T16:16:12","date_gmt":"2025-10-01T16:16:12","guid":{"rendered":"https:\/\/www.europesays.com\/fr\/431501\/"},"modified":"2025-10-01T16:16:12","modified_gmt":"2025-10-01T16:16:12","slug":"une-riviere-en-crue-envahit-leur-pension-de-chats-en-quelques-minutes-cetait-le","status":"publish","type":"post","link":"https:\/\/www.europesays.com\/fr\/431501\/","title":{"rendered":"Une rivi\u00e8re en crue envahit leur pension de chats en quelques minutes\u00a0: \u00ab\u00a0C\u2019\u00e9tait le"},"content":{"rendered":"<p>Il aura fallu quelques instants, dimanche 21\u00a0septembre 2025, pour que l\u2019h\u00f4tel pour chats\u00a0\u00ab\u00a0Les Matoulonnais\u00a0\u00bb de Toulon soit inond\u00e9. Un violent orage a touch\u00e9 la ville et\u00a0L\u2019Eygoutier est entr\u00e9 en crue.\u00a0Environ 80\u00a0centim\u00e8tres d\u2019eau ont envahi le local qui habituellement est un refuge s\u00e9curisant pour les f\u00e9lins.\u00a0<strong>\u00ab\u00a0C\u2019\u00e9tait le Titanic\u00a0\u00bb<\/strong>, a d\u00e9crit un des cofondateurs, Julien Gilbert, \u00e0 <a href=\"https:\/\/france3-regions.franceinfo.fr\/provence-alpes-cote-d-azur\/var\/toulon\/c-etait-le-titanic-frappee-par-les-inondations-la-pension-pour-chats-les-matoulonnais-lance-une-cagnotte-pour-survivre-le-temps-des-travaux-3224873.html\" target=\"_blank\" rel=\"noopener\"> France 3\u00a0Provence-Alpes-C\u00f4te d&rsquo;Azur <\/a>. Aucun animal n\u2019a p\u00e9ri.<\/p>\n<p>Des d\u00e9g\u00e2ts \u00e9normes<\/p>\n<p>Face \u00e0 l\u2019\u00e9tat du local, tous les chats ont \u00e9t\u00e9 rendus aux propri\u00e9taires. L\u2019avenir \u00e9tant incertain, les r\u00e9servations dans la pension ont \u00e9t\u00e9 annul\u00e9es jusqu\u2019\u00e0 No\u00ebl par les g\u00e9rants. <strong>\u00ab\u00a0L\u2019indemnisation de l\u2019assurance n\u2019interviendra qu\u2019\u00e0 la r\u00e9ouverture\u00a0\u00bb<\/strong>, ont-ils expliqu\u00e9 \u00e0 <a href=\"https:\/\/www.nicematin.com\/societe\/vie-locale\/ici-l-eau-s-est-infiltree-partout-la-pension-pour-chats-des-matoulonnais-a-l-arret-apres-la-tempete-10649276\" target=\"_blank\" rel=\"noopener\"> Nice-Matin <\/a>.<\/p>\n<p>La pension pour chats a lanc\u00e9 une collecte en ligne pour tenter de sortir la t\u00eate de l\u2019eau. <strong>\u00ab\u00a0En quelques minutes seulement, la rivi\u00e8re qui coule dans notre quartier est entr\u00e9e en crue et a tout envahi sur son passage\u00a0: boutique et locaux, mat\u00e9riel, nourriture et sacs liti\u00e8re des chats\u2026 laissant derri\u00e8re elle d\u2019\u00e9normes d\u00e9g\u00e2ts\u00a0\u00bb<\/strong>, expliquent les g\u00e9rants <a href=\"https:\/\/www.leetchi.com\/fr\/c\/aidez-nous-a-sauver-les-matoulonnais-1595847\" target=\"_blank\" rel=\"noopener\">sur le site Internet Leetchi<\/a>, dans une cagnotte en ligne. Ils esp\u00e8rent pouvoir rouvrir au printemps 2026.<\/p>\n<p>\u00a0<\/p>\n","protected":false},"excerpt":{"rendered":"Il aura fallu quelques instants, dimanche 21\u00a0septembre 2025, pour que l\u2019h\u00f4tel pour chats\u00a0\u00ab\u00a0Les Matoulonnais\u00a0\u00bb de Toulon soit inond\u00e9.&hellip;\n","protected":false},"author":2,"featured_media":431502,"comment_status":"","ping_status":"","sticky":false,"template":"","format":"standard","meta":{"footnotes":""},"categories":[9619],"tags":[1111,11,17049,11295,55947,1777,674,1011,27,9958,24162,12,24220,882,25,16638,46209,2310],"class_list":{"0":"post-431501","1":"post","2":"type-post","3":"status-publish","4":"format-standard","5":"has-post-thumbnail","7":"category-toulon","8":"tag-actu","9":"tag-actualites","10":"tag-chats","11":"tag-crue","12":"tag-envahit","13":"tag-eu","14":"tag-europe","15":"tag-fr","16":"tag-france","17":"tag-hyeres","18":"tag-minutes","19":"tag-news","20":"tag-pension","21":"tag-provence-alpes-cote-dazur","22":"tag-republique-francaise","23":"tag-riviere","24":"tag-titanic","25":"tag-toulon"},"share_on_mastodon":{"url":"https:\/\/pubeurope.com\/@fr\/115299810321051919","error":""},"_links":{"self":[{"href":"https:\/\/www.europesays.com\/fr\/wp-json\/wp\/v2\/posts\/431501","targetHints":{"allow":["GET"]}}],"collection":[{"href":"https:\/\/www.europesays.com\/fr\/wp-json\/wp\/v2\/posts"}],"about":[{"href":"https:\/\/www.europesays.com\/fr\/wp-json\/wp\/v2\/types\/post"}],"author":[{"embeddable":true,"href":"https:\/\/www.europesays.com\/fr\/wp-json\/wp\/v2\/users\/2"}],"replies":[{"embeddable":true,"href":"https:\/\/www.europesays.com\/fr\/wp-json\/wp\/v2\/comments?post=431501"}],"version-history":[{"count":0,"href":"https:\/\/www.europesays.com\/fr\/wp-json\/wp\/v2\/posts\/431501\/revisions"}],"wp:featuredmedia":[{"embeddable":true,"href":"https:\/\/www.europesays.com\/fr\/wp-json\/wp\/v2\/media\/431502"}],"wp:attachment":[{"href":"https:\/\/www.europesays.com\/fr\/wp-json\/wp\/v2\/media?parent=431501"}],"wp:term":[{"taxonomy":"category","embeddable":true,"href":"https:\/\/www.europesays.com\/fr\/wp-json\/wp\/v2\/categories?post=431501"},{"taxonomy":"post_tag","embeddable":true,"href":"https:\/\/www.europesays.com\/fr\/wp-json\/wp\/v2\/tags?post=431501"}],"curies":[{"name":"wp","href":"https:\/\/api.w.org\/{rel}","templated":true}]}}