{"id":431510,"date":"2025-10-01T16:21:11","date_gmt":"2025-10-01T16:21:11","guid":{"rendered":"https:\/\/www.europesays.com\/fr\/431510\/"},"modified":"2025-10-01T16:21:11","modified_gmt":"2025-10-01T16:21:11","slug":"pres-de-rouen-plus-de-100-clients-enedis-prives-de-courant-depuis-plusieurs-heures","status":"publish","type":"post","link":"https:\/\/www.europesays.com\/fr\/431510\/","title":{"rendered":"Pr\u00e8s de Rouen. Plus de 100 clients Enedis\u00a0priv\u00e9s de courant depuis plusieurs heures"},"content":{"rendered":"<p melodystyle=\"texte\">Une importante panne \u00e9lectrique a eu lieu au Mesnil-Esnard, pr\u00e8s de Rouen, mercredi 1er\u00a0octobre. Selon Enedis en charge du r\u00e9seau, l&rsquo;incident concerne 109 clients qui sont donc priv\u00e9s de courant depuis plusieurs heures.<\/p>\n<p>R\u00e9tablissement complet du courant\u00a0vers 23h<\/p>\n<p melodystyle=\"texte\">Toujours d&rsquo;apr\u00e8s le gestionnaire, il s&rsquo;agit d&rsquo;un incident sous le r\u00e9seau basse tension. Les agents\u00a0Enedis \u00e9taient\u00a0toujours sur place vers 17h pour r\u00e9gler la situation. Il faudra attendre la fin de soir\u00e9e vers 23h pour le r\u00e9tablissement complet du courant.<\/p>\n<p melodystyle=\"texte\">Enedis exploite pr\u00e8s de 100\u00a0000km de r\u00e9seaux \u00e9lectriques en Normandie pour environ deux millions de clients r\u00e9partis sur les cinq d\u00e9partements.<\/p>\n","protected":false},"excerpt":{"rendered":"Une importante panne \u00e9lectrique a eu lieu au Mesnil-Esnard, pr\u00e8s de Rouen, mercredi 1er\u00a0octobre. Selon Enedis en charge&hellip;\n","protected":false},"author":2,"featured_media":431511,"comment_status":"","ping_status":"","sticky":false,"template":"","format":"standard","meta":{"footnotes":""},"categories":[9587],"tags":[1111,11,1777,674,1011,27,12,5161,25,9590],"class_list":{"0":"post-431510","1":"post","2":"type-post","3":"status-publish","4":"format-standard","5":"has-post-thumbnail","7":"category-rouen","8":"tag-actu","9":"tag-actualites","10":"tag-eu","11":"tag-europe","12":"tag-fr","13":"tag-france","14":"tag-news","15":"tag-normandie","16":"tag-republique-francaise","17":"tag-rouen"},"share_on_mastodon":{"url":"https:\/\/pubeurope.com\/@fr\/115299830036385815","error":""},"_links":{"self":[{"href":"https:\/\/www.europesays.com\/fr\/wp-json\/wp\/v2\/posts\/431510","targetHints":{"allow":["GET"]}}],"collection":[{"href":"https:\/\/www.europesays.com\/fr\/wp-json\/wp\/v2\/posts"}],"about":[{"href":"https:\/\/www.europesays.com\/fr\/wp-json\/wp\/v2\/types\/post"}],"author":[{"embeddable":true,"href":"https:\/\/www.europesays.com\/fr\/wp-json\/wp\/v2\/users\/2"}],"replies":[{"embeddable":true,"href":"https:\/\/www.europesays.com\/fr\/wp-json\/wp\/v2\/comments?post=431510"}],"version-history":[{"count":0,"href":"https:\/\/www.europesays.com\/fr\/wp-json\/wp\/v2\/posts\/431510\/revisions"}],"wp:featuredmedia":[{"embeddable":true,"href":"https:\/\/www.europesays.com\/fr\/wp-json\/wp\/v2\/media\/431511"}],"wp:attachment":[{"href":"https:\/\/www.europesays.com\/fr\/wp-json\/wp\/v2\/media?parent=431510"}],"wp:term":[{"taxonomy":"category","embeddable":true,"href":"https:\/\/www.europesays.com\/fr\/wp-json\/wp\/v2\/categories?post=431510"},{"taxonomy":"post_tag","embeddable":true,"href":"https:\/\/www.europesays.com\/fr\/wp-json\/wp\/v2\/tags?post=431510"}],"curies":[{"name":"wp","href":"https:\/\/api.w.org\/{rel}","templated":true}]}}