{"id":431512,"date":"2025-10-01T16:22:12","date_gmt":"2025-10-01T16:22:12","guid":{"rendered":"https:\/\/www.europesays.com\/fr\/431512\/"},"modified":"2025-10-01T16:22:12","modified_gmt":"2025-10-01T16:22:12","slug":"metropole-de-grenoble-la-metrorando-cest-dimanche-au-depart-de-grenoble","status":"publish","type":"post","link":"https:\/\/www.europesays.com\/fr\/431512\/","title":{"rendered":"M\u00e9tropole de Grenoble. La \u00ab\u00a0M\u00e9trorando\u00a0\u00bb, c\u2019est dimanche au d\u00e9part de Grenoble"},"content":{"rendered":"<p>C\u2019est un terrain de jeu immense que connaissent nombre d\u2019habitants de l\u2019agglom\u00e9ration grenobloise\u00a0: depuis la m\u00e9tropole, <a href=\"https:\/\/www.ledauphine.com\/transport\/2025\/08\/14\/les-cinq-meilleures-randonnees-a-faire-sans-voiture-depuis-grenoble\" target=\"_blank\" rel=\"noopener\">865\u00a0km de chemins et de sentiers balis\u00e9s<\/a> sont accessibles en direction du Vercors, de Belledonne ou de Chartreuse.<\/p>\n<p>Mais tout le monde ne ma\u00eetrise pas la rando sur le bout de ses chaussures et la M\u00e9tropole propose donc quatre circuits ce dimanche au d\u00e9part du Jardin de ville pour en d\u00e9couvrir une partie.<\/p>\n<p>  Un ravitaillement avec des produits locaux<\/p>\n<p>\u00ab\u00a0Cette \u00e9dition s\u2019inscrit dans le programme du \u00ab\u00a0Mois de l\u2019alimentation\u00a0\u00bb avec un ravitaillement aux couleurs des produits locaux, pr\u00e9cise la collectivit\u00e9 dans un communiqu\u00e9. Plusieurs niveaux de difficult\u00e9 sont propos\u00e9s pour des parcours adapt\u00e9s, au d\u00e9part du Jardin de ville de Grenoble, entre 8\u00a0h et 10\u00a0h\u00a030. L\u2019occasion \u00e9galement de d\u00e9couvrir le nouveau sentier am\u00e9nag\u00e9 pour acc\u00e9der \u00e0 la Bastille depuis Saint-Martin-le-Vinoux.\u00a0\u00bb<\/p>\n<p>Les quatre circuits propos\u00e9s aux randonneurs emprunteront des sentiers sur Grenoble, La Tronche et Saint-Martin-le-Vinoux\u00a0: de 18\u00a0km (980\u00a0m D +) pour le plus grand parcours \u00e0 5\u00a0km (300\u00a0m D +) pour le plus facile.<\/p>\n<p class=\"note\">Attention, inscription sur place impossible, <a href=\"https:\/\/services.demarches.grenoblealpesmetropole.fr\/s-inscrire-a-une-activite-a-un-service\/metro-rando\/?cancelurl=https%3A\/\/demarches.grenoblealpesmetropole.fr\/\" target=\"_blank\" rel=\"noopener\">r\u00e9servation en ligne obligatoire<\/a> avant vendredi 3\u00a0octobre \u00e0 16\u00a0h.<\/p>\n","protected":false},"excerpt":{"rendered":"C\u2019est un terrain de jeu immense que connaissent nombre d\u2019habitants de l\u2019agglom\u00e9ration grenobloise\u00a0: depuis la m\u00e9tropole, 865\u00a0km de&hellip;\n","protected":false},"author":2,"featured_media":431513,"comment_status":"","ping_status":"","sticky":false,"template":"","format":"standard","meta":{"footnotes":""},"categories":[9566],"tags":[1111,11,2430,7782,1687,112,1777,674,1011,27,2731,12297,12,25,9612],"class_list":{"0":"post-431512","1":"post","2":"type-post","3":"status-publish","4":"format-standard","5":"has-post-thumbnail","7":"category-grenoble","8":"tag-actu","9":"tag-actualites","10":"tag-auvergne-rhone-alpes","11":"tag-balades-et-randonnees","12":"tag-culture-loisirs","13":"tag-edition-grenoble-agglomeration","14":"tag-eu","15":"tag-europe","16":"tag-fr","17":"tag-france","18":"tag-grenoble","19":"tag-la-tronche","20":"tag-news","21":"tag-republique-francaise","22":"tag-saint-martin-le-vinoux"},"share_on_mastodon":{"url":"https:\/\/pubeurope.com\/@fr\/115299833813733086","error":""},"_links":{"self":[{"href":"https:\/\/www.europesays.com\/fr\/wp-json\/wp\/v2\/posts\/431512","targetHints":{"allow":["GET"]}}],"collection":[{"href":"https:\/\/www.europesays.com\/fr\/wp-json\/wp\/v2\/posts"}],"about":[{"href":"https:\/\/www.europesays.com\/fr\/wp-json\/wp\/v2\/types\/post"}],"author":[{"embeddable":true,"href":"https:\/\/www.europesays.com\/fr\/wp-json\/wp\/v2\/users\/2"}],"replies":[{"embeddable":true,"href":"https:\/\/www.europesays.com\/fr\/wp-json\/wp\/v2\/comments?post=431512"}],"version-history":[{"count":0,"href":"https:\/\/www.europesays.com\/fr\/wp-json\/wp\/v2\/posts\/431512\/revisions"}],"wp:featuredmedia":[{"embeddable":true,"href":"https:\/\/www.europesays.com\/fr\/wp-json\/wp\/v2\/media\/431513"}],"wp:attachment":[{"href":"https:\/\/www.europesays.com\/fr\/wp-json\/wp\/v2\/media?parent=431512"}],"wp:term":[{"taxonomy":"category","embeddable":true,"href":"https:\/\/www.europesays.com\/fr\/wp-json\/wp\/v2\/categories?post=431512"},{"taxonomy":"post_tag","embeddable":true,"href":"https:\/\/www.europesays.com\/fr\/wp-json\/wp\/v2\/tags?post=431512"}],"curies":[{"name":"wp","href":"https:\/\/api.w.org\/{rel}","templated":true}]}}