{"id":431516,"date":"2025-10-01T16:24:09","date_gmt":"2025-10-01T16:24:09","guid":{"rendered":"https:\/\/www.europesays.com\/fr\/431516\/"},"modified":"2025-10-01T16:24:09","modified_gmt":"2025-10-01T16:24:09","slug":"ils-ciblent-les-plus-jeunes-ce-que-lon-sait-sur-lagression-au-couteau-dun-adolescent-de-13-ans-a-rennes","status":"publish","type":"post","link":"https:\/\/www.europesays.com\/fr\/431516\/","title":{"rendered":"\u00ab Ils ciblent les plus jeunes \u00bb : ce que l\u2019on sait sur l\u2019agression au couteau d\u2019un adolescent de 13 ans \u00e0 Rennes"},"content":{"rendered":"<p>Mardi 30 septembre, aux alentours de 15 h 15, un adolescent de 13 ans a \u00e9t\u00e9 bless\u00e9 \u00e0 l\u2019arme blanche sur le boulevard de Vitr\u00e9, \u00e0 proximit\u00e9 imm\u00e9diate de la station de m\u00e9tro Joliot-Curie &#8211; Ch\u00e2teaubriand. Touch\u00e9 dans le dos, il a trouv\u00e9 refuge dans une boulangerie situ\u00e9e pr\u00e8s de la bouche de m\u00e9tro. Pris en charge rapidement, il a \u00e9t\u00e9 transport\u00e9 \u00e0 l\u2019h\u00f4pital. Ses jours ne sont pas en danger. L\u2019auteur n\u2019a pas \u00e9t\u00e9 retrouv\u00e9. Une enqu\u00eate a \u00e9t\u00e9 ouverte pour faire la lumi\u00e8re sur ces faits.<\/p>\n<p>D\u2019apr\u00e8s les premiers \u00e9l\u00e9ments de l\u2019enqu\u00eate, cette agression serait li\u00e9e \u00e0 un r\u00e8glement de compte. Originaire du quartier de Maurepas, l\u2019adolescent bless\u00e9 a d\u00e9j\u00e0 \u00e9t\u00e9 impliqu\u00e9 dans des vols avec violence dans le secteur. Entendu par la police, il n\u2019a, pour l\u2019instant, pas souhait\u00e9 s\u2019exprimer sur les circonstances pr\u00e9cises de l\u2019incident.<\/p>\n<p>Vols avec violence<\/p>\n<p>\u00c0 la sortie du lyc\u00e9e, ce mercredi, plusieurs \u00e9l\u00e8ves commentaient ce fait divers. \u00ab On conna\u00eet tous quelqu\u2019un qui a \u00e9t\u00e9 rackett\u00e9 dans le secteur \u00bb, confie Abdallah, \u00e9l\u00e8ve de terminale. \u00ab Souvent, de petits groupes de jeunes en rupture scolaire se postent entre la station de m\u00e9tro et l\u2019arr\u00eat de bus. Ils ciblent les plus jeunes, notamment les coll\u00e9giens de 6e ou 5e, et leur demandent de vider leurs poches. En cas de refus, la situation peut d\u00e9g\u00e9n\u00e9rer. \u00bb<\/p>\n<p>Valentin, \u00e9galement en terminale, ajoute : \u00ab Ce lieu est tr\u00e8s fr\u00e9quent\u00e9. Quatre lignes de bus passent ici, dont la C5 qui va jusqu\u2019\u00e0 Br\u00e9quigny en passant par le centre-ville. Et la ligne B du m\u00e9tro relie aussi plusieurs quartiers, de Saint-Jacques-de-la-Lande \u00e0 Cesson-S\u00e9vign\u00e9. Il y a de nombreux \u00e9tablissements scolaires autour : le coll\u00e8ge lyc\u00e9e de l\u2019Assomption, Jeanne d\u2019Arc, les Gayeulles, Chateaubriand, Joliot-Curie\u2026 Tous ces \u00e9l\u00e8ves se croisent ici, \u00e7a attire forc\u00e9ment du monde. \u00bb<\/p>\n","protected":false},"excerpt":{"rendered":"Mardi 30 septembre, aux alentours de 15 h 15, un adolescent de 13 ans a \u00e9t\u00e9 bless\u00e9 \u00e0&hellip;\n","protected":false},"author":2,"featured_media":431517,"comment_status":"","ping_status":"","sticky":false,"template":"","format":"standard","meta":{"footnotes":""},"categories":[2821],"tags":[1111,11,829,765,1777,674,118,3383,1011,27,12,50972,584,25],"class_list":{"0":"post-431516","1":"post","2":"type-post","3":"status-publish","4":"format-standard","5":"has-post-thumbnail","7":"category-rennes","8":"tag-actu","9":"tag-actualites","10":"tag-bretagne","11":"tag-en-continu","12":"tag-eu","13":"tag-europe","14":"tag-faits-divers","15":"tag-faits-divers-a-rennes","16":"tag-fr","17":"tag-france","18":"tag-news","19":"tag-newsletter-la-rennes-quotidienne","20":"tag-rennes","21":"tag-republique-francaise"},"share_on_mastodon":{"url":"https:\/\/pubeurope.com\/@fr\/115299841815709700","error":""},"_links":{"self":[{"href":"https:\/\/www.europesays.com\/fr\/wp-json\/wp\/v2\/posts\/431516","targetHints":{"allow":["GET"]}}],"collection":[{"href":"https:\/\/www.europesays.com\/fr\/wp-json\/wp\/v2\/posts"}],"about":[{"href":"https:\/\/www.europesays.com\/fr\/wp-json\/wp\/v2\/types\/post"}],"author":[{"embeddable":true,"href":"https:\/\/www.europesays.com\/fr\/wp-json\/wp\/v2\/users\/2"}],"replies":[{"embeddable":true,"href":"https:\/\/www.europesays.com\/fr\/wp-json\/wp\/v2\/comments?post=431516"}],"version-history":[{"count":0,"href":"https:\/\/www.europesays.com\/fr\/wp-json\/wp\/v2\/posts\/431516\/revisions"}],"wp:featuredmedia":[{"embeddable":true,"href":"https:\/\/www.europesays.com\/fr\/wp-json\/wp\/v2\/media\/431517"}],"wp:attachment":[{"href":"https:\/\/www.europesays.com\/fr\/wp-json\/wp\/v2\/media?parent=431516"}],"wp:term":[{"taxonomy":"category","embeddable":true,"href":"https:\/\/www.europesays.com\/fr\/wp-json\/wp\/v2\/categories?post=431516"},{"taxonomy":"post_tag","embeddable":true,"href":"https:\/\/www.europesays.com\/fr\/wp-json\/wp\/v2\/tags?post=431516"}],"curies":[{"name":"wp","href":"https:\/\/api.w.org\/{rel}","templated":true}]}}