{"id":431518,"date":"2025-10-01T16:25:13","date_gmt":"2025-10-01T16:25:13","guid":{"rendered":"https:\/\/www.europesays.com\/fr\/431518\/"},"modified":"2025-10-01T16:25:13","modified_gmt":"2025-10-01T16:25:13","slug":"pres-de-rennes-un-batiment-agricole-ravage-par-les-flammes","status":"publish","type":"post","link":"https:\/\/www.europesays.com\/fr\/431518\/","title":{"rendered":"Pr\u00e8s de Rennes, un b\u00e2timent agricole ravag\u00e9 par les flammes"},"content":{"rendered":"<p>Les images sont impressionnantes. Ce mercredi 1er octobre, vers 11 h 22 les sapeurs-pompiers du SDIS 35 sont intervenus sur <a href=\"https:\/\/www.letelegramme.fr\/ille-et-vilaine\/rennes-35000\/au-nord-de-rennes-39-pompiers-mobilises-pour-lincendie-dun-batiment-agricole-en-pleine-nuit-6846629.php\" target=\"_blank\" rel=\"nofollow noopener\">un incendie dans une ferme<\/a>, au lieu-dit Les Aulnais \u00e0 Saint-Aubin-d\u2019Aubign\u00e9, pr\u00e8s de Rennes.<\/p>\n<p>Deux tonnes d\u2019engrais<\/p>\n<p>Un <a href=\"https:\/\/www.letelegramme.fr\/ille-et-vilaine\/en-ille-et-vilaine-un-batiment-agricole-devaste-par-un-incendie-6865653.php\" target=\"_blank\" rel=\"nofollow noopener\">b\u00e2timent agricole de 700 m2,<\/a> qui contenait notamment du fourrage, du bois ou encore du mat\u00e9riel agricole, a \u00e9t\u00e9 d\u00e9truit par les flammes. 57 pompiers ont \u00e9t\u00e9 mobilis\u00e9s sur place pour circonscrire les flammes. Une \u00e9quipe, sp\u00e9cialis\u00e9e dans les risques chimiques s\u2019est \u00e9galement rendue sur place. Presque deux tonnes d\u2019engrais \u00e9taient \u00e9galement stock\u00e9es dans des sacs \u00e0 l\u2019int\u00e9rieur du b\u00e2timent.<\/p>\n<p><img decoding=\"async\" src=\"https:\/\/www.europesays.com\/fr\/wp-content\/uploads\/2025\/10\/68dd4bdc31e9746bc40572be.1.jpeg\" width=\"480\" height=\"300\" class=\"web_golden_m\" loading=\"lazy\" alt=\"Les pompiers sont intervenus en fin de matin\u00e9e.\"\/>Les pompiers sont intervenus en fin de matin\u00e9e. (SDIS 35)<\/p>\n<p>En fin d\u2019apr\u00e8s-midi, vers 17 h 30, le feu \u00e9tait presque \u00e9teint. Seulement deux engins se trouvaient encore pr\u00e8s de l\u2019incendie.<\/p>\n","protected":false},"excerpt":{"rendered":"Les images sont impressionnantes. Ce mercredi 1er octobre, vers 11 h 22 les sapeurs-pompiers du SDIS 35 sont&hellip;\n","protected":false},"author":2,"featured_media":431519,"comment_status":"","ping_status":"","sticky":false,"template":"","format":"standard","meta":{"footnotes":""},"categories":[2821],"tags":[1111,11,829,1777,674,3383,1011,27,848,12,584,25],"class_list":{"0":"post-431518","1":"post","2":"type-post","3":"status-publish","4":"format-standard","5":"has-post-thumbnail","7":"category-rennes","8":"tag-actu","9":"tag-actualites","10":"tag-bretagne","11":"tag-eu","12":"tag-europe","13":"tag-faits-divers-a-rennes","14":"tag-fr","15":"tag-france","16":"tag-ille-et-vilaine","17":"tag-news","18":"tag-rennes","19":"tag-republique-francaise"},"share_on_mastodon":{"url":"https:\/\/pubeurope.com\/@fr\/115299846137500125","error":""},"_links":{"self":[{"href":"https:\/\/www.europesays.com\/fr\/wp-json\/wp\/v2\/posts\/431518","targetHints":{"allow":["GET"]}}],"collection":[{"href":"https:\/\/www.europesays.com\/fr\/wp-json\/wp\/v2\/posts"}],"about":[{"href":"https:\/\/www.europesays.com\/fr\/wp-json\/wp\/v2\/types\/post"}],"author":[{"embeddable":true,"href":"https:\/\/www.europesays.com\/fr\/wp-json\/wp\/v2\/users\/2"}],"replies":[{"embeddable":true,"href":"https:\/\/www.europesays.com\/fr\/wp-json\/wp\/v2\/comments?post=431518"}],"version-history":[{"count":0,"href":"https:\/\/www.europesays.com\/fr\/wp-json\/wp\/v2\/posts\/431518\/revisions"}],"wp:featuredmedia":[{"embeddable":true,"href":"https:\/\/www.europesays.com\/fr\/wp-json\/wp\/v2\/media\/431519"}],"wp:attachment":[{"href":"https:\/\/www.europesays.com\/fr\/wp-json\/wp\/v2\/media?parent=431518"}],"wp:term":[{"taxonomy":"category","embeddable":true,"href":"https:\/\/www.europesays.com\/fr\/wp-json\/wp\/v2\/categories?post=431518"},{"taxonomy":"post_tag","embeddable":true,"href":"https:\/\/www.europesays.com\/fr\/wp-json\/wp\/v2\/tags?post=431518"}],"curies":[{"name":"wp","href":"https:\/\/api.w.org\/{rel}","templated":true}]}}