{"id":431520,"date":"2025-10-01T16:26:12","date_gmt":"2025-10-01T16:26:12","guid":{"rendered":"https:\/\/www.europesays.com\/fr\/431520\/"},"modified":"2025-10-01T16:26:12","modified_gmt":"2025-10-01T16:26:12","slug":"strasbourg-la-strasbourgeoise-premier-temps-fort-dun-mois-dedie-a-la-lutte-contre-le-cancer-du-sein","status":"publish","type":"post","link":"https:\/\/www.europesays.com\/fr\/431520\/","title":{"rendered":"Strasbourg. La Strasbourgeoise, premier temps fort d\u2019un mois d\u00e9di\u00e9 \u00e0 la lutte contre le cancer du sein"},"content":{"rendered":"<p class=\"insetTitle\">Les autres rendez-vous d\u2019Octobre rose<\/p>\n<p>Le mois d\u2019octobre sera \u00e9galement rythm\u00e9 par d\u2019autres rendez-vous caritatifs\u00a0:<\/p>\n<p> \u25b6 \u2002 un concert en partenariat avec le festival des Sacr\u00e9es Journ\u00e9es le vendredi 10\u00a0octobre \u00e0 20\u00a0h, place Saint-Pierre-le-Jeune (24\u00a0\u20ac dont 6\u00a0\u20ac revers\u00e9s, sur inscription)<\/p>\n<p> \u25b6 \u2002 une journ\u00e9e d\u00e9couverte de la voile organis\u00e9e par le Comit\u00e9 d\u00e9partemental de voile du Bas-Rhin le samedi 11\u00a0octobre au plan d\u2019eau de Plobsheim (15\u00a0\u20ac dont 6\u00a0\u20ac revers\u00e9s, sur inscription)<\/p>\n<p> \u25b6 \u2002 la Strasbourgeoise \u00e0 v\u00e9lo avec un parcours de 20\u00a0km ou de 40\u00a0km le dimanche 12\u00a0octobre au d\u00e9part de Groupama \u00e0 Schiltigheim (18\u00a0\u20ac dont 6\u00a0\u20ac revers\u00e9s, sur inscription)<\/p>\n<p> \u25b6 \u2002 des visites guid\u00e9es sur la th\u00e9matique \u201cLa place des femmes dans l\u2019histoire de Strasbourg\u201d les 18 et 19\u00a0octobre, au d\u00e9part de l\u2019office de tourisme (8\u00a0\u20ac par personne, l\u2019int\u00e9gralit\u00e9 est revers\u00e9e, sur inscription)<\/p>\n<p> \u25b6 \u2002 des balades en bateau propos\u00e9es par Captain Bretzel, tous les week-ends (6\u00a0\u20ac revers\u00e9s, sur r\u00e9servation)<\/p>\n","protected":false},"excerpt":{"rendered":"Les autres rendez-vous d\u2019Octobre rose Le mois d\u2019octobre sera \u00e9galement rythm\u00e9 par d\u2019autres rendez-vous caritatifs\u00a0: \u25b6 \u2002 un&hellip;\n","protected":false},"author":2,"featured_media":431521,"comment_status":"","ping_status":"","sticky":false,"template":"","format":"standard","meta":{"footnotes":""},"categories":[2820],"tags":[1111,11,4132,2880,1777,674,107,1011,27,775,12,25,71,517,640,2879],"class_list":{"0":"post-431520","1":"post","2":"type-post","3":"status-publish","4":"format-standard","5":"has-post-thumbnail","7":"category-strasbourg","8":"tag-actu","9":"tag-actualites","10":"tag-athletisme","11":"tag-edition-strasbourg","12":"tag-eu","13":"tag-europe","14":"tag-fil-info","15":"tag-fr","16":"tag-france","17":"tag-grand-est","18":"tag-news","19":"tag-republique-francaise","20":"tag-sante","21":"tag-sport","22":"tag-strasbourg","23":"tag-strasbourg-ville"},"share_on_mastodon":{"url":"https:\/\/pubeurope.com\/@fr\/115299849599588980","error":""},"_links":{"self":[{"href":"https:\/\/www.europesays.com\/fr\/wp-json\/wp\/v2\/posts\/431520","targetHints":{"allow":["GET"]}}],"collection":[{"href":"https:\/\/www.europesays.com\/fr\/wp-json\/wp\/v2\/posts"}],"about":[{"href":"https:\/\/www.europesays.com\/fr\/wp-json\/wp\/v2\/types\/post"}],"author":[{"embeddable":true,"href":"https:\/\/www.europesays.com\/fr\/wp-json\/wp\/v2\/users\/2"}],"replies":[{"embeddable":true,"href":"https:\/\/www.europesays.com\/fr\/wp-json\/wp\/v2\/comments?post=431520"}],"version-history":[{"count":0,"href":"https:\/\/www.europesays.com\/fr\/wp-json\/wp\/v2\/posts\/431520\/revisions"}],"wp:featuredmedia":[{"embeddable":true,"href":"https:\/\/www.europesays.com\/fr\/wp-json\/wp\/v2\/media\/431521"}],"wp:attachment":[{"href":"https:\/\/www.europesays.com\/fr\/wp-json\/wp\/v2\/media?parent=431520"}],"wp:term":[{"taxonomy":"category","embeddable":true,"href":"https:\/\/www.europesays.com\/fr\/wp-json\/wp\/v2\/categories?post=431520"},{"taxonomy":"post_tag","embeddable":true,"href":"https:\/\/www.europesays.com\/fr\/wp-json\/wp\/v2\/tags?post=431520"}],"curies":[{"name":"wp","href":"https:\/\/api.w.org\/{rel}","templated":true}]}}