{"id":431526,"date":"2025-10-01T16:29:12","date_gmt":"2025-10-01T16:29:12","guid":{"rendered":"https:\/\/www.europesays.com\/fr\/431526\/"},"modified":"2025-10-01T16:29:12","modified_gmt":"2025-10-01T16:29:12","slug":"alice-a-dechante-en-participant-a-la-course-de-lutmb","status":"publish","type":"post","link":"https:\/\/www.europesays.com\/fr\/431526\/","title":{"rendered":"Alice a d\u00e9chant\u00e9 en participant \u00e0 la course de l&rsquo;UTMB"},"content":{"rendered":"<p>            Par<br \/>\n        <strong><br \/>\n            <a href=\"https:\/\/actu.fr\/auteur\/arthur-frand\" title=\"Consulter tous les articles de Arthur Frand\" target=\"_blank\" rel=\"noopener\">Arthur Frand<\/a><br \/>\n        <\/strong><\/p>\n<p>        Publi\u00e9 le<\/p>\n<p>            1 oct. 2025 \u00e0 18h22        <\/p>\n<p>Elle est venue de Londres avec enthousiasme. Pour Alice Light,<a href=\"https:\/\/actu.fr\/provence-alpes-cote-d-azur\/nice_06088\/ultra-trail-nice-cote-d-azur-village-expo-programme-ce-qu-il-faut-savoir-sur-l-evenement_63206877.html\" target=\"_blank\" rel=\"noopener\"> l\u2019Ultra-trail Nice C\u00f4te d\u2019Azur<\/a>, qui avait lieu du 25 au 28\u00a0septembre \u00e0 <a href=\"https:\/\/actu.fr\/nice\/\" target=\"_blank\" rel=\"noopener\">Nice<\/a> (<a href=\"https:\/\/actu.fr\/provence-alpes-cote-d-azur\/alpes-maritimes_06\" target=\"_blank\" rel=\"noopener\">Alpes-Maritimes<\/a>) \u00e9tait un rendez-vous important. Un moment de joie aussi, et l\u2019aboutissement d\u2019une pr\u00e9paration.<br \/>Mais samedi 27\u00a0septembre, elle a <strong>d\u00e9chant\u00e9<\/strong> et n\u2019a pas pu finir la course sur laquelle elle s\u2019\u00e9tait engag\u00e9e, le 100K (111\u00a0km). Elle estime avoir \u00e9t\u00e9 victime d\u2019une<strong> erreur d\u2019aiguillage<\/strong> au premier point de contr\u00f4le puis mise hors course de mani\u00e8re arbitraire. Ce que r\u00e9fute l\u2019organisation de la course.<\/p>\n<p class=\" wall-content\">Dossard 3473, Alice Light, originaire de Machynlleth (Pays de Galles), a pris le d\u00e9part \u00e0 Roubion, \u00e0 10h. Cette passionn\u00e9e de course \u00e0 pied, qui va avoir 49\u00a0ans, voulait prouver \u00e0 sa fille de 15\u00a0ans et \u00e0 toutes les femmes du monde que l\u2019on peut \u00ab\u2009suivre ses r\u00eaves\u2009\u00bb. Mais son aventure a pris fin tr\u00e8s rapidement, trop rapidement.<\/p>\n<p>\u00ab\u2009On m\u2019a clairement indiqu\u00e9 la direction \u00e0 suivre\u2009\u00bb<\/p>\n<p class=\" wall-content\">\u00ab\u2009Ma course s\u2019est termin\u00e9e brusquement <strong>au point de contr\u00f4le 1<\/strong>. J\u2019ai demand\u00e9 la bonne direction \u00e0 un groupe d\u2019hommes avec des vestes et tee-shirts de l\u2019UTMB. En descendant la colline, j\u2019ai perdu le point de contr\u00f4le de vue, j\u2019ai senti que quelque chose n\u2019allait pas. Mais le personnel m\u2019avait clairement indiqu\u00e9 la direction \u00e0 suivre. J\u2019ai \u00e9galement vu un sachet de gel vide, signe qu\u2019un coureur \u00e9tait pass\u00e9 par l\u00e0, alors j\u2019ai continu\u00e9\u2026\u2009\u00bb, raconte Alice Light \u00e0 actu Nice.<\/p>\n<p>Perdue hors du parcours, elle a fait demi-tour<\/p>\n<p class=\" wall-content\">Cette derni\u00e8re a perdu son chemin juste apr\u00e8s le passage au col de la Sinne (apr\u00e8s 13,7\u00a0km de course), lieu du premier point de contr\u00f4le sans assistance. Elle s\u2019est <strong>enfonc\u00e9e<\/strong> dans l\u2019arri\u00e8re-pays pendant plus de 2 kilom\u00e8tres environ. Son signal GPS lui a aussi jou\u00e9 des tours. Alors, en panique, Alice Light est revenue sur ses pas.<\/p>\n<p>    <a href=\"https:\/\/www.google.com\/maps\/embed?pb=!1m18!1m12!1m3!1d10758.009614679366!2d7.063276152143431!3d44.02547433434756!2m3!1f0!2f0!3f0!3m2!1i1024!2i768!4f13.1!3m3!1m2!1s0x12cc4d6126f2f809%3A0x34d56b2cf4d867d3!2sCol%20de%20la%20Sinne!5e1!3m2!1sfr!2sfr!4v1759248308328!5m2!1sfr!2sfr\" title=\"Ouvrie le lien\" target=\"_blank\" rel=\"noopener\">Cliquez ici pour visualiser le contenu<\/a><\/p>\n<blockquote class=\"ac-article-quote wall-content\">\n<p>Lorsque je suis remont\u00e9e au premier point de contr\u00f4le, il \u00e9tait trop tard. Les derniers coureurs \u00e9taient pass\u00e9s, les balayeurs \u00e9taient partis et ils avaient arr\u00eat\u00e9 le chronom\u00e8tre. Malgr\u00e9 mes protestations, ils ont coup\u00e9 mon traceur GPS, d\u00e9chir\u00e9 un morceau de mon dossard et ma course s\u2019est termin\u00e9e en quelques secondes. J\u2019ai \u00e9t\u00e9 envahie par les larmes et la col\u00e8re. \u00c7a faisait beaucoup.<\/p>\n<p>    <strong>Alice Light<\/strong><br \/>\n        Traileuse britannique    <\/p><\/blockquote>\n<p>\u00ab\u2009Je pense qu\u2019ils voulaient se d\u00e9barrasser de moi\u2009\u00bb<\/p>\n<p class=\" wall-content\">La Britannique a insist\u00e9 pour continuer sur le parcours, mais de son c\u00f4t\u00e9 comme le prouve son compte <a href=\"https:\/\/actu.fr\/sports\/temoignages-c-est-pour-ca-que-je-cours-sur-strava-ces-acharnes-chassent-les-records-kom-a-tout-prix_61750267.html\" target=\"_blank\" rel=\"noopener\">Strava<\/a>. \u00ab\u2009Je n\u2019\u00e9tais plus suivie, j\u2019\u00e9tais <strong>seule<\/strong>. Avec le recul, je pense qu\u2019ils voulaient juste se d\u00e9barrasser de moi. J\u2019avais l\u2019impression de leur rendre service\u2009!\u2009\u00bb, estime Alice Light.<\/p>\n<p>Votre r\u00e9gion, votre actu !<\/p>\n<p>Recevez chaque jour les infos qui comptent pour vous.<\/p>\n<p>\t<a href=\"https:\/\/actu.fr\/newsletter\" class=\"ac-btn ac-btn--corner ac-btn--medium ac-btn--blue800\" target=\"_blank\" rel=\"noopener\">S&rsquo;incrire<\/a><\/p>\n<p>    <a href=\"https:\/\/www.facebook.com\/plugins\/post.php?href=https%3A%2F%2Fwww.facebook.com%2Falice.light.731%2Fposts%2Fpfbid02mMKTbXmELj3SJZmVNR6MGKvU7Wd6dhTx6Hgvv2fgoxDvJJMZXjy58rdhhmYyeVFLl&amp;show_text=true&amp;width=350\" title=\"Ouvrie le lien\" target=\"_blank\" rel=\"noopener\">Cliquez ici pour visualiser le contenu<\/a><\/p>\n<p class=\" wall-content\">La Britannique s\u2019est rendue jusqu\u2019au point de contr\u00f4le 2, hors course. \u00ab\u2009Le personnel <strong>\u00e9tait choqu\u00e9<\/strong> de me voir. Ils ne savaient pas qui j\u2019\u00e9tais ni d\u2019o\u00f9 je venais. Le responsable du point de contr\u00f4le 1 a omis d\u2019en informer le point de contr\u00f4le suivant\u2009\u00bb, juge Alice Light.<\/p>\n<p>    <img   decoding=\"async\" loading=\"lazy\" src=\"https:\/\/www.europesays.com\/fr\/wp-content\/uploads\/2025\/10\/light-alice-960x640.jpg\" alt=\"Alice Light portait le dossard 3473 sur le 100M cde l'UMB Nice.\" width=\"960\" height=\"640\"\/><br \/>\n    Dossard 3473 sur le 100M de l\u2019UMB Nice, Alice Light avait pris soin de mettre sa nutrition dans des sachets pour les diff\u00e9rents points de ravitaillement. (\u00a9Alice Light)\u00ab\u2009N\u2019importe qui peut porter un v\u00eatement de l\u2019UTMB\u2009\u00bb\u2009: les explications de l\u2019organisation<\/p>\n<p class=\" wall-content\">Mais cette coureuse britannique a-t-elle vraiment \u00e9t\u00e9 mise hors course de mani\u00e8re volontaire\u2009? L\u2019organisation de <a href=\"https:\/\/actu.fr\/provence-alpes-cote-d-azur\/nice_06088\/ultra-trail-nice-cote-d-azur-village-expo-programme-ce-qu-il-faut-savoir-sur-l-evenement_63206877.html\" target=\"_blank\" rel=\"noopener\">l\u2019UTMB Nice C\u00f4te d\u2019Azur<\/a>, elle, reste perplexe.<\/p>\n<p class=\" wall-content\">\u00ab\u2009Il est bien marqu\u00e9 qu\u2019elle a <strong>abandonn\u00e9<\/strong> \u00e0 14h, apr\u00e8s 3h29 de course (3,9\u00a0km\/h de moyenne), au Col de la Sinne. Cela veut dire que c\u2019est sa d\u00e9cision, pas celle de l\u2019organisation. Lorsqu\u2019une personne est mise hors d\u00e9lais par les commissaires, c\u2019est bien pr\u00e9cis\u00e9. D\u2019autant qu\u2019il n\u2019y avait <strong>pas de barri\u00e8re horaire<\/strong> au premier point de contr\u00f4le donc personne ne pouvait la forcer \u00e0 s\u2019arr\u00eater \u00e0 cet endroit-l\u00e0. Apr\u00e8s, il est possible qu\u2019elle ait \u00e9t\u00e9 cat\u00e9goris\u00e9e comme abandon car elle n\u2019a pass\u00e9 aucun autre point de contr\u00f4le\u2009\u00bb, explique l\u2019organisation de l\u2019\u00e9v\u00e8nement, contact\u00e9 par actu Nice.<\/p>\n<p class=\" wall-content\">\u00ab\u2009C\u2019est assez <strong>surprenant<\/strong> honn\u00eatement. Du <strong>balisage bien visible<\/strong> est mis en place tous les 200 \u00e0 300\u00a0m\u00e8tres. Comment s\u2019est-elle retrouv\u00e9e aussi loin, seule\u2009? Si on ne voit pas de balisage au bout de 500\u00a0m\u00e8tres, il faut s\u2019inqui\u00e9ter. De plus, il n\u2019y a <strong>pas d\u2019aiguillage humain<\/strong>, il est impossible qu\u2019on lui ait dit de prendre \u00e0 gauche au lieu d\u2019aller \u00e0 droite. N\u2019importe qui peut porter un v\u00eatement de l\u2019UTMB. La personne qui l\u2019a conseill\u00e9e n\u2019est peut-\u00eatre pas commissaire. Se rep\u00e9rer, c\u2019est de la responsabilit\u00e9 du coureur\u2009\u00bb, se d\u00e9fend l\u2019organisation<\/p>\n<p class=\" wall-content\">Alice Light, elle, n\u2019en d\u00e9mord pas. \u00ab\u2009Je n\u2019avais aucune raison de jeter l\u2019\u00e9ponge. Venir \u00e0 Nice \u00e9tait un gros engagement\u2009: financier et humain. J\u2019\u00e9tais l\u00e0 pour prendre la bonne route et aller au bout\u00a0\u00bb, contre argumente-t-elle.<\/p>\n<p>\u00ab\u2009Ce n\u2019\u00e9tait pas mon heure\u2009\u00bb<\/p>\n<p class=\" wall-content\">Pour cette \u00ab\u2009ultra runneuse\u2009\u00bb, qui avait fait deux semaines d\u2019entra\u00eenement dans les Alpes en ao\u00fbt, la pilule est difficile \u00e0 avaler. La veille de la course, vendredi 26 septembre, Alice Light avait r\u00e9ussi \u00e9vacuer son stress. \u00ab\u2009Avant la remise des dossards, j\u2019\u00e9tais en larmes, submerg\u00e9e par le stress. J\u2019ai donc essay\u00e9 de me calmer en faisant une petite m\u00e9ditation et une promenade au soleil avant que tout ne se mette en place\u2009\u00bb, raconte-t-elle.<\/p>\n<p class=\" wall-content\">Le jour de la course, rien ne s\u2019est<strong> d\u00e9roul\u00e9 comme pr\u00e9vu<\/strong>. Mais ce n\u2019est que partie remise pour cette passionn\u00e9e de trail. \u00ab\u2009Ce n\u2019\u00e9tait pas mon heure\u2009\u00bb, d\u00e9dramatise Alice Light, qui a tout de m\u00eame pu d\u00e9couvrir des \u00ab\u2009paysages \u00e9poustouflants\u2009\u00bb selon ses dires. \u00c0 l\u2019avenir, elle souhaite \u00ab\u2009que les organisateurs de l\u2019UTMB Nice et d\u2019autres courses prennent davantage soin de leurs coureurs\u2009\u00bb. Cette Londonienne esp\u00e8re m\u00eame revenir sur la C\u00f4te d\u2019Azur pour retenter l\u2019exp\u00e9rience.<\/p>\n<p class=\" wall-content\">Personnalisez votre actualit\u00e9 en ajoutant vos villes et m\u00e9dias en favori avec <a href=\"https:\/\/moncompte.actu.fr\" title=\"D\u00e9couvez Mon Actu\" rel=\"nofollow noopener\" data-trk=\"{&quot;cta&quot;:{&quot;action&quot;:&quot;https:\\\/\\\/moncompte.actu.fr&quot;,&quot;category&quot;:&quot;mon compte&quot;,&quot;from&quot;:&quot;article footer&quot;,&quot;name&quot;:&quot;Mon actu&quot;,&quot;type&quot;:&quot;cta&quot;}}\" target=\"_blank\">Mon Actu<\/a>.<\/p>\n","protected":false},"excerpt":{"rendered":"Par Arthur Frand Publi\u00e9 le 1 oct. 2025 \u00e0 18h22 Elle est venue de Londres avec enthousiasme. Pour&hellip;\n","protected":false},"author":2,"featured_media":431527,"comment_status":"","ping_status":"","sticky":false,"template":"","format":"standard","meta":{"footnotes":""},"categories":[2819],"tags":[1111,11,1777,674,1011,27,12,2401,882,25,517,60,240,6187],"class_list":{"0":"post-431526","1":"post","2":"type-post","3":"status-publish","4":"format-standard","5":"has-post-thumbnail","7":"category-nice","8":"tag-actu","9":"tag-actualites","10":"tag-eu","11":"tag-europe","12":"tag-fr","13":"tag-france","14":"tag-news","15":"tag-nice","16":"tag-provence-alpes-cote-dazur","17":"tag-republique-francaise","18":"tag-sport","19":"tag-sports","20":"tag-temoignage","21":"tag-trail"},"share_on_mastodon":{"url":"https:\/\/pubeurope.com\/@fr\/115299861426675423","error":""},"_links":{"self":[{"href":"https:\/\/www.europesays.com\/fr\/wp-json\/wp\/v2\/posts\/431526","targetHints":{"allow":["GET"]}}],"collection":[{"href":"https:\/\/www.europesays.com\/fr\/wp-json\/wp\/v2\/posts"}],"about":[{"href":"https:\/\/www.europesays.com\/fr\/wp-json\/wp\/v2\/types\/post"}],"author":[{"embeddable":true,"href":"https:\/\/www.europesays.com\/fr\/wp-json\/wp\/v2\/users\/2"}],"replies":[{"embeddable":true,"href":"https:\/\/www.europesays.com\/fr\/wp-json\/wp\/v2\/comments?post=431526"}],"version-history":[{"count":0,"href":"https:\/\/www.europesays.com\/fr\/wp-json\/wp\/v2\/posts\/431526\/revisions"}],"wp:featuredmedia":[{"embeddable":true,"href":"https:\/\/www.europesays.com\/fr\/wp-json\/wp\/v2\/media\/431527"}],"wp:attachment":[{"href":"https:\/\/www.europesays.com\/fr\/wp-json\/wp\/v2\/media?parent=431526"}],"wp:term":[{"taxonomy":"category","embeddable":true,"href":"https:\/\/www.europesays.com\/fr\/wp-json\/wp\/v2\/categories?post=431526"},{"taxonomy":"post_tag","embeddable":true,"href":"https:\/\/www.europesays.com\/fr\/wp-json\/wp\/v2\/tags?post=431526"}],"curies":[{"name":"wp","href":"https:\/\/api.w.org\/{rel}","templated":true}]}}