{"id":431532,"date":"2025-10-01T16:32:25","date_gmt":"2025-10-01T16:32:25","guid":{"rendered":"https:\/\/www.europesays.com\/fr\/431532\/"},"modified":"2025-10-01T16:32:25","modified_gmt":"2025-10-01T16:32:25","slug":"cine-planner-le-facilitateur-administratif-des-salles-obscures","status":"publish","type":"post","link":"https:\/\/www.europesays.com\/fr\/431532\/","title":{"rendered":"Cin\u00e9 Planner, le facilitateur administratif des salles obscures"},"content":{"rendered":"<p>Ce n\u2019est pas propre aux cin\u00e9mas, mais dans le monde de l\u2019entreprise, la gestion du personnel, notamment celle des plannings, rel\u00e8ve souvent du casse-t\u00eate chronophage. Ce qui est propre aux cin\u00e9mas par contre, c\u2019est que leurs dirigeants disposent d\u00e9sormais d\u2019une solution informatique qui leur est d\u00e9di\u00e9e.<\/p>\n<p>C\u2019est Cin\u00e9 Planner, un logiciel \u00e9labor\u00e9 par trois experts du code et du marketing, Louis Math\u00e9, Thibaud Mercier et Sylvain Peigney. Trois associ\u00e9s et amis, entrepreneurs freelance qui ont d\u00e9cid\u00e9 de mobiliser une partie de leur temps libre pour d\u00e9velopper ce projet commun.<\/p>\n<p>\u00ab\u00a0Tout a commenc\u00e9 par une demande d\u2019un ami qui \u00e9tait en charge d\u2019un cin\u00e9ma. C\u2019est lui qui m\u2019a demand\u00e9 de plancher sur un logiciel qui lui permettrait de g\u00e9rer plus facilement les plannings de son personnel\u00a0\u00bb, explique Louis Math\u00e9.<\/p>\n<p>Une solution attendue par les g\u00e9rants de cin\u00e9mas<\/p>\n<p>Une fois mis au point, ce logiciel a s\u00e9duit d\u2019autres gestionnaires mais il n\u2019a pas trouv\u00e9 son mod\u00e8le \u00e9conomique. Ses initiateurs d\u00e9cident d\u2019arr\u00eater son exploitation, mais c\u2019est sans compter sur les cin\u00e9mas qui reviennent \u00e0 la charge. \u00ab\u00a0En fait, outre la gestion des plannings de leurs \u00e9quipes, les exploitants souhaitaient avoir un outil plus complet encore. Nous avons remis \u00e7a.\u00a0\u00bb<\/p>\n<p>\u00ab\u00a0\u00c7a\u00a0\u00bb, c\u2019est la version\u00a02 de Cin\u00e9 Planner, capable d\u2019automatiser et de centraliser la gestion administrative du personnel, de la g\u00e9n\u00e9ration des contrats \u00e0 leur signature via la signature \u00e9lectronique, de la gestion des primes en passant par la conformit\u00e9 vis-\u00e0-vis de la loi des horaires travaill\u00e9s en passant, entre autres, par la gestion des absences. La premi\u00e8re version avait d\u00e9j\u00e0 s\u00e9duit une cinquantaine de cin\u00e9mas, \u00e0 peine finalis\u00e9e, en juillet 2025, la nouvelle version de Cin\u00e9 Planner a s\u00e9duit le Centre national du cin\u00e9ma (CNC). \u00ab\u00a0C\u2019est une r\u00e9f\u00e9rence, un soutien de choix. Il nous a accord\u00e9 une subvention qui a permis de couvrir 45\u00a0% du budget de d\u00e9veloppement de Cin\u00e9 Planner\u00a0\u00bb, explique Thibaud Mercier.<\/p>\n<p>La Version 2 sur les \u00ab\u00a0planches\u00a0\u00bb de Deauville<\/p>\n<p>En outre, le CNC a \u00e9galement permis \u00e0 l\u2019\u00e9quipe de pr\u00e9senter sa solution \u00e0 l\u2019ensemble des exploitants de cin\u00e9mas. \u00c7a s\u2019est pass\u00e9 du 22 au 25\u00a0septembre, \u00e0 Deauville, lors du congr\u00e8s 2025 de la F\u00e9d\u00e9ration nationale des exploitants fran\u00e7ais. \u00ab\u00a0C\u2019est une vitrine de choix qui pourrait bien acc\u00e9l\u00e9rer le d\u00e9ploiement de notre solution que nous leur proposons \u00e0 deux tarifs diff\u00e9rents, en fonction des options qu\u2019ils choisissent et du nombre d\u2019\u00e9crans de leurs infrastructures\u00a0\u00bb, explique Louis Math\u00e9.<\/p>\n<blockquote><p> \u00ab\u00a0Depuis le congr\u00e8s de Deauville, nous acc\u00e9l\u00e9rons la prospection avec espoir\u201d<\/p><\/blockquote>\n<p>Les premiers cin\u00e9mas clients vont du mono \u00e9cran au multiplexe, quelques groupes testent la solution. \u00ab\u00a0Depuis le congr\u00e8s de Deauville, nous acc\u00e9l\u00e9rons la prospection avec espoir car Cin\u00e9 Planner, projet accompagn\u00e9 par l\u2019incubateur Bordeaux Unitec et la French Tech Bordeaux, int\u00e9resse.\u00a0\u00bb Un int\u00e9r\u00eat compr\u00e9hensible car le logiciel permettrait des gains de temps \u00e9quivalents \u00e0 deux jours par mois\u2026 \u00ab\u00a0Sur la seule \u00e9laboration des plannings\u00a0\u00bb, promettent Louis Math\u00e9 et Thibaud Mercier, qui assurent aussi que deux \u00e0 trois spectateurs par salle couvrent le co\u00fbt mensuel de Cin\u00e9 Planner.<\/p>\n","protected":false},"excerpt":{"rendered":"Ce n\u2019est pas propre aux cin\u00e9mas, mais dans le monde de l\u2019entreprise, la gestion du personnel, notamment celle&hellip;\n","protected":false},"author":2,"featured_media":431533,"comment_status":"","ping_status":"","sticky":false,"template":"","format":"standard","meta":{"footnotes":""},"categories":[2817],"tags":[1111,11,1997,1777,674,1011,27,12,2219,25],"class_list":{"0":"post-431532","1":"post","2":"type-post","3":"status-publish","4":"format-standard","5":"has-post-thumbnail","7":"category-bordeaux","8":"tag-actu","9":"tag-actualites","10":"tag-bordeaux","11":"tag-eu","12":"tag-europe","13":"tag-fr","14":"tag-france","15":"tag-news","16":"tag-nouvelle-aquitaine","17":"tag-republique-francaise"},"share_on_mastodon":{"url":"https:\/\/pubeurope.com\/@fr\/115299873261492788","error":""},"_links":{"self":[{"href":"https:\/\/www.europesays.com\/fr\/wp-json\/wp\/v2\/posts\/431532","targetHints":{"allow":["GET"]}}],"collection":[{"href":"https:\/\/www.europesays.com\/fr\/wp-json\/wp\/v2\/posts"}],"about":[{"href":"https:\/\/www.europesays.com\/fr\/wp-json\/wp\/v2\/types\/post"}],"author":[{"embeddable":true,"href":"https:\/\/www.europesays.com\/fr\/wp-json\/wp\/v2\/users\/2"}],"replies":[{"embeddable":true,"href":"https:\/\/www.europesays.com\/fr\/wp-json\/wp\/v2\/comments?post=431532"}],"version-history":[{"count":0,"href":"https:\/\/www.europesays.com\/fr\/wp-json\/wp\/v2\/posts\/431532\/revisions"}],"wp:featuredmedia":[{"embeddable":true,"href":"https:\/\/www.europesays.com\/fr\/wp-json\/wp\/v2\/media\/431533"}],"wp:attachment":[{"href":"https:\/\/www.europesays.com\/fr\/wp-json\/wp\/v2\/media?parent=431532"}],"wp:term":[{"taxonomy":"category","embeddable":true,"href":"https:\/\/www.europesays.com\/fr\/wp-json\/wp\/v2\/categories?post=431532"},{"taxonomy":"post_tag","embeddable":true,"href":"https:\/\/www.europesays.com\/fr\/wp-json\/wp\/v2\/tags?post=431532"}],"curies":[{"name":"wp","href":"https:\/\/api.w.org\/{rel}","templated":true}]}}