{"id":431534,"date":"2025-10-01T16:33:11","date_gmt":"2025-10-01T16:33:11","guid":{"rendered":"https:\/\/www.europesays.com\/fr\/431534\/"},"modified":"2025-10-01T16:33:11","modified_gmt":"2025-10-01T16:33:11","slug":"le-girondin-tiou-boucle-quinze-ans-de-parcours-a-bordeaux-ce-vendredi","status":"publish","type":"post","link":"https:\/\/www.europesays.com\/fr\/431534\/","title":{"rendered":"le Girondin Tiou boucle quinze\u00a0ans de parcours \u00e0 Bordeaux ce vendredi"},"content":{"rendered":"<p>Au fil de ces 15\u00a0ans, on l\u2019a crois\u00e9 sur une sc\u00e8ne de petite salle, de caf\u00e9 associatif, chez l\u2019habitant. Devant un public toujours bluff\u00e9 par son \u00e9nergie, son intensit\u00e9, sa po\u00e9sie. Plus de 350\u00a0concerts comme \u00e7a, au fil des projets, des nouvelles chansons, des fid\u00e9lit\u00e9s. Mathieu Andreau, alias <a href=\"http:\/\/tiou.fr\/\" target=\"_blank\" rel=\"nofollow noopener\">Tiou<\/a> (surnom devenu pseudo), est \u00e0 \u00e9couter sur un album et deux EP mais surtout \u00e0 vivre en live, \u00e9bouriff\u00e9 et \u00e9bouriffant. \u00c7a tombe bien\u00a0: le voil\u00e0 en concert ce vendredi 3\u00a0octobre au Pont Tournant.<\/p>\n<p>\u00ab\u00a0J\u2019avais envie de cl\u00f4turer un cycle\u00a0\u00bb, explique l\u2019artiste sur une terrasse bordelaise. Et de se souvenir ensemble de Montauban et feu son festival de chanson o\u00f9 Tiou, au d\u00e9but des ann\u00e9es 2010, remporte le prix du public. Entre Hurlements d\u2019L\u00e9o et Renaud, entre B\u00e9nabar et la R\u00e9plik. Sont d\u00e9j\u00e0 l\u00e0 verve et libert\u00e9, manquent encore sc\u00e9nographie et relief. Elles viendront aupr\u00e8s de musiciens comme Xavier Duprat (piano), toujours de l\u2019aventure aujourd\u2019hui. \u00ab\u00a0Un musicien formidable, on se comprend sans se parler.\u00a0\u00bb<\/p>\n<p>Aller-retour \u00e0 Montpellier<\/p>\n<p>Tiou, gars du Taillan-M\u00e9doc, de M\u00e9rignac puis de Saint-Mich\u2019 est tomb\u00e9 dans la musique petit, parents m\u00e9lomanes et saxo l\u00e9gu\u00e9 par le grand-p\u00e8re. Au sortir de l\u2019\u00e9cole Irem, d\u00e9funte elle aussi, l\u2019auteur-compositeur fait la tourn\u00e9e des P\u2019tites sc\u00e8nes de <a href=\"https:\/\/www.iddac.net\/\" target=\"_blank\" rel=\"nofollow noopener\">l\u2019Iddac<\/a> puis les Sc\u00e8nes d\u2019\u00e9t\u00e9 du m\u00eame D\u00e9partement, sort un premier album \u00ab\u00a0Paradoxes\u00a0\u00bb. L\u2019audience reste modeste mais fervente. L\u2019EP \u00ab\u00a0On est des gosses\u00a0\u00bb quatre ans plus tard n\u2019a pas la vie qu\u2019il m\u00e9rite, son label fondant les plombs \u00e0 son tour. Chat noir, Tiou\u00a0? Que nenni.<\/p>\n<p>L\u2019amour emm\u00e8ne l\u2019artiste \u00e0 Montpellier avec des rep\u00e8res \u00e0 retrouver. \u00ab\u00a0J\u2019ai toujours gard\u00e9 la fibre\u00a0\u00bb, sourit-il. \u00ab\u00a0J\u2019ai mont\u00e9 ma propre structure, anim\u00e9 des ateliers chanson, commenc\u00e9 \u00e0 rejouer.\u00a0\u00bb Avec Xavier Duprat bien s\u00fbr, avec le guitariste Th\u00e9ophile Vialy, le soutien du r\u00e9seau Chanson Occitanie. Le deuxi\u00e8me EP \u00ab\u00a03615 Hashtag\u00a0\u00bb sort alors que Tiou rentre en Gironde, s\u2019installe \u00e0 Paillet. De l\u2019Ehpad aux \u00e9coles, le nouveau papa orchestre des projets, transmet. \u00c9crit et compose, toujours, joue en duo avec Duprat, l\u2019alter ego.<\/p>\n<p>Boucler la boucle<\/p>\n<p>Sous le coude ce mardi, \u00ab\u00a0Le M\u00e9chant, tr\u00e8s m\u00e9chant roi et la tour d\u2019ivoire en plastique\u00a0\u00bb, le tout chaud CD d\u2019un spectacle cr\u00e9\u00e9 en f\u00e9vrier 2025 \u00e0 la m\u00e9diath\u00e8que de Saint-Denis-de-Pile. O\u00f9 des enfants rentrent en r\u00e9sistance contre un monarque qui a interdit la musique. \u00ab\u00a0Le <a href=\"https:\/\/www.musikapile.fr\/\" target=\"_blank\" rel=\"nofollow noopener\">festival Musik \u00e0 Pile<\/a> et la salle de <a href=\"https:\/\/www.laccordeurlasalle.com\/\" target=\"_blank\" rel=\"nofollow noopener\">l\u2019Accordeur<\/a> sont des compagnons fid\u00e8les\u00a0\u00bb, souligne Tiou. La galette jeune public sort ce 17\u00a0octobre, recommand\u00e9e pour petits et grands.<\/p>\n<p>Les chansons d\u2019un nouvel album du bient\u00f4t quadra sont dans la besace pour 2026, volutes \u00e9lectro en sus. Mais avant, boucler la boucle donc\u00a0: apr\u00e8s deux jours de r\u00e9sidence, un concert au <a href=\"https:\/\/www.theatreponttournant.com\/\" target=\"_blank\" rel=\"nofollow noopener\">Pont Tournant<\/a> balayant les quinze\u00a0ans, enregistr\u00e9 pour un live \u00e0 sortir avant la fin de l\u2019ann\u00e9e et offert aux spectateurs de ce vendredi, petit No\u00ebl avant l\u2019heure. \u00ab\u00a0Chanson contemporaine \u00e0 l\u2019ancienne\u00a0\u00bb, se r\u00e9sume le Tiou.<\/p>\n<p>Vendredi 3\u00a0septembre (20\u00a0h\u00a030) \u00e0 Bordeaux, <a href=\"https:\/\/www.billetweb.fr\/tiou-chanson-contemporaine-a-lancienne\" target=\"_blank\" rel=\"nofollow noopener\">th\u00e9\u00e2tre du Pont Tournant<\/a>. 15-20\u00a0euros.<\/p>\n","protected":false},"excerpt":{"rendered":"Au fil de ces 15\u00a0ans, on l\u2019a crois\u00e9 sur une sc\u00e8ne de petite salle, de caf\u00e9 associatif, chez&hellip;\n","protected":false},"author":2,"featured_media":431535,"comment_status":"","ping_status":"","sticky":false,"template":"","format":"standard","meta":{"footnotes":""},"categories":[2817],"tags":[1111,11,1997,1777,674,1011,27,12,2219,25],"class_list":{"0":"post-431534","1":"post","2":"type-post","3":"status-publish","4":"format-standard","5":"has-post-thumbnail","7":"category-bordeaux","8":"tag-actu","9":"tag-actualites","10":"tag-bordeaux","11":"tag-eu","12":"tag-europe","13":"tag-fr","14":"tag-france","15":"tag-news","16":"tag-nouvelle-aquitaine","17":"tag-republique-francaise"},"share_on_mastodon":{"url":"https:\/\/pubeurope.com\/@fr\/115299877205880033","error":""},"_links":{"self":[{"href":"https:\/\/www.europesays.com\/fr\/wp-json\/wp\/v2\/posts\/431534","targetHints":{"allow":["GET"]}}],"collection":[{"href":"https:\/\/www.europesays.com\/fr\/wp-json\/wp\/v2\/posts"}],"about":[{"href":"https:\/\/www.europesays.com\/fr\/wp-json\/wp\/v2\/types\/post"}],"author":[{"embeddable":true,"href":"https:\/\/www.europesays.com\/fr\/wp-json\/wp\/v2\/users\/2"}],"replies":[{"embeddable":true,"href":"https:\/\/www.europesays.com\/fr\/wp-json\/wp\/v2\/comments?post=431534"}],"version-history":[{"count":0,"href":"https:\/\/www.europesays.com\/fr\/wp-json\/wp\/v2\/posts\/431534\/revisions"}],"wp:featuredmedia":[{"embeddable":true,"href":"https:\/\/www.europesays.com\/fr\/wp-json\/wp\/v2\/media\/431535"}],"wp:attachment":[{"href":"https:\/\/www.europesays.com\/fr\/wp-json\/wp\/v2\/media?parent=431534"}],"wp:term":[{"taxonomy":"category","embeddable":true,"href":"https:\/\/www.europesays.com\/fr\/wp-json\/wp\/v2\/categories?post=431534"},{"taxonomy":"post_tag","embeddable":true,"href":"https:\/\/www.europesays.com\/fr\/wp-json\/wp\/v2\/tags?post=431534"}],"curies":[{"name":"wp","href":"https:\/\/api.w.org\/{rel}","templated":true}]}}