{"id":431538,"date":"2025-10-01T16:35:11","date_gmt":"2025-10-01T16:35:11","guid":{"rendered":"https:\/\/www.europesays.com\/fr\/431538\/"},"modified":"2025-10-01T16:35:11","modified_gmt":"2025-10-01T16:35:11","slug":"le-nombre-de-pv-pour-stationnement-illicite-explose-a-toulouse-depuis-deux-ans-ce-quil-se-passe","status":"publish","type":"post","link":"https:\/\/www.europesays.com\/fr\/431538\/","title":{"rendered":"Le nombre de PV pour stationnement illicite explose \u00e0 Toulouse depuis deux ans : ce qu&rsquo;il se passe"},"content":{"rendered":"<p>            Par<br \/>\n        <strong><br \/>\n            <a href=\"https:\/\/actu.fr\/auteur\/david-saint-sernin\" title=\"Consulter tous les articles de David Saint-Sernin\" target=\"_blank\" rel=\"noopener\">David Saint-Sernin<\/a><br \/>\n        <\/strong><\/p>\n<p>        Publi\u00e9 le<\/p>\n<p>            1 oct. 2025 \u00e0 18h29        <\/p>\n<p>Un rapport, communiqu\u00e9 le 26\u00a0septembre 2025, dans le cadre du<a href=\"https:\/\/actu.fr\/occitanie\/toulouse_31555\/polemique-deux-quartiers-peripheriques-de-toulouse-sont-ils-vraiment-devenus-des-monstruosites-urbaines_63227047.html\" target=\"_blank\" rel=\"noopener\"> conseil municipal de Toulouse<\/a>, et qui d\u00e9taille les derniers chiffres connus du nombre de <strong>verbalisations pour stationnement illicite <\/strong>(ou Forfait Post-Stationnement) dans la Ville rose est \u00e9difiant. Les automobilistes qui ne payent pas le stationnement seraient visiblement de plus en plus nombreux \u00e0 \u00eatre pris dans les mailles du filet.\u00a0Les <a href=\"https:\/\/actu.fr\/occitanie\/toulouse_31555\/toulouse-pourquoi-le-nombre-de-pv-pour-stationnement-et-d-erreurs-a-flambe-l-an-dernier_61648369.html\" target=\"_blank\" rel=\"noopener\">chiffres des verbalisations explosent<\/a> en effet litt\u00e9ralement depuis 2022, pour une amende qui s\u2019\u00e9l\u00e8ve \u00e0 30\u00a0euros, sauf majoration. Automobilistes moins disciplin\u00e9s\u2009? Traque men\u00e9e avec plus d\u2019assiduit\u00e9\u2009? Pourquoi la hausse est si importante ces derniers mois\u2009? \u00c9l\u00e9ments d\u2019explication.<\/p>\n<p>Les voitures banalis\u00e9es, premi\u00e8re raison de la hausse<\/p>\n<p class=\" wall-content\">Elles sont entr\u00e9es en service en ao\u00fbt\u00a02022 \u00e0 Toulouse. Et depuis, les voitures banalis\u00e9es \u00e9quip\u00e9es d\u2019un syst\u00e8me du contr\u00f4le LAPI, soit de Lecture semi-Automatique de Plaques d\u2019Immatriculation, se r\u00e9v\u00e8lent particuli\u00e8rement efficaces pour traquer le stationnement illicite dans les rues de la ville. Clairement, leur arriv\u00e9e a \u00e9t\u00e9 d\u00e9terminante dans la hausse des amendes en ville.<\/p>\n<p class=\" wall-content\">\u00ab\u2009Aujourd\u2019hui, nous sommes en mesure de contr\u00f4ler chaque place de stationnement payante de Toulouse. Ce syst\u00e8me permet clairement un contr\u00f4le plus fr\u00e9quent de certaines zones et am\u00e9liore le taux de rotation des v\u00e9hicules sur les places de stationnement concern\u00e9es. Il nous permet de lib\u00e9rer des effectifs pour effectuer plus de contr\u00f4les sur les zones bleues par exemple et plus largement aux abords des commerces de proximit\u00e9\u2009\u00bb, se f\u00e9licitait, au moment du lancement en ao\u00fbt 2024, Emilion Esnault, l\u2019adjoint en charge \u00e0 la s\u00e9curit\u00e9 \u00e0 la mairie de Toulouse, ventant le nouveau syst\u00e8me. Deux ans plus tard, le syst\u00e8me se r\u00e9v\u00e8le redoutable pour les automobilistes dilettantes.<\/p>\n<p>Nouveau bond en 2024 apr\u00e8s une hausse vertigineuse en 2023<\/p>\n<p class=\" wall-content\">En 2024, ce sont <strong>506\u2009933 PV de stationnement<\/strong> qui ont \u00e9t\u00e9 \u00e9mis \u00e0 Toulouse, ce qui repr\u00e9sente une<strong> hausse de 15\u2009%<\/strong> par rapport \u00e0 2023 quand <strong>439\u2009231 PV<\/strong> avaient \u00e9t\u00e9 dress\u00e9s.<\/p>\n<p class=\" wall-content\">Un chiffre qui arrivait d\u00e9j\u00e0 apr\u00e8s<a href=\"https:\/\/actu.fr\/occitanie\/toulouse_31555\/toulouse-pourquoi-le-nombre-de-pv-pour-stationnement-et-d-erreurs-a-flambe-l-an-dernier_61648369.html\" target=\"_blank\" rel=\"noopener\"> une hausse vertigineuse lors de la premi\u00e8re ann\u00e9e de mise en place du dispositif<\/a> quand les\u00a0PV pour stationnement illicite avaient fait un bond passant de 252\u2009600 en 2022 \u00e0 439\u2009231 en 2023.<\/p>\n<p class=\" wall-content\">En 2021, ce sont 160\u2009000 Forfaits Post-stationnements qui avaient \u00e9t\u00e9 \u00e9mis.<\/p>\n<p>\u00ab\u2009Ce dispositif permet un meilleur contr\u00f4le du stationnement payant\u2009\u00bb<\/p>\n<p class=\" wall-content\">Pour la mairie, cette hausse du nombre de PV montre que \u00ab\u2009ce dispositif permet un meilleur contr\u00f4le du stationnement payant compte tenu du nombre important de places et de quartiers r\u00e9sidentiels\u2009\u00bb.<\/p>\n<p class=\" wall-content\">\u00ab\u2009L\u2019objectif premier, c\u2019est de faire appliquer la r\u00e8gle, car il y a des quartiers o\u00f9, malgr\u00e9 le stationnement r\u00e9sident, les habitants ne pouvaient plus se garer\u2026 Cela am\u00e9liore sensiblement les choses\u2009\u00bb, expliquait en 2024, Emilion Esnault, \u00e0 Actu Toulouse.<\/p>\n<p>Votre r\u00e9gion, votre actu !<\/p>\n<p>Recevez chaque jour les infos qui comptent pour vous.<\/p>\n<p>\t<a href=\"https:\/\/actu.fr\/newsletter\" class=\"ac-btn ac-btn--corner ac-btn--medium ac-btn--blue800\" target=\"_blank\" rel=\"noopener\">S&rsquo;incrire<\/a><br \/>\nComment s\u2019explique la hausse\u2009?<\/p>\n<p class=\" wall-content\">Comment expliquer la nouvelle hausse des verbalisations entre 2023 et 2024\u2009?<\/p>\n<p class=\" wall-content\">Il y a d\u2019abord eu une mont\u00e9e en charge du dispositif,<strong> pass\u00e9 de deux \u00e0 cinq voitures banalis\u00e9es<\/strong> dans ce laps de temps.<\/p>\n<p class=\" wall-content\">Le<strong> stationnement payant s\u2019est \u00e9galement \u00e9tendu \u00e0 d\u2019autres quartiers<\/strong>.<a href=\"https:\/\/actu.fr\/occitanie\/toulouse_31555\/toulouse-le-stationnement-payant-va-s-etendre-des-dents-grincent-dans-ce-quartier_61150098.html\" target=\"_blank\" rel=\"noopener\"> Les quartiers Bonnefoy-B\u00e9teille (700 places)<\/a> ont ainsi bascul\u00e9 en 2024. Au printemps 2025, c\u2019est <a href=\"https:\/\/actu.fr\/occitanie\/toulouse_31555\/le-parking-triangle-l-un-des-derniers-grands-parkings-gratuits-a-toulouse-va-passer-en-stationnement-payant_61921960.html\" target=\"_blank\" rel=\"noopener\">le \u00ab\u2009parking triangle\u2009\u00bb,<\/a> au pied de Jolimont, qui a bascul\u00e9, comme<a href=\"https:\/\/actu.fr\/occitanie\/toulouse_31555\/voici-le-prochain-quartier-de-toulouse-ou-le-stationnement-va-devenir-payant_62351926.html\" target=\"_blank\" rel=\"noopener\"> le quartier Amidonniers, H\u00e9rakl\u00e8s.<\/a><\/p>\n<p class=\" wall-content\">Selon les chiffres de la mairie, 23 quartiers ont bascul\u00e9 dans le stationnement payant depuis 2017. En 7\u00a0ans, le nombre de places payantes est pass\u00e9 de 12\u2009043 \u00e0 19\u2009143. Le nombre de PV ne pouvait aller que crescendo.<\/p>\n<p>Des recours en augmentation<\/p>\n<p class=\" wall-content\">Cette derni\u00e8re ann\u00e9e, la hausse du nombre de PV a \u00e9galement entra\u00een\u00e9 la hausse des demandes de Recours Administratif Pr\u00e9alable Obligatoire (RAPO).<\/p>\n<p class=\" wall-content\">\u00ab\u2009Le nombre de RAPO trait\u00e9s pour l\u2019ann\u00e9e 2024 est de 30\u2009078, chiffre en augmentation de 7,5\u2009% par rapport \u00e0 2023 (28\u2009003). Les recours repr\u00e9sentent 5,7\u2009% de la totalit\u00e9 des forfaits post-stationnement \u00e9mis. Ce taux est en diminution par rapport \u00e0 l\u2019ann\u00e9e pr\u00e9c\u00e9dente, o\u00f9 il s\u2019\u00e9levait \u00e0 6,4\u2009%\u2009\u00bb, indique la Ville de Toulouse.<\/p>\n<p class=\" wall-content\">Selon elle, \u00ab\u2009cette \u00e9volution correspond \u00e0 une baisse de pr\u00e8s de 11\u2009% du taux de recours, traduisant une am\u00e9lioration notable de la qualit\u00e9 du travail r\u00e9alis\u00e9 par les services comp\u00e9tents, ainsi qu\u2019un renforcement de la fiabilit\u00e9 du service rendu aux usagers\u2009\u00bb.<\/p>\n<p>\u00ab\u2009Le syst\u00e8me dysfonctionne\u2009\u00bb selon une \u00e9lue<\/p>\n<p class=\" wall-content\">Un avis que ne partage pas <strong>l\u2019\u00e9lue d\u2019opposition, Odile Maurin,<\/strong> pour qui les chiffres pr\u00e9sent\u00e9s dans le rapport traduisent \u00ab\u2009un syst\u00e8me qui dysfonctionne massivement\u2009\u00bb. Elle s\u2019explique\u2009:<\/p>\n<p class=\" wall-content\">\u00ab\u200976\u2009% des recours d\u00e9pos\u00e9s ont \u00e9t\u00e9 jug\u00e9s favorables. Cela veut dire que sur 100\u00a0personnes qui ont d\u00e9pos\u00e9 un recours, 76 avaient raison. Et encore, ces 76\u2009% ne concernent que les personnes qui ont eu le temps et l\u2019\u00e9nergie et les comp\u00e9tences pour contester. Combien ont laiss\u00e9 tomber\u2026\u2009\u00bb.<\/p>\n<p class=\" wall-content\">En 2023, ce sont 80\u2009% des recours qui avaient \u00e9t\u00e9 accept\u00e9s. Pour la Ville, \u00ab\u2009cette baisse refl\u00e8te une meilleure anticipation des situations litigieuses, une plus grande rigueur dans l\u2019\u00e9mission des forfaits post-stationnement ainsi qu\u2019une meilleure lisibilit\u00e9 des proc\u00e9dures\u2009\u00bb.<\/p>\n<p>Technologie, recours\u2026<\/p>\n<p class=\" wall-content\">Pour rappel, ces voitures ont une technologie dite embarqu\u00e9e qui leur permet de lire automatiquement les plaques des v\u00e9hicules stationn\u00e9s et de consulter directement la base de donn\u00e9es des tickets ou abonnements des automobilistes. Les irr\u00e9gularit\u00e9s constat\u00e9es sont ensuite verbalis\u00e9es par un agent asserment\u00e9 pr\u00e9sent \u00e0 bord du v\u00e9hicule. L\u2019usager voulant contester un FPS en recouvrement forc\u00e9, dispose d\u2019un d\u00e9lai d\u2019un mois pour saisir<a href=\"https:\/\/tribunal-stationnement-payant.fr\/\" target=\"_blank\" rel=\"noopener\"> le tribunal du stationnement payant.<\/a><\/p>\n<p class=\" wall-content\">Si les d\u00e9lais de traitement sont longs, la d\u00e9marche peut aboutir si elle repose sur des \u00e9l\u00e9ments fond\u00e9s. 123 FPS ont \u00e9t\u00e9 annul\u00e9s \u00e0 la demande de la mairie de Toulouse.<\/p>\n<p class=\" wall-content\">Personnalisez votre actualit\u00e9 en ajoutant vos villes et m\u00e9dias en favori avec <a href=\"https:\/\/moncompte.actu.fr\" title=\"D\u00e9couvez Mon Actu\" rel=\"nofollow noopener\" data-trk=\"{&quot;cta&quot;:{&quot;action&quot;:&quot;https:\\\/\\\/moncompte.actu.fr&quot;,&quot;category&quot;:&quot;mon compte&quot;,&quot;from&quot;:&quot;article footer&quot;,&quot;name&quot;:&quot;Mon actu&quot;,&quot;type&quot;:&quot;cta&quot;}}\" target=\"_blank\">Mon Actu<\/a>.<\/p>\n","protected":false},"excerpt":{"rendered":"Par David Saint-Sernin Publi\u00e9 le 1 oct. 2025 \u00e0 18h29 Un rapport, communiqu\u00e9 le 26\u00a0septembre 2025, dans le&hellip;\n","protected":false},"author":2,"featured_media":431539,"comment_status":"","ping_status":"","sticky":false,"template":"","format":"standard","meta":{"footnotes":""},"categories":[2816],"tags":[1111,11,1777,674,1011,27,12,2680,1072,25,104,6173,2312],"class_list":{"0":"post-431538","1":"post","2":"type-post","3":"status-publish","4":"format-standard","5":"has-post-thumbnail","7":"category-toulouse","8":"tag-actu","9":"tag-actualites","10":"tag-eu","11":"tag-europe","12":"tag-fr","13":"tag-france","14":"tag-news","15":"tag-occitanie","16":"tag-police","17":"tag-republique-francaise","18":"tag-societe","19":"tag-stationnement","20":"tag-toulouse"},"share_on_mastodon":{"url":"https:\/\/pubeurope.com\/@fr\/115299885105390457","error":""},"_links":{"self":[{"href":"https:\/\/www.europesays.com\/fr\/wp-json\/wp\/v2\/posts\/431538","targetHints":{"allow":["GET"]}}],"collection":[{"href":"https:\/\/www.europesays.com\/fr\/wp-json\/wp\/v2\/posts"}],"about":[{"href":"https:\/\/www.europesays.com\/fr\/wp-json\/wp\/v2\/types\/post"}],"author":[{"embeddable":true,"href":"https:\/\/www.europesays.com\/fr\/wp-json\/wp\/v2\/users\/2"}],"replies":[{"embeddable":true,"href":"https:\/\/www.europesays.com\/fr\/wp-json\/wp\/v2\/comments?post=431538"}],"version-history":[{"count":0,"href":"https:\/\/www.europesays.com\/fr\/wp-json\/wp\/v2\/posts\/431538\/revisions"}],"wp:featuredmedia":[{"embeddable":true,"href":"https:\/\/www.europesays.com\/fr\/wp-json\/wp\/v2\/media\/431539"}],"wp:attachment":[{"href":"https:\/\/www.europesays.com\/fr\/wp-json\/wp\/v2\/media?parent=431538"}],"wp:term":[{"taxonomy":"category","embeddable":true,"href":"https:\/\/www.europesays.com\/fr\/wp-json\/wp\/v2\/categories?post=431538"},{"taxonomy":"post_tag","embeddable":true,"href":"https:\/\/www.europesays.com\/fr\/wp-json\/wp\/v2\/tags?post=431538"}],"curies":[{"name":"wp","href":"https:\/\/api.w.org\/{rel}","templated":true}]}}