{"id":431540,"date":"2025-10-01T16:36:24","date_gmt":"2025-10-01T16:36:24","guid":{"rendered":"https:\/\/www.europesays.com\/fr\/431540\/"},"modified":"2025-10-01T16:36:24","modified_gmt":"2025-10-01T16:36:24","slug":"en-images-apres-des-mois-de-travaux-la-sublime-boutique-make-my-lemonade-ouvre-dans-le-vieux-lille","status":"publish","type":"post","link":"https:\/\/www.europesays.com\/fr\/431540\/","title":{"rendered":"EN IMAGES. Apr\u00e8s des mois de travaux, la sublime boutique Make My Lemonade ouvre dans le Vieux-Lille"},"content":{"rendered":"<p>            Par<br \/>\n        <strong><br \/>\n            <a href=\"https:\/\/actu.fr\/auteur\/hervine-mahaud\" title=\"Consulter tous les articles de Hervine Mahaud\" target=\"_blank\" rel=\"noopener\">Hervine Mahaud<\/a><br \/>\n        <\/strong><\/p>\n<p>        Publi\u00e9 le<\/p>\n<p>            1 oct. 2025 \u00e0 18h20        <\/p>\n<p>Ce 1er octobre 2025, c\u2019est le grand jour pour les fans de la marque cr\u00e9ative et audacieuse : <b>Make My Lemonade<\/b> a inaugur\u00e9 sa toute <b>nouvelle boutique de 110 m\u00b2 au c\u0153ur du Vieux-Lille<\/b>. On y retrouve tout ce qui a fait le succ\u00e8s de la <b>marque fran\u00e7aise<\/b>, fond\u00e9e par la cr\u00e9atrice <b>Lisa Gachet <\/b>: des <b>v\u00eatements color\u00e9s<\/b>, gais et pens\u00e9s pour habiller les femmes, du 34 au 52.<\/p>\n<p>Une boutique de 110 m\u00b2 install\u00e9e dans une b\u00e2tisse flamande class\u00e9e<\/p>\n<p class=\" wall-content\">Le local du <b>11-13 place Louise de Bettignies<\/b>, b\u00e2tisse flamande class\u00e9e qui abritait auparavant la marque Kaporal, est m\u00e9tamorphos\u00e9 apr\u00e8s des mois de travaux. \u00ab\u00a0On a d\u00e9but\u00e9 en mai et \u00e7a s\u2019est termin\u00e9 in extremis hier soir, pour l\u2019inauguration\u00a0\u00bb, souffle Pauline Nentas, responsable de communication de la marque.\u00a0<\/p>\n<p>    <img   decoding=\"async\" loading=\"lazy\" class=\"size-large\" src=\"https:\/\/www.europesays.com\/fr\/wp-content\/uploads\/2025\/10\/61d8ebbb1dd8645d8ebbb1dd819d8ev-960x640.jpg\" alt=\"boutique make my lemonade vieux lille\" width=\"960\" height=\"640\"\/><br \/>\n    La boutique s\u2019est install\u00e9e dans une superbe b\u00e2tisse de style flamand, class\u00e9e monument historque. \u00a9Hervine Mahaud<\/p>\n<p class=\" wall-content\">Jouxtant la boutique S\u00e9zane, celle de Make My Lemonade joue la carte de la diff\u00e9rence avec ses tons pastels, mettant en valeurs les <b>pi\u00e8ces color\u00e9es et fun<\/b> du vestiaire imagin\u00e9 par Lisa Gachet, fondatrice.<\/p>\n<p class=\" wall-content\">\u00ab\u00a0On a souhait\u00e9 <b>respecter l\u2019\u00e2me du lieu et son architecture<\/b>. Le sol est un clin d\u2019oeil aux murs en briques.\u00a0\u00bb<\/p>\n<p class=\" wall-content\">Dans ces 110 m\u00b2, l\u2019am\u00e9nagement est soign\u00e9 : des portants \u00e0 hauteur humaine, des \u00e9tag\u00e8res modulables, des<b> cabines d\u2019essayage pens\u00e9es comme de v\u00e9ritables cocons<\/b>. \u00ab\u00a0On a plac\u00e9 le miroir \u00e0 l\u2019ext\u00e9rieur afin que les clientes aient davantage de recul. Et \u00e7a leur permet aussi d\u2019\u00e9changer avec les autres sur les pi\u00e8ces qu\u2019elles ont choisies.<\/p>\n<p>    <img   decoding=\"async\" loading=\"lazy\" class=\"size-large\" src=\"https:\/\/www.europesays.com\/fr\/wp-content\/uploads\/2025\/10\/d7daabbb1dd86bbdaabbb1dd88fdaav-960x640.jpg\" alt=\"boutique make my lemonade vieux lille\" width=\"960\" height=\"640\"\/><br \/>\n    Les cabines d\u2019essayage ont \u00e9t\u00e9 imagin\u00e9es pour mettre les clientes \u00e0 l\u2019aise. \u00a9Hervine Mahaud<\/p>\n<p>Votre r\u00e9gion, votre actu !<\/p>\n<p>Recevez chaque jour les infos qui comptent pour vous.<\/p>\n<p>\t<a href=\"https:\/\/actu.fr\/newsletter\" class=\"ac-btn ac-btn--corner ac-btn--medium ac-btn--blue800\" target=\"_blank\" rel=\"noopener\">S&rsquo;incrire<\/a><\/p>\n<p class=\" wall-content\">Plus qu\u2019une boutique, ce lieu de vie proposera, tout au long de l\u2019ann\u00e9e, des \u00e9v\u00e9nements (ateliers, animations,\u2026). \u00ab\u00a0C\u2019est encore en cours d\u2019\u00e9laboration.\u00a0\u00bb<\/p>\n<p>Des v\u00eatements color\u00e9s, propos\u00e9s de la taille 34 \u00e0 52 et fabriqu\u00e9s en Europe<\/p>\n<p class=\" wall-content\">La gamme pr\u00e9sent\u00e9e dans cette boutique est fid\u00e8le \u00e0 ce qui fait le succ\u00e8s de Make My Lemonade : des <b>v\u00eatements color\u00e9s et gais,<\/b>\u00a0<b>des chaussures, des sacs, des accessoires, de la d\u00e9coration pop<\/b>.<\/p>\n<p>    <img   decoding=\"async\" loading=\"lazy\" class=\"size-large\" src=\"https:\/\/www.europesays.com\/fr\/wp-content\/uploads\/2025\/10\/a3157bbb1dd86a7157bbb1dd88b157v-960x640.jpg\" alt=\"boutique make my lemonade vieux lille\" width=\"960\" height=\"640\"\/><br \/>\n    Vases, lampes et vaisselle sont propos\u00e9s. \u00a9Hervine Mahaud<\/p>\n<p class=\" wall-content\">Les <b>pi\u00e8ces iconiques de la marque<\/b> sont aussi pr\u00e9sentes : le trench Raoul, la jupe Paula, le pantalon Harya\u2026<\/p>\n<p>    <img   decoding=\"async\" loading=\"lazy\" class=\"size-large\" src=\"https:\/\/www.europesays.com\/fr\/wp-content\/uploads\/2025\/10\/1bc4ebbb1dd861fc4ebbb1dd8f2d4ev-960x640.jpg\" alt=\"boutique make my lemonade vieux lille\" width=\"960\" height=\"640\"\/><br \/>\n    Les tailles propos\u00e9es vont du 34 au 52. \u00a9Hervine Mahaud<\/p>\n<p class=\" wall-content\">Toutes ces pi\u00e8ces sont en grande majorit\u00e9 f<b>abriqu\u00e9es en Europe<\/b>, chose aujourd\u2019hui rarissime dans le textile. Les v\u00eatements sont par ailleurs propos\u00e9s dans de nombreuses tailles : <b>du 34 au 52<\/b>, et bient\u00f4t \u00e0 partir du 32.<\/p>\n<p>    <img   decoding=\"async\" loading=\"lazy\" class=\"size-large\" src=\"https:\/\/www.europesays.com\/fr\/wp-content\/uploads\/2025\/10\/bbbadbbb1dd868dbadbbb1dd8b1cadv-960x640.jpg\" alt=\"boutique make my lemonade vieux lille\" width=\"960\" height=\"640\"\/><br \/>\n    L\u2019am\u00e9nagement a \u00e9t\u00e9 con\u00e7u pour respecter l\u2019architecture du lieu tout en mettant en valeur les pi\u00e8ces. \u00a9Hervine Mahaud<\/p>\n<p class=\" wall-content\">\u00ab\u00a0On ne se pr\u00e9sente pas comme \u00e9tant une marque inclusive car c\u2019est impossible de pouvoir habiller tout le monde. Mais on devient une <b>entreprise \u00e0 mission<\/b>. Notre but n\u2019est pas de gagner de l\u2019argent mais d\u2019<b>aider le plus grand nombre de femmes \u00e0 se sentir belles dans leurs v\u00eatements<\/b>\u00ab\u00a0, assure Pauline Nentas.<\/p>\n<p>Une marque en pleine expansion<\/p>\n<p class=\" wall-content\">Avec cette ouverture, Lisa Gachet compte bien chouchouter la <b>client\u00e8le lilloise, nordiste et belge<\/b>, particuli\u00e8rement friande de la marque lanc\u00e9e en 2015. \u00ab\u00a0On savait qu\u2019on avait une belle communaut\u00e9 ici. D\u00e8s qu\u2019on a eu l\u2019opportunit\u00e9 de s\u2019installer, on a saisi l\u2019occasion\u00a0\u00bb, explique la charg\u00e9e de communication.\u00a0<\/p>\n<p class=\" wall-content\">Les plus<b> fid\u00e8les clientes<\/b> \u00e9taient d\u2019ailleurs pr\u00e9sentes lors de la soir\u00e9e d\u2019inauguration, le 30 septembre. \u00ab\u00a0Elles sont venues habill\u00e9es en Make My Lemonade de la t\u00eate aux pieds, \u00e7a fait chaud au coeur de savoir qu\u2019elles sont au rendez-vous.\u00a0\u00bb<\/p>\n<p>    <img   decoding=\"async\" loading=\"lazy\" class=\"size-large\" src=\"https:\/\/www.europesays.com\/fr\/wp-content\/uploads\/2025\/10\/5f23bbbb1dd865333bbbb1dd82733bv-960x640.jpg\" alt=\"boutique make my lemonade vieux lille\" width=\"960\" height=\"640\"\/><br \/>\n    Make My Lemonade imagine des collections color\u00e9es et inspirantes. \u00a9Hervine Mahaud<\/p>\n<p class=\" wall-content\">Apr\u00e8s Paris et Lyon, Lille est ainsi la troisi\u00e8me ville o\u00f9 Make My Lemonade s\u2019installe. Et ce n\u2019est qu\u2019un d\u00e9but, car la marque a le vent en poupe et compte bien <b>poursuivre son d\u00e9veloppement<\/b>. \u00ab\u00a0On a r\u00e9cemment fait une lev\u00e9e de fonds aupr\u00e8s de notre communaut\u00e9.\u00a0\u00bb Prochaine ville cible : Bordeaux.\u00a0<\/p>\n<p class=\" wall-content\">Personnalisez votre actualit\u00e9 en ajoutant vos villes et m\u00e9dias en favori avec <a href=\"https:\/\/moncompte.actu.fr\" title=\"D\u00e9couvez Mon Actu\" rel=\"nofollow noopener\" data-trk=\"{&quot;cta&quot;:{&quot;action&quot;:&quot;https:\\\/\\\/moncompte.actu.fr&quot;,&quot;category&quot;:&quot;mon compte&quot;,&quot;from&quot;:&quot;article footer&quot;,&quot;name&quot;:&quot;Mon actu&quot;,&quot;type&quot;:&quot;cta&quot;}}\" target=\"_blank\">Mon Actu<\/a>.<\/p>\n","protected":false},"excerpt":{"rendered":"Par Hervine Mahaud Publi\u00e9 le 1 oct. 2025 \u00e0 18h20 Ce 1er octobre 2025, c\u2019est le grand jour&hellip;\n","protected":false},"author":2,"featured_media":431541,"comment_status":"","ping_status":"","sticky":false,"template":"","format":"standard","meta":{"footnotes":""},"categories":[2815],"tags":[1111,11,33,1777,674,1011,27,811,1307,12,3147,25,2422],"class_list":{"0":"post-431540","1":"post","2":"type-post","3":"status-publish","4":"format-standard","5":"has-post-thumbnail","7":"category-lille","8":"tag-actu","9":"tag-actualites","10":"tag-economie","11":"tag-eu","12":"tag-europe","13":"tag-fr","14":"tag-france","15":"tag-hauts-de-france","16":"tag-lille","17":"tag-news","18":"tag-nouveaux-commerces","19":"tag-republique-francaise","20":"tag-textile"},"share_on_mastodon":{"url":"https:\/\/pubeurope.com\/@fr\/115299889599303377","error":""},"_links":{"self":[{"href":"https:\/\/www.europesays.com\/fr\/wp-json\/wp\/v2\/posts\/431540","targetHints":{"allow":["GET"]}}],"collection":[{"href":"https:\/\/www.europesays.com\/fr\/wp-json\/wp\/v2\/posts"}],"about":[{"href":"https:\/\/www.europesays.com\/fr\/wp-json\/wp\/v2\/types\/post"}],"author":[{"embeddable":true,"href":"https:\/\/www.europesays.com\/fr\/wp-json\/wp\/v2\/users\/2"}],"replies":[{"embeddable":true,"href":"https:\/\/www.europesays.com\/fr\/wp-json\/wp\/v2\/comments?post=431540"}],"version-history":[{"count":0,"href":"https:\/\/www.europesays.com\/fr\/wp-json\/wp\/v2\/posts\/431540\/revisions"}],"wp:featuredmedia":[{"embeddable":true,"href":"https:\/\/www.europesays.com\/fr\/wp-json\/wp\/v2\/media\/431541"}],"wp:attachment":[{"href":"https:\/\/www.europesays.com\/fr\/wp-json\/wp\/v2\/media?parent=431540"}],"wp:term":[{"taxonomy":"category","embeddable":true,"href":"https:\/\/www.europesays.com\/fr\/wp-json\/wp\/v2\/categories?post=431540"},{"taxonomy":"post_tag","embeddable":true,"href":"https:\/\/www.europesays.com\/fr\/wp-json\/wp\/v2\/tags?post=431540"}],"curies":[{"name":"wp","href":"https:\/\/api.w.org\/{rel}","templated":true}]}}