{"id":431544,"date":"2025-10-01T16:38:10","date_gmt":"2025-10-01T16:38:10","guid":{"rendered":"https:\/\/www.europesays.com\/fr\/431544\/"},"modified":"2025-10-01T16:38:10","modified_gmt":"2025-10-01T16:38:10","slug":"inspection-confirmee-sur-la-gestion-des-scelles-au-tribunal","status":"publish","type":"post","link":"https:\/\/www.europesays.com\/fr\/431544\/","title":{"rendered":"inspection confirm\u00e9e sur la gestion des scell\u00e9s au tribunal"},"content":{"rendered":"<p>L&rsquo;Inspection g\u00e9n\u00e9rale de la justice a bien \u00e9t\u00e9 saisie en ao\u00fbt d&rsquo;une mission au tribunal judiciaire de Marseille, <a href=\"https:\/\/www.laprovence.com\/article\/faits-divers-justice\/21647564870713\/souheil-el-khalfaoui-tue-par-la-police-a-marseille-des-pieces-convictions-auraient-ete-perdues\" target=\"_blank\" rel=\"noopener\">apr\u00e8s la disparition, puis la r\u00e9apparition, de scell\u00e9s dans l&rsquo;affaire d&rsquo;un jeune homme tu\u00e9 par un tir policier<\/a>, a appris l&rsquo;AFP ce mercredi de sources judiciaires.<\/p>\n<p>Dans un courrier que l&rsquo;AFP a pu consulter, le garde des Sceaux informe Me Ari\u00e9 Alimi, <strong>conseil de la famille de Souheil El Khalfaoui<\/strong>, tu\u00e9 en 2021 \u00e0 Marseille, que l&rsquo;Inspection g\u00e9n\u00e9rale de la justice a \u00e9t\u00e9 saisie le 5 ao\u00fbt.<\/p>\n<p>La famille avait port\u00e9 plainte apr\u00e8s que la juge en charge de l&rsquo;affaire lui a annonc\u00e9 au mois de juin que neuf pi\u00e8ces capitales du dossier avaient \u00e9t\u00e9 perdues, \u00ab\u00a0apr\u00e8s plusieurs mois de recherches\u00a0\u00bb. <a href=\"https:\/\/www.laprovence.com\/article\/faits-divers-justice\/49573184572221\/affaire-souheil-el-khalfaoui-les-scelles-perdus-retrouves-dans-le-bureau-d-un-juge-d-instruction\" target=\"_blank\" rel=\"noopener\">La plainte vise l&rsquo;ancienne procureure de Marseille Dominique Laurens, accus\u00e9e d&rsquo;avoir \u00ab\u00a0volontairement d\u00e9tourn\u00e9 les neuf scell\u00e9s\u00a0\u00bb.<\/a><\/p>\n<p>Dans le m\u00eame temps, le ministre de la Justice G\u00e9rald Darmanin, interpell\u00e9 lors des questions au gouvernement le 24 juin, avait annonc\u00e9 qu&rsquo;il saisirait l&rsquo;Inspection g\u00e9n\u00e9rale de la justice si ces pi\u00e8ces n&rsquo;\u00e9taient pas retrouv\u00e9es dans les 24 heures. Les scell\u00e9s avaient finalement \u00e9t\u00e9 retrouv\u00e9es dans le bureau d&rsquo;un juge dans le temps imparti.<\/p>\n<p>La mission d&rsquo;inspection porte \u00ab\u00a0sur un sujet sp\u00e9cifique \u00e0 savoir le fonctionnement du circuit de gestion des scell\u00e9s\u00a0\u00bb<\/p>\n<p>Fin ao\u00fbt, Me Ari\u00e9 Alimi avait de nouveau sollicit\u00e9 G\u00e9rald Darmanin, cette fois au sujet d&rsquo;une autre affaire impliquant des policiers.<\/p>\n<p>C&rsquo;est \u00e0 ce dernier courrier que G\u00e9rald Darmanin a r\u00e9pondu, dans une lettre re\u00e7ue mercredi par Me Alimi, que l&rsquo;IGJ avait bien \u00e9t\u00e9 saisie.<\/p>\n<p>Sollicit\u00e9e par l&rsquo;AFP, la chancellerie a r\u00e9pondu que la mission d&rsquo;inspection porte \u00ab\u00a0sur un sujet sp\u00e9cifique \u00e0 savoir le fonctionnement du circuit de gestion des scell\u00e9s\u00a0\u00bb, ce qu&rsquo;a confirm\u00e9 une source au tribunal, \u00e9voquant un \u00ab\u00a0contr\u00f4le de fonctionnement\u00a0\u00bb. Selon le minist\u00e8re, le rapport de l&rsquo;IGJ est attendu pour la mi-d\u00e9cembre.<\/p>\n<p>\u00ab\u00a0Nous avons saisi le ministre de la Justice pour obtenir l&rsquo;ouverture d&rsquo;une inspection g\u00e9n\u00e9rale de la juridiction marseillaise en raison de graves dysfonctionnements rencontr\u00e9s dans le traitement judiciaire de plusieurs affaires de violences polici\u00e8res et notamment les disparitions de pi\u00e8ces. Il \u00e9tait temps que l&rsquo;administration se penche sur le traitement judiciaire de ces violences et en particulier \u00e0 <a href=\"https:\/\/www.laprovence.com\/bouches-du-rhone\/marseille-13055\" target=\"_blank\" rel=\"noopener\">Marseille<\/a>\u00ab\u00a0, a r\u00e9agi Me Alimi aupr\u00e8s de l&rsquo;AFP.<\/p>\n","protected":false},"excerpt":{"rendered":"L&rsquo;Inspection g\u00e9n\u00e9rale de la justice a bien \u00e9t\u00e9 saisie en ao\u00fbt d&rsquo;une mission au tribunal judiciaire de Marseille,&hellip;\n","protected":false},"author":2,"featured_media":431545,"comment_status":"","ping_status":"","sticky":false,"template":"","format":"standard","meta":{"footnotes":""},"categories":[2814],"tags":[17,1111,11,1777,674,274,1011,27,50897,34123,884,12,5912,1072,882,25,34122,5911],"class_list":{"0":"post-431544","1":"post","2":"type-post","3":"status-publish","4":"format-standard","5":"has-post-thumbnail","7":"category-marseille","8":"tag-17","9":"tag-actu","10":"tag-actualites","11":"tag-eu","12":"tag-europe","13":"tag-faits-divers-justice","14":"tag-fr","15":"tag-france","16":"tag-inspection","17":"tag-khalfaoui","18":"tag-marseille","19":"tag-news","20":"tag-par","21":"tag-police","22":"tag-provence-alpes-cote-dazur","23":"tag-republique-francaise","24":"tag-souheil","25":"tag-tue"},"share_on_mastodon":{"url":"https:\/\/pubeurope.com\/@fr\/115299896823567910","error":""},"_links":{"self":[{"href":"https:\/\/www.europesays.com\/fr\/wp-json\/wp\/v2\/posts\/431544","targetHints":{"allow":["GET"]}}],"collection":[{"href":"https:\/\/www.europesays.com\/fr\/wp-json\/wp\/v2\/posts"}],"about":[{"href":"https:\/\/www.europesays.com\/fr\/wp-json\/wp\/v2\/types\/post"}],"author":[{"embeddable":true,"href":"https:\/\/www.europesays.com\/fr\/wp-json\/wp\/v2\/users\/2"}],"replies":[{"embeddable":true,"href":"https:\/\/www.europesays.com\/fr\/wp-json\/wp\/v2\/comments?post=431544"}],"version-history":[{"count":0,"href":"https:\/\/www.europesays.com\/fr\/wp-json\/wp\/v2\/posts\/431544\/revisions"}],"wp:featuredmedia":[{"embeddable":true,"href":"https:\/\/www.europesays.com\/fr\/wp-json\/wp\/v2\/media\/431545"}],"wp:attachment":[{"href":"https:\/\/www.europesays.com\/fr\/wp-json\/wp\/v2\/media?parent=431544"}],"wp:term":[{"taxonomy":"category","embeddable":true,"href":"https:\/\/www.europesays.com\/fr\/wp-json\/wp\/v2\/categories?post=431544"},{"taxonomy":"post_tag","embeddable":true,"href":"https:\/\/www.europesays.com\/fr\/wp-json\/wp\/v2\/tags?post=431544"}],"curies":[{"name":"wp","href":"https:\/\/api.w.org\/{rel}","templated":true}]}}