{"id":431546,"date":"2025-10-01T16:39:12","date_gmt":"2025-10-01T16:39:12","guid":{"rendered":"https:\/\/www.europesays.com\/fr\/431546\/"},"modified":"2025-10-01T16:39:12","modified_gmt":"2025-10-01T16:39:12","slug":"aucun-acquereur-pour-limmeuble-de-plusieurs-millions-deuros-vendu-aux-encheres-apres-sa-saisie-par-la-justice","status":"publish","type":"post","link":"https:\/\/www.europesays.com\/fr\/431546\/","title":{"rendered":"aucun acqu\u00e9reur pour l\u2019immeuble de plusieurs millions d\u2019euros vendu aux ench\u00e8res apr\u00e8s sa saisie par la justice"},"content":{"rendered":"<p>Aucune ench\u00e8re n\u2019a \u00e9t\u00e9 enregistr\u00e9e lors de la vente d\u2019un immeuble de plusieurs millions d\u2019euros situ\u00e9 sur la corniche \u00e0 Marseille et saisi dans le cadre d\u2019une escroquerie \u00e0 la taxe carbone.<\/p>\n<p class=\"fig-paragraph\">Malgr\u00e9 sa situation imprenable, il n\u2019a pas trouv\u00e9 de repreneur. Aucun acqu\u00e9reur ne s\u2019est pr\u00e9sent\u00e9 pour<a href=\"http:\/\/www.lefigaro.fr\/marseille\/marseille-sur-la-corniche-un-immeuble-de-plusieurs-millions-d-euros-saisi-par-la-justice-vendu-aux-encheres-20250929\" data-fig-type=\"NewsFlash\" data-gtm-custom-categorie=\"navigation\" data-gtm-custom-action=\"crossclick\" data-gtm-custom-label=\"Contextuel\" data-gtm-event=\"customEventSPE\" data-fig-domain=\"LEFIGARO\" target=\"_blank\" rel=\"noopener\">\u00a0la vente aux ench\u00e8res\u00a0<\/a>du \u00abCarlton Palace\u00bb sur la corniche \u00e0 Marseille, a appris Le Figaro aupr\u00e8s de l\u2019agence de gestion et de recouvrement des avoirs saisis et confisqu\u00e9s (Agrasc). Entre lundi et mardi, cet immeuble d\u2019une surface de 1749,05 m\u00b2 n\u2019a fait l\u2019objet d\u2019aucune ench\u00e8re. Pour rappel,\u00a0<a href=\"http:\/\/www.lefigaro.fr\/marseille\/yacht-montres-de-luxe-et-argent-liquide-a-marseille-la-criminalite-organisee-frappee-au-portefeuille-20240812\" data-fig-type=\"NewsFlash\" data-gtm-custom-categorie=\"navigation\" data-gtm-custom-action=\"crossclick\" data-gtm-custom-label=\"Contextuel\" data-gtm-event=\"customEventSPE\" data-fig-domain=\"LEFIGARO\" target=\"_blank\" rel=\"noopener\">l\u2019Agrasc\u00a0<\/a>mettait en vente ce bien immobilier apr\u00e8s l\u2019avoir saisi dans une affaire de fraude \u00e0 la<a href=\"https:\/\/video.lefigaro.fr\/figaro\/marco-mouly-figure-de-lescroquerie-a-la-taxe-carbone-de-nouveau-devant-la-justice-20250923\" target=\"_blank\" data-fig-type=\"Video\" rel=\"noopener\" data-gtm-custom-categorie=\"navigation\" data-gtm-custom-action=\"crossclick\" data-gtm-custom-label=\"Contextuel\" data-gtm-event=\"customEventSPE\" data-fig-domain=\"LEFIGARO\">\u00a0taxe carbone<\/a>.<\/p>\n<p>Mise \u00e0 prix \u00e0 plus de 4 millions d\u2019euros<\/p>\n<p class=\"fig-paragraph\">En 2018, une ancienne professeur de math\u00e9matiques marseillaise, Christiane Melgrani, avait \u00e9t\u00e9 condamn\u00e9e par le tribunal correctionnel de Paris \u00e0 neuf ans de prison et trois millions d\u2019euros d\u2019amende. Elle \u00e9tait consid\u00e9r\u00e9e comme l\u2019un des trois principaux acteurs de cette escroquerie colossale par laquelle 385 millions d\u2019euros ont \u00e9t\u00e9 soustraits au fisc fran\u00e7ais entre 2008 et 2009. Plus exactement, onze lots de l\u2019immeuble ont \u00e9t\u00e9 mis aux ench\u00e8res, pour une mise \u00e0 prix fix\u00e9e \u00e0 4,743 millions d\u2019euros, avec obligation de rench\u00e9rir avec un montant minimum de 20.000 euros.<\/p>\n<p>                                    <a class=\"fig-a11y-skip a11y-hidden\" href=\"#fig-a11y-skip-main-inarticle\"><br \/>\n        Passer la publicit\u00e9<br \/>\n    <\/a><\/p>\n<p class=\"fig-paragraph\">Les lots \u00e9taient r\u00e9partis sur cinq niveaux, comprenant des parkings, mais aussi des bureaux transform\u00e9s en appartements avec terrasses dans lesquels le pr\u00e9c\u00e9dent propri\u00e9taire avait fait construire des piscines. L\u2019Agrasc pr\u00e9cise que d\u00e9sormais, elle est habilit\u00e9e \u00e0 vendre le bien sans passer par une vente aux ench\u00e8res, ce qu\u2019elle compte faire.<\/p>\n","protected":false},"excerpt":{"rendered":"Aucune ench\u00e8re n\u2019a \u00e9t\u00e9 enregistr\u00e9e lors de la vente d\u2019un immeuble de plusieurs millions d\u2019euros situ\u00e9 sur la&hellip;\n","protected":false},"author":2,"featured_media":431547,"comment_status":"","ping_status":"","sticky":false,"template":"","format":"standard","meta":{"footnotes":""},"categories":[2814],"tags":[1111,11,3513,1777,674,1011,27,884,12,882,25,55444,7458],"class_list":{"0":"post-431546","1":"post","2":"type-post","3":"status-publish","4":"format-standard","5":"has-post-thumbnail","7":"category-marseille","8":"tag-actu","9":"tag-actualites","10":"tag-escroquerie","11":"tag-eu","12":"tag-europe","13":"tag-fr","14":"tag-france","15":"tag-marseille","16":"tag-news","17":"tag-provence-alpes-cote-dazur","18":"tag-republique-francaise","19":"tag-taxe-carbone","20":"tag-vente-aux-encheres"},"share_on_mastodon":{"url":"https:\/\/pubeurope.com\/@fr\/115299900761992224","error":""},"_links":{"self":[{"href":"https:\/\/www.europesays.com\/fr\/wp-json\/wp\/v2\/posts\/431546","targetHints":{"allow":["GET"]}}],"collection":[{"href":"https:\/\/www.europesays.com\/fr\/wp-json\/wp\/v2\/posts"}],"about":[{"href":"https:\/\/www.europesays.com\/fr\/wp-json\/wp\/v2\/types\/post"}],"author":[{"embeddable":true,"href":"https:\/\/www.europesays.com\/fr\/wp-json\/wp\/v2\/users\/2"}],"replies":[{"embeddable":true,"href":"https:\/\/www.europesays.com\/fr\/wp-json\/wp\/v2\/comments?post=431546"}],"version-history":[{"count":0,"href":"https:\/\/www.europesays.com\/fr\/wp-json\/wp\/v2\/posts\/431546\/revisions"}],"wp:featuredmedia":[{"embeddable":true,"href":"https:\/\/www.europesays.com\/fr\/wp-json\/wp\/v2\/media\/431547"}],"wp:attachment":[{"href":"https:\/\/www.europesays.com\/fr\/wp-json\/wp\/v2\/media?parent=431546"}],"wp:term":[{"taxonomy":"category","embeddable":true,"href":"https:\/\/www.europesays.com\/fr\/wp-json\/wp\/v2\/categories?post=431546"},{"taxonomy":"post_tag","embeddable":true,"href":"https:\/\/www.europesays.com\/fr\/wp-json\/wp\/v2\/tags?post=431546"}],"curies":[{"name":"wp","href":"https:\/\/api.w.org\/{rel}","templated":true}]}}