{"id":431548,"date":"2025-10-01T16:40:18","date_gmt":"2025-10-01T16:40:18","guid":{"rendered":"https:\/\/www.europesays.com\/fr\/431548\/"},"modified":"2025-10-01T16:40:18","modified_gmt":"2025-10-01T16:40:18","slug":"lyon-la-mairie-indemnise-les-jeunes-qui-participeront-a-des-ateliers-participatifs","status":"publish","type":"post","link":"https:\/\/www.europesays.com\/fr\/431548\/","title":{"rendered":"Lyon. La mairie indemnise les jeunes qui participeront \u00e0 des ateliers participatifs"},"content":{"rendered":"<p>Faut-il r\u00e9mun\u00e9rer un engagement pour que les jeunes s\u2019y investissent s\u00e9rieusement\u00a0? Avec \u00ab\u00a0Lyon Jeunesses\u00a0!\u00a0\u00bb, la Ville de Lyon entend associer les jeunes \u00e0 l\u2019\u00e9laboration des politiques publiques. Comme en 2024, les participants sont s\u00e9lectionn\u00e9s sur candidature, repr\u00e9sentant la diversit\u00e9 des profils de jeunes r\u00e9sidant, \u00e9tudiant ou travaillant \u00e0 Lyon. Leurs travaux alimenteront des th\u00e9matiques telles que l\u2019\u00e9ducation populaire, l\u2019acc\u00e8s aux droits et l\u2019engagement citoyen.<\/p>\n<p>Chaque jeune percevra 200\u00a0euros pour 15 heures de participation r\u00e9parties sur plusieurs ateliers et une s\u00e9ance de restitution. Une indemnisation pr\u00e9sent\u00e9e dans le cadre de la d\u00e9lib\u00e9ration vot\u00e9e ce jeudi en conseil municipal comme une reconnaissance de leur mobilisation et de leur expertise d\u2019usage ainsi que comme une prise en compte des situations de pr\u00e9carit\u00e9.<\/p>\n<p>C\u2019est le mod\u00e8le qui avait \u00e9t\u00e9 mis en place, par exemple, lors de la Convention citoyenne pour le climat, qui avait pr\u00e9vu une indemnisation pour les citoyens tir\u00e9s au sort, afin de compenser leur perte de revenu et de reconna\u00eetre leur engagement.<\/p>\n","protected":false},"excerpt":{"rendered":"Faut-il r\u00e9mun\u00e9rer un engagement pour que les jeunes s\u2019y investissent s\u00e9rieusement\u00a0? Avec \u00ab\u00a0Lyon Jeunesses\u00a0!\u00a0\u00bb, la Ville de Lyon&hellip;\n","protected":false},"author":2,"featured_media":431549,"comment_status":"","ping_status":"","sticky":false,"template":"","format":"standard","meta":{"footnotes":""},"categories":[1889],"tags":[1111,11,2430,1984,2757,1777,674,1011,27,2428,2756,12,316,25],"class_list":{"0":"post-431548","1":"post","2":"type-post","3":"status-publish","4":"format-standard","5":"has-post-thumbnail","7":"category-lyon","8":"tag-actu","9":"tag-actualites","10":"tag-auvergne-rhone-alpes","11":"tag-conseil-municipal","12":"tag-edition-lyon-villeurbanne","13":"tag-eu","14":"tag-europe","15":"tag-fr","16":"tag-france","17":"tag-lyon","18":"tag-lyon-bassin","19":"tag-news","20":"tag-politique","21":"tag-republique-francaise"},"share_on_mastodon":{"url":"https:\/\/pubeurope.com\/@fr\/115299904711282775","error":""},"_links":{"self":[{"href":"https:\/\/www.europesays.com\/fr\/wp-json\/wp\/v2\/posts\/431548","targetHints":{"allow":["GET"]}}],"collection":[{"href":"https:\/\/www.europesays.com\/fr\/wp-json\/wp\/v2\/posts"}],"about":[{"href":"https:\/\/www.europesays.com\/fr\/wp-json\/wp\/v2\/types\/post"}],"author":[{"embeddable":true,"href":"https:\/\/www.europesays.com\/fr\/wp-json\/wp\/v2\/users\/2"}],"replies":[{"embeddable":true,"href":"https:\/\/www.europesays.com\/fr\/wp-json\/wp\/v2\/comments?post=431548"}],"version-history":[{"count":0,"href":"https:\/\/www.europesays.com\/fr\/wp-json\/wp\/v2\/posts\/431548\/revisions"}],"wp:featuredmedia":[{"embeddable":true,"href":"https:\/\/www.europesays.com\/fr\/wp-json\/wp\/v2\/media\/431549"}],"wp:attachment":[{"href":"https:\/\/www.europesays.com\/fr\/wp-json\/wp\/v2\/media?parent=431548"}],"wp:term":[{"taxonomy":"category","embeddable":true,"href":"https:\/\/www.europesays.com\/fr\/wp-json\/wp\/v2\/categories?post=431548"},{"taxonomy":"post_tag","embeddable":true,"href":"https:\/\/www.europesays.com\/fr\/wp-json\/wp\/v2\/tags?post=431548"}],"curies":[{"name":"wp","href":"https:\/\/api.w.org\/{rel}","templated":true}]}}