{"id":431550,"date":"2025-10-01T16:41:13","date_gmt":"2025-10-01T16:41:13","guid":{"rendered":"https:\/\/www.europesays.com\/fr\/431550\/"},"modified":"2025-10-01T16:41:13","modified_gmt":"2025-10-01T16:41:13","slug":"lyon-le-centre-esthetique-aunessa-prospere-sans-complexe-a-lombre-dune-enquete-a-rallonge","status":"publish","type":"post","link":"https:\/\/www.europesays.com\/fr\/431550\/","title":{"rendered":"Lyon. Le centre esth\u00e9tique Aunessa prosp\u00e8re sans complexe \u00e0 l\u2019ombre d\u2019une enqu\u00eate \u00e0 rallonge"},"content":{"rendered":"<p>Le\u00efla (1) n\u2019y croit plus. C\u2019est fini. La jeune femme a fait une croix sur la plainte qu\u2019elle a d\u00e9pos\u00e9e, il y a un an, contre le luxueux centre esth\u00e9tique lyonnais Aunessa pour avoir subi des injections ill\u00e9gales et inefficaces dans son double menton. \u00ab\u00a0Je me suis fait une raison\u00a0: je ne serai jamais d\u00e9dommag\u00e9e de mon pr\u00e9judice esth\u00e9tique, souffle Le\u00efla. Je ne suis, d\u2019ailleurs, pas la seule \u00e0 avoir perdu espoir. La quinzaine d\u2019autres victimes [pr\u00e9sum\u00e9es] avec qui je suis en contact sur WhatsApp sont \u00e9galement d\u00e9sabus\u00e9es de n\u2019avoir jamais \u00e9t\u00e9 contact\u00e9es par la police. Nous avons toutes compris que le dossier \u00e9tait aux oubliettes.\u00a0\u00bb<\/p>\n<p>En r\u00e9alit\u00e9, il ne l\u2019est pas. Depuis que le tribunal correctionnel de Lyon <a href=\"https:\/\/www.leprogres.fr\/faits-divers-justice\/2024\/11\/27\/l-affaire-aunessa-renvoyee-a-l-instruction-pour-combler-les-zones-d-ombre\" target=\"_blank\" rel=\"noopener\">a refus\u00e9, en novembre\u00a02024, de juger l\u2019affaire&#8230;<\/a><\/p>\n","protected":false},"excerpt":{"rendered":"Le\u00efla (1) n\u2019y croit plus. C\u2019est fini. La jeune femme a fait une croix sur la plainte qu\u2019elle&hellip;\n","protected":false},"author":2,"featured_media":431551,"comment_status":"","ping_status":"","sticky":false,"template":"","format":"standard","meta":{"footnotes":""},"categories":[1889],"tags":[1111,11,2430,271,272,2757,1777,674,274,107,1011,27,2428,2756,12,25,2429,71,104],"class_list":{"0":"post-431550","1":"post","2":"type-post","3":"status-publish","4":"format-standard","5":"has-post-thumbnail","7":"category-lyon","8":"tag-actu","9":"tag-actualites","10":"tag-auvergne-rhone-alpes","11":"tag-crime","12":"tag-delit-et-contravention","13":"tag-edition-lyon-villeurbanne","14":"tag-eu","15":"tag-europe","16":"tag-faits-divers-justice","17":"tag-fil-info","18":"tag-fr","19":"tag-france","20":"tag-lyon","21":"tag-lyon-bassin","22":"tag-news","23":"tag-republique-francaise","24":"tag-rhone","25":"tag-sante","26":"tag-societe"},"share_on_mastodon":{"url":"https:\/\/pubeurope.com\/@fr\/115299908510830758","error":""},"_links":{"self":[{"href":"https:\/\/www.europesays.com\/fr\/wp-json\/wp\/v2\/posts\/431550","targetHints":{"allow":["GET"]}}],"collection":[{"href":"https:\/\/www.europesays.com\/fr\/wp-json\/wp\/v2\/posts"}],"about":[{"href":"https:\/\/www.europesays.com\/fr\/wp-json\/wp\/v2\/types\/post"}],"author":[{"embeddable":true,"href":"https:\/\/www.europesays.com\/fr\/wp-json\/wp\/v2\/users\/2"}],"replies":[{"embeddable":true,"href":"https:\/\/www.europesays.com\/fr\/wp-json\/wp\/v2\/comments?post=431550"}],"version-history":[{"count":0,"href":"https:\/\/www.europesays.com\/fr\/wp-json\/wp\/v2\/posts\/431550\/revisions"}],"wp:featuredmedia":[{"embeddable":true,"href":"https:\/\/www.europesays.com\/fr\/wp-json\/wp\/v2\/media\/431551"}],"wp:attachment":[{"href":"https:\/\/www.europesays.com\/fr\/wp-json\/wp\/v2\/media?parent=431550"}],"wp:term":[{"taxonomy":"category","embeddable":true,"href":"https:\/\/www.europesays.com\/fr\/wp-json\/wp\/v2\/categories?post=431550"},{"taxonomy":"post_tag","embeddable":true,"href":"https:\/\/www.europesays.com\/fr\/wp-json\/wp\/v2\/tags?post=431550"}],"curies":[{"name":"wp","href":"https:\/\/api.w.org\/{rel}","templated":true}]}}