{"id":431554,"date":"2025-10-01T16:46:16","date_gmt":"2025-10-01T16:46:16","guid":{"rendered":"https:\/\/www.europesays.com\/fr\/431554\/"},"modified":"2025-10-01T16:46:16","modified_gmt":"2025-10-01T16:46:16","slug":"quand-le-gouvernement-sassoit-sur-les-decisions-du-parlement","status":"publish","type":"post","link":"https:\/\/www.europesays.com\/fr\/431554\/","title":{"rendered":"quand le gouvernement s\u2019assoit sur les d\u00e9cisions du Parlement"},"content":{"rendered":"<p>                         <img loading=\"lazy\" decoding=\"async\" src=\"https:\/\/www.europesays.com\/fr\/wp-content\/uploads\/2025\/10\/74f534c_upload-1-l1i0ux2spt6l-000-43rj4ge.jpg\" alt=\"Charles de Courson, rapporteur g\u00e9n\u00e9ral du budget \u00e0 l\u2019Assembl\u00e9e nationale, \u00e0 Paris, le 28\u00a0avril\u00a02025. \"   width=\"664\" height=\"443\"\/>    Charles de Courson, rapporteur g\u00e9n\u00e9ral du budget \u00e0 l\u2019Assembl\u00e9e nationale, \u00e0 Paris, le 28\u00a0avril\u00a02025.  LUDOVIC MARIN\/AFP                 <\/p>\n<p class=\"article__paragraph  \">A quoi sert de discuter d\u2019un budget\u00a0? A l\u2019approche de d\u00e9bats qui s\u2019annoncent houleux, d\u00e9put\u00e9s et s\u00e9nateurs peuvent s\u2019interroger. Non seulement parce qu\u2019il n\u2019est pas certain qu\u2019un projet de loi de finances puisse \u00eatre adopt\u00e9 \u00e0 l\u2019issue des soixante-dix\u00a0jours de discussions pr\u00e9vus, compte tenu de la crise politique actuelle. Mais aussi parce que m\u00eame si un texte sort de ce tunnel, rien ne dit qu\u2019il sera appliqu\u00e9, du moins enti\u00e8rement.<\/p>\n<p>   Lire plus tard  <\/p>\n<p class=\"article__paragraph  \">C\u2019est ce dont s\u2019inqui\u00e8te le rapporteur g\u00e9n\u00e9ral du budget, le d\u00e9put\u00e9 centriste Charles de Courson (Utiles, Marne), dans un rapport pr\u00e9sent\u00e9 mardi 30\u00a0septembre \u00e0 la commission des finances de l\u2019Assembl\u00e9e nationale. D\u2019abord, l\u2019administration met du temps \u00e0 prendre certaines mesures indispensables pour que la loi entre en application. Dans le cas du budget\u00a02025, seuls 36\u00a0% des d\u00e9crets n\u00e9cessaires ont \u00e9t\u00e9 publi\u00e9s \u00e0 ce jour, notamment parce que certains textes requi\u00e8rent un avis pr\u00e9alable de Bruxelles sur leur conformit\u00e9 avec le droit europ\u00e9en.<\/p>\n<p class=\"article__paragraph  \">Ensuite, l\u2019ex\u00e9cutif s\u2019assoit parfois sur certaines dispositions \u00ab\u00a0pourtant r\u00e9guli\u00e8rement adopt\u00e9es par le l\u00e9gislateur et promulgu\u00e9es\u00a0\u00bb, s\u2019alarme Charles de Courson. \u00ab\u00a0La pratique semble devenue courante depuis 2024, ajoute-t-il. Cette d\u00e9rive est d\u2019autant plus inqui\u00e9tante qu\u2019elle concerne des sujets \u00e0 forte port\u00e9e politique.\u00a0\u00bb<\/p>\n<p class=\"reading-mode-only \"><strong>Il vous reste 71.88% de cet article \u00e0 lire. La suite est r\u00e9serv\u00e9e aux abonn\u00e9s.<\/strong><\/p>\n","protected":false},"excerpt":{"rendered":"Charles de Courson, rapporteur g\u00e9n\u00e9ral du budget \u00e0 l\u2019Assembl\u00e9e nationale, \u00e0 Paris, le 28\u00a0avril\u00a02025. LUDOVIC MARIN\/AFP A quoi&hellip;\n","protected":false},"author":2,"featured_media":431555,"comment_status":"","ping_status":"","sticky":false,"template":"","format":"standard","meta":{"footnotes":""},"categories":[1888],"tags":[1111,1928,11,1927,1777,674,1011,27,12,1926,626,1925,25],"class_list":{"0":"post-431554","1":"post","2":"type-post","3":"status-publish","4":"format-standard","5":"has-post-thumbnail","7":"category-paris","8":"tag-actu","9":"tag-actu-paris","10":"tag-actualites","11":"tag-actualites-paris","12":"tag-eu","13":"tag-europe","14":"tag-fr","15":"tag-france","16":"tag-news","17":"tag-news-paris","18":"tag-paris","19":"tag-paris-news","20":"tag-republique-francaise"},"share_on_mastodon":{"url":"https:\/\/pubeurope.com\/@fr\/115299928762142446","error":""},"_links":{"self":[{"href":"https:\/\/www.europesays.com\/fr\/wp-json\/wp\/v2\/posts\/431554","targetHints":{"allow":["GET"]}}],"collection":[{"href":"https:\/\/www.europesays.com\/fr\/wp-json\/wp\/v2\/posts"}],"about":[{"href":"https:\/\/www.europesays.com\/fr\/wp-json\/wp\/v2\/types\/post"}],"author":[{"embeddable":true,"href":"https:\/\/www.europesays.com\/fr\/wp-json\/wp\/v2\/users\/2"}],"replies":[{"embeddable":true,"href":"https:\/\/www.europesays.com\/fr\/wp-json\/wp\/v2\/comments?post=431554"}],"version-history":[{"count":0,"href":"https:\/\/www.europesays.com\/fr\/wp-json\/wp\/v2\/posts\/431554\/revisions"}],"wp:featuredmedia":[{"embeddable":true,"href":"https:\/\/www.europesays.com\/fr\/wp-json\/wp\/v2\/media\/431555"}],"wp:attachment":[{"href":"https:\/\/www.europesays.com\/fr\/wp-json\/wp\/v2\/media?parent=431554"}],"wp:term":[{"taxonomy":"category","embeddable":true,"href":"https:\/\/www.europesays.com\/fr\/wp-json\/wp\/v2\/categories?post=431554"},{"taxonomy":"post_tag","embeddable":true,"href":"https:\/\/www.europesays.com\/fr\/wp-json\/wp\/v2\/tags?post=431554"}],"curies":[{"name":"wp","href":"https:\/\/api.w.org\/{rel}","templated":true}]}}