{"id":431556,"date":"2025-10-01T16:47:14","date_gmt":"2025-10-01T16:47:14","guid":{"rendered":"https:\/\/www.europesays.com\/fr\/431556\/"},"modified":"2025-10-01T16:47:14","modified_gmt":"2025-10-01T16:47:14","slug":"la-russie-affirme-que-la-situation-a-la-centrale-nucleaire-de-zaporijia-occupee-par-son-armee-est-sous-controle","status":"publish","type":"post","link":"https:\/\/www.europesays.com\/fr\/431556\/","title":{"rendered":"la Russie affirme que \u00ab\u00a0la situation \u00e0 la centrale nucl\u00e9aire de Zaporijia\u00a0\u00bb, occup\u00e9e par son arm\u00e9e, est \u00ab\u00a0sous contr\u00f4le\u00a0\u00bb"},"content":{"rendered":"<p>   R\u00e9unis au Danemark, les 27\u00a0pays\u00a0membres de l\u2019UE se penchent sur leur d\u00e9fense             <\/p>\n<p class=\"post__live-container--answer-text post__space-node\">Les dirigeants des Vingt-Sept se retrouvent, mercredi, \u00e0 Copenhague pour renforcer la d\u00e9fense du continent face \u00e0 la menace russe, au moment o\u00f9 de myst\u00e9rieux drones dans le ciel danois ont encore accru la tension ces derniers jours.<\/p>\n<p class=\"post__live-container--answer-text post__space-node\">Des milliers de policiers ont \u00e9t\u00e9 mobilis\u00e9s pour ce sommet qui sera suivi, le lendemain, d\u2019une rencontre europ\u00e9enne sous un format \u00e9largi. Des renforts militaires venus d\u2019Allemagne, de Pologne, de Scandinavie, de France et m\u00eame d\u2019Ukraine sont pr\u00e9sents \u00e0 Copenhague. Les Etats-Unis ont, eux aussi, envoy\u00e9 du mat\u00e9riel antidrones.<\/p>\n<p class=\"post__live-container--answer-text post__space-node\">Les r\u00e9cents signalements de drones \u00e0 travers le Danemark ont entra\u00een\u00e9 la fermeture de plusieurs a\u00e9roports, dont celui de Copenhague. Leur origine reste jusqu\u2019\u00e0 pr\u00e9sent inconnue mais les autorit\u00e9s danoises n\u2019ont pas tard\u00e9 \u00e0 incriminer la Russie, d\u00e9j\u00e0 accus\u00e9e d\u2019\u00eatre derri\u00e8re l\u2019incursion d\u2019une vingtaine de drones dans le ciel polonais au d\u00e9but de\u00a0septembre et de trois avions de combat dans l\u2019espace a\u00e9rien estonien quelques jours plus tard.<\/p>\n<p class=\"post__live-container--answer-text post__space-node\">Les Vingt-Sept vont dans ce contexte discuter des moyens de renforcer la d\u00e9fense de leur continent. L\u2019UE veut donner la priorit\u00e9 \u00e0 quatre projets phares\u00a0: d\u00e9fense de l\u2019espace, renforcement de son flanc est, d\u00e9fense antimissiles et \u00ab\u00a0mur antidrones\u00a0\u00bb.<\/p>\n<p class=\"post__live-container--answer-text post__space-node\">La Commission europ\u00e9enne a mis \u00e0 disposition des Etats membres 150\u00a0milliards de pr\u00eats, enti\u00e8rement souscrits, dont 100\u00a0milliards par les pays dits de \u00ab\u00a0la ligne de front\u00a0\u00bb, g\u00e9ographiquement proches de la Russie, comme la Pologne ou les pays baltes.<\/p>\n<p class=\"post__live-container--answer-text post__space-node\">Le rendez-vous de Copenhague doit aussi \u00eatre l\u2019occasion de trouver des sources p\u00e9rennes de financement pour l\u2019Ukraine au moment o\u00f9 les perspectives de paix semblent s\u2019\u00e9loigner et le soutien financier am\u00e9ricain se tarit. Avec nombre d\u2019Etats membres en difficult\u00e9s budg\u00e9taires, l\u2019id\u00e9e d\u2019une meilleure utilisation des avoirs russes gel\u00e9s en Europe a refait surface.<\/p>\n<p class=\"post__live-container--answer-text post__space-node\">Quelque 210\u00a0milliards d\u2019euros d\u2019avoirs de la banque centrale russe aupr\u00e8s d\u2019Euroclear, une institution financi\u00e8re qui a son si\u00e8ge \u00e0 Bruxelles, sont immobilis\u00e9s depuis l\u2019invasion russe de l\u2019Ukraine en f\u00e9vrier\u00a02022.<\/p>\n<p class=\"post__live-container--answer-text post__space-node\">Redoutant des turbulences sur les march\u00e9s, beaucoup de pays refusent cat\u00e9goriquement qu\u2019ils soient saisis. Mais ils ne sont, en revanche, pas oppos\u00e9s \u00e0 leur utilisation pour financer un pr\u00eat \u00e0 l\u2019Ukraine, que la Commission europ\u00e9enne a chiffr\u00e9 \u00e0 hauteur de 140\u00a0milliards d\u2019euros.<\/p>\n<p class=\"post__live-container--answer-text post__space-node\">L\u2019UE sera alors en dette aupr\u00e8s d\u2019Euroclear, qui sera toujours d\u00e9tenteur de ces avoirs. Kiev ne remboursera que si la Russie accepte de payer des r\u00e9parations de guerre. Et si Moscou s\u2019y refuse, les sanctions, et donc l\u2019immobilisation de ces avoirs, seront maintenus, selon un document de travail mis sur la table des Vingt-Sept.<\/p>\n<p class=\"post__live-container--answer-text post__space-node\">Bruxelles veut aussi encourager l\u2019Ukraine dans ses efforts pour rejoindre l\u2019UE. Les n\u00e9gociations sont actuellement bloqu\u00e9es par la Hongrie.<\/p>\n","protected":false},"excerpt":{"rendered":"R\u00e9unis au Danemark, les 27\u00a0pays\u00a0membres de l\u2019UE se penchent sur leur d\u00e9fense Les dirigeants des Vingt-Sept se retrouvent,&hellip;\n","protected":false},"author":2,"featured_media":431557,"comment_status":"","ping_status":"","sticky":false,"template":"","format":"standard","meta":{"footnotes":""},"categories":[1888],"tags":[1111,1928,11,1927,1777,674,1011,27,12,1926,626,1925,25],"class_list":{"0":"post-431556","1":"post","2":"type-post","3":"status-publish","4":"format-standard","5":"has-post-thumbnail","7":"category-paris","8":"tag-actu","9":"tag-actu-paris","10":"tag-actualites","11":"tag-actualites-paris","12":"tag-eu","13":"tag-europe","14":"tag-fr","15":"tag-france","16":"tag-news","17":"tag-news-paris","18":"tag-paris","19":"tag-paris-news","20":"tag-republique-francaise"},"share_on_mastodon":{"url":"https:\/\/pubeurope.com\/@fr\/115299932226833228","error":""},"_links":{"self":[{"href":"https:\/\/www.europesays.com\/fr\/wp-json\/wp\/v2\/posts\/431556","targetHints":{"allow":["GET"]}}],"collection":[{"href":"https:\/\/www.europesays.com\/fr\/wp-json\/wp\/v2\/posts"}],"about":[{"href":"https:\/\/www.europesays.com\/fr\/wp-json\/wp\/v2\/types\/post"}],"author":[{"embeddable":true,"href":"https:\/\/www.europesays.com\/fr\/wp-json\/wp\/v2\/users\/2"}],"replies":[{"embeddable":true,"href":"https:\/\/www.europesays.com\/fr\/wp-json\/wp\/v2\/comments?post=431556"}],"version-history":[{"count":0,"href":"https:\/\/www.europesays.com\/fr\/wp-json\/wp\/v2\/posts\/431556\/revisions"}],"wp:featuredmedia":[{"embeddable":true,"href":"https:\/\/www.europesays.com\/fr\/wp-json\/wp\/v2\/media\/431557"}],"wp:attachment":[{"href":"https:\/\/www.europesays.com\/fr\/wp-json\/wp\/v2\/media?parent=431556"}],"wp:term":[{"taxonomy":"category","embeddable":true,"href":"https:\/\/www.europesays.com\/fr\/wp-json\/wp\/v2\/categories?post=431556"},{"taxonomy":"post_tag","embeddable":true,"href":"https:\/\/www.europesays.com\/fr\/wp-json\/wp\/v2\/tags?post=431556"}],"curies":[{"name":"wp","href":"https:\/\/api.w.org\/{rel}","templated":true}]}}