{"id":431558,"date":"2025-10-01T16:48:11","date_gmt":"2025-10-01T16:48:11","guid":{"rendered":"https:\/\/www.europesays.com\/fr\/431558\/"},"modified":"2025-10-01T16:48:11","modified_gmt":"2025-10-01T16:48:11","slug":"le-geant-de-la-fast-fashion-shein-controverse-va-ouvrir-un-magasin-inedit-au-bhv","status":"publish","type":"post","link":"https:\/\/www.europesays.com\/fr\/431558\/","title":{"rendered":"le g\u00e9ant de la fast-fashion Shein, controvers\u00e9, va ouvrir un magasin in\u00e9dit au BHV"},"content":{"rendered":"<p>            Par<br \/>\n        <strong><br \/>\n            <a href=\"https:\/\/actu.fr\/auteur\/redaction-paris\" title=\"Consulter tous les articles de R\u00e9daction Paris\" rel=\"nofollow noopener\" target=\"_blank\">R\u00e9daction Paris<\/a><br \/>\n        <\/strong><\/p>\n<p>        Publi\u00e9 le<\/p>\n<p>            1 oct. 2025 \u00e0 18h36        <\/p>\n<p>La plateforme asiatique <a href=\"https:\/\/actu.fr\/economie\/shein-s-installe-dans-plusieurs-villes-de-france-la-liste-de-tous-les-magasins-attendus-des-cette-annee_63241248.html\" rel=\"nofollow noopener\" target=\"_blank\">Shein a choisi la France<\/a> pour ouvrir ses premiers magasins physiques p\u00e9rennes, <strong>une premi\u00e8re mondiale.<\/strong> Six boutiques \u00ab\u00a0ouvriront \u00e0 partir de novembre\u00a0\u00bb, d\u2019abord au sein du <a href=\"https:\/\/actu.fr\/tag\/bhv\" rel=\"nofollow noopener\" target=\"_blank\">BHV Marais<\/a> \u00e0 Paris puis cinq autres \u00ab\u00a0progressivement\u00a0\u00bb dans des Galeries Lafayette \u00e0 travers la France, selon un communiqu\u00e9 publi\u00e9 ce mercredi 1er octobre 2025.<\/p>\n<p>Dans le viseur du monde du textile<\/p>\n<p class=\" wall-content\">Shein s\u2019est alli\u00e9e pour ce faire avec la Soci\u00e9t\u00e9 des Grands Magasins (SGM), une fonci\u00e8re commerciale qui d\u00e9tient et exploite notamment le BHV Marais et des magasins Galeries Lafayette. \u00ab\u00a0Cette alliance est plus qu\u2019un simple lancement : c\u2019est un engagement pour <strong>revitaliser les centres-villes<\/strong> partout en France, <a href=\"https:\/\/actu.fr\/ile-de-france\/paris_75056\/paris-salle-de-sport-marche-alimentaire-a-quoi-pourrait-ressembler-le-nouveau-bhv-marais_62786226.html\" rel=\"nofollow noopener\" target=\"_blank\">restaurer les grands magasins<\/a> et d\u00e9velopper des opportunit\u00e9s pour le pr\u00eat-\u00e0-porter fran\u00e7ais\u00a0\u00bb, avance Shein, promettant \u00ab\u00a0la cr\u00e9ation de 200 emplois directs et indirects en France au sein de SGM\u00a0\u00bb.<\/p>\n<p class=\" wall-content\">Fond\u00e9e en Chine en 2012 et d\u00e9sormais bas\u00e9e \u00e0 Singapour, Shein est principalement une marque de v\u00eatements et d\u2019accessoires, qui se d\u00e9marque par ses prix extr\u00eamement bas, la profusion des r\u00e9f\u00e9rences et son marketing agressif. Accus\u00e9e de <strong>pollution environnementale<\/strong> en raison des volumes colossaux mis sur le march\u00e9 et soup\u00e7onn\u00e9e de conditions de travail indignes \u2013 \u00a0en raison de ses approvisionnements, principalement de Chine -, Shein est \u00e9galement dans le viseur du monde du textile et de l\u2019habillement, fran\u00e7ais comme europ\u00e9en.<\/p>\n<p class=\" wall-content\">Le secteur reproche au mastodonte asiatique de cr\u00e9er <strong>une concurrence d\u00e9loyale<\/strong> vis-\u00e0-vis des entreprises du Vieux continent en ne respectant pas les normes europ\u00e9ennes en mati\u00e8re d\u2019environnement, de droits sociaux, de s\u00e9curit\u00e9 du consommateur alors qu\u2019elles y sont assujetties. Et de profiter d\u2019une mesure europ\u00e9enne exemptant de droits de douane les petits colis, ce qui permet \u00e0 Shein d\u2019envoyer \u00e0 peu de frais ses produits et complique le travail des douanes en mati\u00e8re de contr\u00f4les.\u00a0L\u2019entreprise emploie 16 000 personnes dans le monde et a r\u00e9alis\u00e9 23 milliards de dollars (20 milliards d\u2019euros) de chiffre d\u2019affaires en 2022.<\/p>\n<p class=\" wall-content\">Avec AFP<\/p>\n<p class=\" wall-content\">Personnalisez votre actualit\u00e9 en ajoutant vos villes et m\u00e9dias en favori avec <a href=\"https:\/\/moncompte.actu.fr\" title=\"D\u00e9couvez Mon Actu\" rel=\"nofollow noopener\" data-trk=\"{&quot;cta&quot;:{&quot;action&quot;:&quot;https:\\\/\\\/moncompte.actu.fr&quot;,&quot;category&quot;:&quot;mon compte&quot;,&quot;from&quot;:&quot;article footer&quot;,&quot;name&quot;:&quot;Mon actu&quot;,&quot;type&quot;:&quot;cta&quot;}}\" target=\"_blank\">Mon Actu<\/a>.<\/p>\n","protected":false},"excerpt":{"rendered":"Par R\u00e9daction Paris Publi\u00e9 le 1 oct. 2025 \u00e0 18h36 La plateforme asiatique Shein a choisi la France&hellip;\n","protected":false},"author":2,"featured_media":431559,"comment_status":"","ping_status":"","sticky":false,"template":"","format":"standard","meta":{"footnotes":""},"categories":[1888],"tags":[11,4753,215,130,1777,674,1011,27,12,626,25,104],"class_list":{"0":"post-431558","1":"post","2":"type-post","3":"status-publish","4":"format-standard","5":"has-post-thumbnail","7":"category-paris","8":"tag-actualites","9":"tag-bhv","10":"tag-commerce","11":"tag-consommation","12":"tag-eu","13":"tag-europe","14":"tag-fr","15":"tag-france","16":"tag-news","17":"tag-paris","18":"tag-republique-francaise","19":"tag-societe"},"share_on_mastodon":{"url":"https:\/\/pubeurope.com\/@fr\/115299936106409777","error":""},"_links":{"self":[{"href":"https:\/\/www.europesays.com\/fr\/wp-json\/wp\/v2\/posts\/431558","targetHints":{"allow":["GET"]}}],"collection":[{"href":"https:\/\/www.europesays.com\/fr\/wp-json\/wp\/v2\/posts"}],"about":[{"href":"https:\/\/www.europesays.com\/fr\/wp-json\/wp\/v2\/types\/post"}],"author":[{"embeddable":true,"href":"https:\/\/www.europesays.com\/fr\/wp-json\/wp\/v2\/users\/2"}],"replies":[{"embeddable":true,"href":"https:\/\/www.europesays.com\/fr\/wp-json\/wp\/v2\/comments?post=431558"}],"version-history":[{"count":0,"href":"https:\/\/www.europesays.com\/fr\/wp-json\/wp\/v2\/posts\/431558\/revisions"}],"wp:featuredmedia":[{"embeddable":true,"href":"https:\/\/www.europesays.com\/fr\/wp-json\/wp\/v2\/media\/431559"}],"wp:attachment":[{"href":"https:\/\/www.europesays.com\/fr\/wp-json\/wp\/v2\/media?parent=431558"}],"wp:term":[{"taxonomy":"category","embeddable":true,"href":"https:\/\/www.europesays.com\/fr\/wp-json\/wp\/v2\/categories?post=431558"},{"taxonomy":"post_tag","embeddable":true,"href":"https:\/\/www.europesays.com\/fr\/wp-json\/wp\/v2\/tags?post=431558"}],"curies":[{"name":"wp","href":"https:\/\/api.w.org\/{rel}","templated":true}]}}