{"id":431564,"date":"2025-10-01T16:51:11","date_gmt":"2025-10-01T16:51:11","guid":{"rendered":"https:\/\/www.europesays.com\/fr\/431564\/"},"modified":"2025-10-01T16:51:11","modified_gmt":"2025-10-01T16:51:11","slug":"pour-maintenir-le-blocage-de-ladhesion-de-lukraine-a-lunion-europeenne-viktor-orban-pourrait-trouver-du-soutien-chez-de-nouveaux-allies","status":"publish","type":"post","link":"https:\/\/www.europesays.com\/fr\/431564\/","title":{"rendered":"Pour maintenir le blocage de l&rsquo;adh\u00e9sion de l&rsquo;Ukraine \u00e0 l&rsquo;Union europ\u00e9enne, Viktor Orb\u00e1n pourrait trouver du soutien chez de nouveaux alli\u00e9s"},"content":{"rendered":"<p class=\"text-left ap-StoryElement ap-StoryElement--mb ap-StoryText\">Un haut responsable de l&rsquo;UE affirme \u00e0 Politico qu&rsquo;Ant\u00f3nio Costa doit pr\u00e9senter sa proposition ce mercredi \u00e0 Copenhague. \u00ab\u00a0Aucun dirigeant n&rsquo;a jusqu&rsquo;\u00e0 pr\u00e9sent r\u00e9pondu par un \u00ab\u00a0non\u00a0\u00bb cat\u00e9gorique \u00e0 cette id\u00e9e\u00a0\u00bb, explique-t-il. Mais un autre haut diplomate de l&rsquo;UE a affirm\u00e9 \u00e0 nos coll\u00e8gues de Politico ne pas \u00eatre \u00ab\u00a0du tout convaincu par le fait de changer les r\u00e8gles en cours de jeu\u00a0\u00bb. \u00ab\u00a0Si vous avez recours au vote \u00e0 la majorit\u00e9 qualifi\u00e9e, il y a un tr\u00e8s grand risque que le processus soit extr\u00eamement politis\u00e9\u00a0\u00bb, ajoute-t-il.<\/p>\n<p><a href=\"https:\/\/www.lalibre.be\/international\/europe\/2025\/03\/08\/viktor-orban-est-un-peu-un-amoureux-decu-de-lunion-europeenne-qui-narrete-pas-de-montrer-toute-sa-deception-QSPQKFBFXBBRVCHETW6VSRNDCE\/\" target=\"_blank\" rel=\"noopener noreferrer\" class=\"ap-StoryInterstitialLink ap-StoryElement ap-StoryElement--mb\">\u00ab\u00a0Viktor Orb\u00e1n est un peu un amoureux d\u00e9\u00e7u de l&rsquo;Union Europ\u00e9enne qui n&rsquo;arr\u00eate pas de montrer toute sa d\u00e9ception\u00a0\u00bb<\/a><\/p>\n<p class=\"text-left ap-StoryElement ap-StoryElement--mb ap-StoryText\">Ce changement de scrutin semble \u00eatre difficile \u00e0 atteindre puisqu&rsquo;il n\u00e9cessiterait, lui aussi, un vote \u00e0 l&rsquo;unanimit\u00e9. \u00ab\u00a0Ce qui ne semble pas possible aujourd&rsquo;hui\u00a0\u00bb, d\u00e9clare un responsable de la pr\u00e9sidence fran\u00e7aise. \u00ab\u00a0Il est \u00e9vident que les Hongrois bloquent les Ukrainiens. Mais ce n&rsquo;est pas tout. Les Bulgares veulent pouvoir bloquer les Mac\u00e9doniens, les Croates veulent pouvoir contr\u00f4ler les Serbes, la Gr\u00e8ce et Chypre ne veulent pas que la Turquie se rapproche de l&rsquo;UE, et la Gr\u00e8ce voudrait aussi garder un \u0153il sur l&rsquo;Albanie\u00a0\u00bb, r\u00e9v\u00e8le un diplomate de l&rsquo;UE.<\/p>\n","protected":false},"excerpt":{"rendered":"Un haut responsable de l&rsquo;UE affirme \u00e0 Politico qu&rsquo;Ant\u00f3nio Costa doit pr\u00e9senter sa proposition ce mercredi \u00e0 Copenhague.&hellip;\n","protected":false},"author":2,"featured_media":431565,"comment_status":"","ping_status":"","sticky":false,"template":"","format":"standard","meta":{"footnotes":""},"categories":[1590],"tags":[11,21332,1777,674,1227,12,220],"class_list":{"0":"post-431564","1":"post","2":"type-post","3":"status-publish","4":"format-standard","5":"has-post-thumbnail","7":"category-ukraine","8":"tag-actualites","9":"tag-diplomacy","10":"tag-eu","11":"tag-europe","12":"tag-horizontal","13":"tag-news","14":"tag-ukraine"},"share_on_mastodon":{"url":"https:\/\/pubeurope.com\/@fr\/115299947947207254","error":""},"_links":{"self":[{"href":"https:\/\/www.europesays.com\/fr\/wp-json\/wp\/v2\/posts\/431564","targetHints":{"allow":["GET"]}}],"collection":[{"href":"https:\/\/www.europesays.com\/fr\/wp-json\/wp\/v2\/posts"}],"about":[{"href":"https:\/\/www.europesays.com\/fr\/wp-json\/wp\/v2\/types\/post"}],"author":[{"embeddable":true,"href":"https:\/\/www.europesays.com\/fr\/wp-json\/wp\/v2\/users\/2"}],"replies":[{"embeddable":true,"href":"https:\/\/www.europesays.com\/fr\/wp-json\/wp\/v2\/comments?post=431564"}],"version-history":[{"count":0,"href":"https:\/\/www.europesays.com\/fr\/wp-json\/wp\/v2\/posts\/431564\/revisions"}],"wp:featuredmedia":[{"embeddable":true,"href":"https:\/\/www.europesays.com\/fr\/wp-json\/wp\/v2\/media\/431565"}],"wp:attachment":[{"href":"https:\/\/www.europesays.com\/fr\/wp-json\/wp\/v2\/media?parent=431564"}],"wp:term":[{"taxonomy":"category","embeddable":true,"href":"https:\/\/www.europesays.com\/fr\/wp-json\/wp\/v2\/categories?post=431564"},{"taxonomy":"post_tag","embeddable":true,"href":"https:\/\/www.europesays.com\/fr\/wp-json\/wp\/v2\/tags?post=431564"}],"curies":[{"name":"wp","href":"https:\/\/api.w.org\/{rel}","templated":true}]}}