{"id":431566,"date":"2025-10-01T16:52:24","date_gmt":"2025-10-01T16:52:24","guid":{"rendered":"https:\/\/www.europesays.com\/fr\/431566\/"},"modified":"2025-10-01T16:52:24","modified_gmt":"2025-10-01T16:52:24","slug":"ce-qui-me-choque-cest-de-voir-la-france-suivre-la-voie-americaine","status":"publish","type":"post","link":"https:\/\/www.europesays.com\/fr\/431566\/","title":{"rendered":"\u201cCe qui me choque, c\u2019est de voir la France suivre la voie am\u00e9ricaine\u201d"},"content":{"rendered":"\n<p><strong>Courrier international\u00a0: Nicolas Sarkozy, condamn\u00e9 \u00e0 cinq ans de prison, s\u2019en est furieusement pris \u00e0 ses juges dans le Journal du dimanche\u00a0: \u201cToutes les limites de l\u2019\u00c9tat de droit ont \u00e9t\u00e9 viol\u00e9es.\u201d Cela vous a-t-il surpris\u00a0?<\/strong><\/p>\n<p><strong>Alexander Hurst\u00a0: <\/strong>Oui et non. Dans nos d\u00e9mocraties contemporaines, on observe la tendance o\u00f9 chacun, plut\u00f4t que de respecter les institutions politiques, essaie d\u2019en tirer avantage. C\u2019est compr\u00e9hensible d\u2019un point de vue individuel. Mais quand c\u2019est collectif, cela nuit \u00e0 leur l\u00e9gitimit\u00e9. Ce qui me choque, c\u2019est de voir la France suivre un peu la voie am\u00e9ricaine. Tout le monde devrait \u00eatre outr\u00e9 de voir un ancien pr\u00e9sident attaquer la justice fran\u00e7aise, une institution qui, sans conteste, travaille de mani\u00e8re impartiale.<\/p>\n<p>Selon les sondages, la majorit\u00e9 des Fran\u00e7ais consid\u00e8re qu\u2019il y a un probl\u00e8me de corruption dans la classe politique. Le nombre de personnalit\u00e9s politiques jug\u00e9es et condamn\u00e9es corrobore leur constat. Je crois qu\u2019il existe un d\u00e9sir parmi les Fran\u00e7ais de voir la justice faire le m\u00e9nage.\u00a0Qu\u2019elle soit attaqu\u00e9e parce qu\u2019elle fait ce travail est choquant.<\/p>\n<p><strong>Pour la seconde fois en un an, apr\u00e8s le jugement de Marine Le Pen, des juges ont re\u00e7u des menaces de mort et les critiques monopolisent l\u2019espace m\u00e9diatique. La justice est-elle menac\u00e9e\u00a0?<\/strong><\/p>\n<p>Menac\u00e9e dans le sens o\u00f9 le jeu politicien qui consiste \u00e0 remettre en cause la justice grignote sa l\u00e9gitimit\u00e9 et sa stabilit\u00e9. Au bout du processus, on arrive \u00e0 un \u00c9tat o\u00f9 elle a peur d\u2019agir. Prenez l\u2019exemple de [l\u2019ancien ministre de la Justice am\u00e9ricain] <a href=\"https:\/\/www.courrierinternational.com\/article\/politique-etats-unis-les-enquetes-sur-trump-confiees-a-un-procureur-special\" target=\"_blank\" rel=\"noopener\">Merrick Garland, qui aurait pu intenter un proc\u00e8s contre Donald Trump<\/a> [en 2022] et qui <a href=\"https:\/\/www.courrierinternational.com\/depeche\/inculper-trump-la-pression-monte-sur-le-ministre-americain-de-la-justice.afp.com.20221220.doc.334v6vg.xml\" target=\"_blank\" rel=\"noopener\">ne l\u2019a pas fait<\/a>. Pourquoi\u00a0? Parce que cette action aurait \u00e9t\u00e9 rejet\u00e9e par une partie de la population, qui ne voit dans un proc\u00e8s qu\u2019une mani\u00e8re pour l\u2019\u00c9tat de s\u2019en prendre aux opposants politiques. C\u2019est d\u2019ailleurs ce qui se passe aujourd\u2019hui aux \u00c9tats-Unis, avec <a href=\"https:\/\/www.courrierinternational.com\/article\/justice-etats-unis-inculpation-de-james-comey-ancien-patron-du-fbi-honni-par-trump_235576\" target=\"_blank\" rel=\"noopener\">l\u2019inculpation de [l\u2019ancien directeur du FBI] James Comey <\/a>[accus\u00e9 par Donald Trump d\u2019avoir menti devant le Congr\u00e8s].<\/p>\n<p>L\u00e0 est tout le probl\u00e8me. Car les comportements criminels existent et doivent \u00eatre emp\u00each\u00e9s. Pour les dissuader, l\u2019\u00c9tat doit maintenir un appareil judiciaire fort. Mais une fois qu\u2019on commence \u00e0 politiser la justice, elle perd sa l\u00e9gitimit\u00e9, elle se trouve fig\u00e9e. Et la population rejette ses verdicts quoi qu\u2019il arrive. La France n\u2019en est pas l\u00e0. Mais il ne faut pas ignorer le danger.<\/p>\n<p><strong>Emmanuel Macron est intervenu dans le d\u00e9bat, jugeant les menaces contre les juges inadmissibles. Est-ce suffisant\u00a0?<\/strong><\/p>\n<p>Il devrait \u00eatre rejoint par toute la classe politique, qui doit condamner d\u2019une seule voix ces menaces en les qualifiant d\u2019inacceptables.<\/p>\n<p><strong>Si vous deviez d\u00e9crire l\u2019\u00c9tat de droit en France en trois mots\u00a0?<\/strong><\/p>\n<p>Mis \u00e0 l\u2019\u00e9preuve, responsable, fonctionnel.<\/p>\n<p><strong>Comment voyez-vous \u00e9voluer les relations entre justice et politique avant 2027\u00a0?<\/strong><\/p>\n<p>Cela d\u00e9pendra des \u00e9v\u00e9nements, comme l\u2019in\u00e9ligibilit\u00e9 de <a href=\"https:\/\/www.courrierinternational.com\/article\/marine-le-pen-condamnee-les-politiques-francais-courent-comme-des-poules-sans-tete_229449\" target=\"_blank\" rel=\"noopener\">Marine Le Pen<\/a>, ou d\u2019autres scandales potentiels qui pourraient sortir. Mais les tensions se multiplient\u00a0: Jean-Luc M\u00e9lenchon en 2018 avec son \u201cLa R\u00e9publique c\u2019est moi\u201d, Marine Le Pen, Nicolas Sarkozy\u2026 J\u2019esp\u00e8re que la justice va faire son travail. La corruption est un mal qui s\u2019installe petit \u00e0 petit et entame la confiance des citoyens. Peut-\u00eatre est-ce m\u00eame bon signe que des tensions existent, cela signifie que la justice fonctionne.<\/p>\n","protected":false},"excerpt":{"rendered":"Courrier international\u00a0: Nicolas Sarkozy, condamn\u00e9 \u00e0 cinq ans de prison, s\u2019en est furieusement pris \u00e0 ses juges dans&hellip;\n","protected":false},"author":2,"featured_media":431567,"comment_status":"","ping_status":"","sticky":false,"template":"","format":"standard","meta":{"footnotes":""},"categories":[1589],"tags":[11,55952,4626,73,1866,674,27,303,3821,12,3091,1864,1865,1863,308],"class_list":{"0":"post-431566","1":"post","2":"type-post","3":"status-publish","4":"format-standard","5":"has-post-thumbnail","7":"category-etats-unis","8":"tag-actualites","9":"tag-affaire-sarkozy-kadhafi","10":"tag-du00e9mocratie","11":"tag-etats-unis","12":"tag-etats-unis-damerique","13":"tag-europe","14":"tag-france","15":"tag-justice","16":"tag-la-france-vue-de-lu2019u00e9tranger","17":"tag-news","18":"tag-nicolas-sarkozy","19":"tag-united-states","20":"tag-united-states-of-america","21":"tag-us","22":"tag-usa"},"share_on_mastodon":{"url":"https:\/\/pubeurope.com\/@fr\/115299951820372379","error":""},"_links":{"self":[{"href":"https:\/\/www.europesays.com\/fr\/wp-json\/wp\/v2\/posts\/431566","targetHints":{"allow":["GET"]}}],"collection":[{"href":"https:\/\/www.europesays.com\/fr\/wp-json\/wp\/v2\/posts"}],"about":[{"href":"https:\/\/www.europesays.com\/fr\/wp-json\/wp\/v2\/types\/post"}],"author":[{"embeddable":true,"href":"https:\/\/www.europesays.com\/fr\/wp-json\/wp\/v2\/users\/2"}],"replies":[{"embeddable":true,"href":"https:\/\/www.europesays.com\/fr\/wp-json\/wp\/v2\/comments?post=431566"}],"version-history":[{"count":0,"href":"https:\/\/www.europesays.com\/fr\/wp-json\/wp\/v2\/posts\/431566\/revisions"}],"wp:featuredmedia":[{"embeddable":true,"href":"https:\/\/www.europesays.com\/fr\/wp-json\/wp\/v2\/media\/431567"}],"wp:attachment":[{"href":"https:\/\/www.europesays.com\/fr\/wp-json\/wp\/v2\/media?parent=431566"}],"wp:term":[{"taxonomy":"category","embeddable":true,"href":"https:\/\/www.europesays.com\/fr\/wp-json\/wp\/v2\/categories?post=431566"},{"taxonomy":"post_tag","embeddable":true,"href":"https:\/\/www.europesays.com\/fr\/wp-json\/wp\/v2\/tags?post=431566"}],"curies":[{"name":"wp","href":"https:\/\/api.w.org\/{rel}","templated":true}]}}