{"id":431569,"date":"2025-10-01T16:54:11","date_gmt":"2025-10-01T16:54:11","guid":{"rendered":"https:\/\/www.europesays.com\/fr\/431569\/"},"modified":"2025-10-01T16:54:11","modified_gmt":"2025-10-01T16:54:11","slug":"allemagne-la-fete-de-la-biere-rouvre-ses-portes-apres-une-alerte-a-la-bombe-01-10-2025-a-1809","status":"publish","type":"post","link":"https:\/\/www.europesays.com\/fr\/431569\/","title":{"rendered":"Allemagne-La f\u00eate de la bi\u00e8re rouvre ses portes apr\u00e8s une alerte \u00e0 la bombe &#8211; 01\/10\/2025 \u00e0 18:09"},"content":{"rendered":"<p>\n (Actualis\u00e9 tout du long avec d\u00e9tails)\n<\/p>\n<p>\n La f\u00eate de la bi\u00e8re de Munich va rouvrir ses portes ce<br \/>\nmercredi ont annonc\u00e9 les autorit\u00e9s, une vaste op\u00e9ration de<br \/>\npolice, d\u00e9clench\u00e9e apr\u00e8s la d\u00e9couverte d&rsquo;explosifs dans un<br \/>\nimmeuble r\u00e9sidentiel, n\u2019ayant rien r\u00e9v\u00e9l\u00e9 de suspect.\n<\/p>\n<p>\n \u00ab\u00a0Nous n&rsquo;avons rien trouv\u00e9 d&rsquo;inhabituel qui pourrait \u00eatre<br \/>\nli\u00e9 \u00e0 ce sc\u00e9nario de menace potentielle\u00a0\u00bb, a d\u00e9clar\u00e9 un<br \/>\nporte-parole de la police munichoise, pr\u00e9cisant que pr\u00e8s de 30<br \/>\nchiens renifleurs venus de tout le Lander avaient \u00e9t\u00e9 mobilis\u00e9s<br \/>\npour les fouilles.\n<\/p>\n<p>\n L&rsquo;\u00e9v\u00e9nement, qui a attir\u00e9 6,7 millions de visiteurs l\u2019an<br \/>\ndernier et pour environ 7 millions de litres de bi\u00e8re consomm\u00e9s,<br \/>\na \u00e9t\u00e9 ferm\u00e9 plusieurs heures, les man\u00e8ges et la grande roue<br \/>\nrestant immobiles tandis que les festivaliers en costumes<br \/>\nbavarois patientaient \u00e0 l\u2019ext\u00e9rieur.\n<\/p>\n<p>\n La fermeture du site avait \u00e9t\u00e9 d\u00e9cid\u00e9e apr\u00e8s la<br \/>\nd\u00e9couverte par la police d&rsquo;explosifs dans un immeuble<br \/>\nr\u00e9sidentiel du nord de la capitale bavaroise o\u00f9 un incendie et<br \/>\nune explosion avaient eu lieu dans la matin\u00e9e, faisant un mort.\n<\/p>\n<p>\n Selon la police, l\u2019auteur pr\u00e9sum\u00e9, un Allemand de 57<br \/>\nans, aurait mis le feu au b\u00e2timent avant de se suicider pr\u00e8s<br \/>\nd\u2019un lac. Son sac \u00e0 dos contenait un engin explosif qui a d\u00fb<br \/>\n\u00eatre d\u00e9samorc\u00e9.\n<\/p>\n<p>\n D\u2019apr\u00e8s les informations des m\u00e9dias allemands, dont le<br \/>\nquotidien Bild, le suspect aurait tu\u00e9 son p\u00e8re \u00e0 la suite d\u2019un<br \/>\ndiff\u00e9rend autour d\u2019une affaire d&rsquo;h\u00e9ritage. Deux autres personnes<br \/>\nont \u00e9t\u00e9 bless\u00e9es, a d\u00e9clar\u00e9 la police, sa m\u00e8re \u00e2g\u00e9e de 81 ans et<br \/>\nsa fille de 21 ans, de nationalit\u00e9 germano-br\u00e9silienne.\n<\/p>\n<p>\n Les forces sp\u00e9ciales ont d\u00fb intervenir pour neutraliser<br \/>\ndes pi\u00e8ges \u00e0 l&rsquo;explosif dans l\u2019immeuble, et les habitants d\u2019un<br \/>\np\u00e9rim\u00e8tre de 200 m\u00e8tres ont \u00e9t\u00e9 \u00e9vacu\u00e9s. Un v\u00e9hicule utilitaire<br \/>\nincendi\u00e9 et des voitures endommag\u00e9es ont \u00e9galement \u00e9t\u00e9<br \/>\nd\u00e9couverts \u00e0 proximit\u00e9 de l&rsquo;immeuble.\n<\/p>\n<p>\n La police a pr\u00e9cis\u00e9 que l\u2019enqu\u00eate se poursuivait pour<br \/>\nd\u00e9terminer d\u2019\u00e9ventuels liens entre cette affaire et la menace<br \/>\nvisant l\u2019Oktoberfest, qui se tient du 20 septembre au 5 octobre.\n<\/p>\n<p>\n (Ayhan Uyanik, Miranda Murray et Madeline Chambers; No\u00e9mie<br \/>\nNaudin, \u00e9dit\u00e9 par Augustin Turpin)<\/p>\n","protected":false},"excerpt":{"rendered":"(Actualis\u00e9 tout du long avec d\u00e9tails) La f\u00eate de la bi\u00e8re de Munich va rouvrir ses portes ce&hellip;\n","protected":false},"author":2,"featured_media":2486,"comment_status":"","ping_status":"","sticky":false,"template":"","format":"standard","meta":{"footnotes":""},"categories":[1587],"tags":[400,11,672,398,408,1804,405,1805,1803,1777,674,1801,403,402,399,404,12,1802,401,406,407],"class_list":{"0":"post-431569","1":"post","2":"type-post","3":"status-publish","4":"format-standard","5":"has-post-thumbnail","7":"category-allemagne","8":"tag-action-cac-40","9":"tag-actualites","10":"tag-allemagne","11":"tag-bourse-de-paris","12":"tag-boursorama","13":"tag-bundesrepublik-deutschland","14":"tag-cotations","15":"tag-de","16":"tag-deutschland","17":"tag-eu","18":"tag-europe","19":"tag-germany","20":"tag-indices-devises","21":"tag-investir","22":"tag-investissement","23":"tag-marche-boursier","24":"tag-news","25":"tag-republique-federale-dallemagne","26":"tag-sicav","27":"tag-trackers","28":"tag-warrants"},"share_on_mastodon":{"url":"https:\/\/pubeurope.com\/@fr\/115299959742877241","error":""},"_links":{"self":[{"href":"https:\/\/www.europesays.com\/fr\/wp-json\/wp\/v2\/posts\/431569","targetHints":{"allow":["GET"]}}],"collection":[{"href":"https:\/\/www.europesays.com\/fr\/wp-json\/wp\/v2\/posts"}],"about":[{"href":"https:\/\/www.europesays.com\/fr\/wp-json\/wp\/v2\/types\/post"}],"author":[{"embeddable":true,"href":"https:\/\/www.europesays.com\/fr\/wp-json\/wp\/v2\/users\/2"}],"replies":[{"embeddable":true,"href":"https:\/\/www.europesays.com\/fr\/wp-json\/wp\/v2\/comments?post=431569"}],"version-history":[{"count":0,"href":"https:\/\/www.europesays.com\/fr\/wp-json\/wp\/v2\/posts\/431569\/revisions"}],"wp:featuredmedia":[{"embeddable":true,"href":"https:\/\/www.europesays.com\/fr\/wp-json\/wp\/v2\/media\/2486"}],"wp:attachment":[{"href":"https:\/\/www.europesays.com\/fr\/wp-json\/wp\/v2\/media?parent=431569"}],"wp:term":[{"taxonomy":"category","embeddable":true,"href":"https:\/\/www.europesays.com\/fr\/wp-json\/wp\/v2\/categories?post=431569"},{"taxonomy":"post_tag","embeddable":true,"href":"https:\/\/www.europesays.com\/fr\/wp-json\/wp\/v2\/tags?post=431569"}],"curies":[{"name":"wp","href":"https:\/\/api.w.org\/{rel}","templated":true}]}}