{"id":431572,"date":"2025-10-01T16:56:13","date_gmt":"2025-10-01T16:56:13","guid":{"rendered":"https:\/\/www.europesays.com\/fr\/431572\/"},"modified":"2025-10-01T16:56:13","modified_gmt":"2025-10-01T16:56:13","slug":"au-sommet-de-lue-a-copenhague-macron-a-jete-un-peu-de-gravier-dans-les-rouages","status":"publish","type":"post","link":"https:\/\/www.europesays.com\/fr\/431572\/","title":{"rendered":"Au sommet de l\u2019UE \u00e0 Copenhague, Macron a jet\u00e9 \u201cun peu de gravier\u201d dans les rouages"},"content":{"rendered":"\n<p>Apr\u00e8s avoir un peu d\u00e9ambul\u00e9 dans les rues de Copenhague avec une d\u00e9l\u00e9gation fran\u00e7aise, Emmanuel Macron a refroidi certains \u00c9tats membres de l\u2019Union europ\u00e9enne (UE) \u00e0 l\u2019occasion d\u2019un point presse tenu juste avant l\u2019ouverture du sommet europ\u00e9en de Copenhague consacr\u00e9 avant tout aux questions de d\u00e9fense, mercredi 1er\u00a0octobre.<\/p>\n<p>Le dirigeant fran\u00e7ais a \u201cplus ou moins rejet\u00e9 l\u2019id\u00e9e r\u00e9cente de puiser dans les actifs russes gel\u00e9s pour les donner \u00e0 l\u2019Ukraine sous forme d\u2019emprunts\u201d, estime le journal danois <a class=\"ithalc\" data-ithal=\"lien_externe\" data-ithalc=\"[nav_article]\" target=\"_blank\" href=\"https:\/\/www.berlingske.dk\/indland\/eu-topmoeder-i-koebenhavn--foelg-med-her\" rel=\"nofollow noopener\"><strong>Berlingske,<\/strong> dans le live qu\u2019il diffuse sur son site<\/a>.<\/p>\n<p>\u201cJe pense que nous, les Europ\u00e9ens, avons besoin de rester une place [financi\u00e8re] attractive et fiable. C\u2019est-\u00e0-dire que quand des avoirs sont gel\u00e9s, on respecte le droit international. C\u2019est ce qu\u2019a aussi rappel\u00e9 le Premier ministre belge\u201d, a soulign\u00e9 le pr\u00e9sident devant la presse.<\/p>\n<p>Quant \u00e0 l\u2019id\u00e9e de b\u00e2tir un mur anti-drones autour de l\u2019Union europ\u00e9enne pour emp\u00eacher de nouvelles incursions d\u2019engins volants dans l\u2019espace a\u00e9rien des \u00c9tats membres, elle lui inspire quelques r\u00e9serves. \u201cJe me m\u00e9fie de cette expression un peu h\u00e2tive. Les choses sont plus complexes. Dans la r\u00e9alit\u00e9, nous avons besoin de syst\u00e8mes de pr\u00e9-alerte sophistiqu\u00e9s pour mieux pr\u00e9venir la menace\u201d, a-t-il lanc\u00e9.<\/p>\n<p>\u201cIl est int\u00e9ressant de voir que la France, qui est l\u2019un de<\/p>\n","protected":false},"excerpt":{"rendered":"Apr\u00e8s avoir un peu d\u00e9ambul\u00e9 dans les rues de Copenhague avec une d\u00e9l\u00e9gation fran\u00e7aise, Emmanuel Macron a refroidi&hellip;\n","protected":false},"author":2,"featured_media":431573,"comment_status":"","ping_status":"","sticky":false,"template":"","format":"standard","meta":{"footnotes":""},"categories":[1586],"tags":[11,145,2024,1073,1777,674,1779,1011,27,1892,3821,12,25,14136,51974,1778,364,2475],"class_list":{"0":"post-431572","1":"post","2":"type-post","3":"status-publish","4":"format-standard","5":"has-post-thumbnail","7":"category-europe","8":"tag-actualites","9":"tag-danemark","10":"tag-drones","11":"tag-emmanuel-macron","12":"tag-eu","13":"tag-europe","14":"tag-european-union","15":"tag-fr","16":"tag-france","17":"tag-gu00e9opolitique","18":"tag-la-france-vue-de-lu2019u00e9tranger","19":"tag-news","20":"tag-republique-francaise","21":"tag-sanctions-contre-la-russie","22":"tag-tensions-russie-europe","23":"tag-ue","24":"tag-union-europeenne","25":"tag-union-europu00e9enne"},"share_on_mastodon":{"url":"https:\/\/pubeurope.com\/@fr\/115299967615045707","error":""},"_links":{"self":[{"href":"https:\/\/www.europesays.com\/fr\/wp-json\/wp\/v2\/posts\/431572","targetHints":{"allow":["GET"]}}],"collection":[{"href":"https:\/\/www.europesays.com\/fr\/wp-json\/wp\/v2\/posts"}],"about":[{"href":"https:\/\/www.europesays.com\/fr\/wp-json\/wp\/v2\/types\/post"}],"author":[{"embeddable":true,"href":"https:\/\/www.europesays.com\/fr\/wp-json\/wp\/v2\/users\/2"}],"replies":[{"embeddable":true,"href":"https:\/\/www.europesays.com\/fr\/wp-json\/wp\/v2\/comments?post=431572"}],"version-history":[{"count":0,"href":"https:\/\/www.europesays.com\/fr\/wp-json\/wp\/v2\/posts\/431572\/revisions"}],"wp:featuredmedia":[{"embeddable":true,"href":"https:\/\/www.europesays.com\/fr\/wp-json\/wp\/v2\/media\/431573"}],"wp:attachment":[{"href":"https:\/\/www.europesays.com\/fr\/wp-json\/wp\/v2\/media?parent=431572"}],"wp:term":[{"taxonomy":"category","embeddable":true,"href":"https:\/\/www.europesays.com\/fr\/wp-json\/wp\/v2\/categories?post=431572"},{"taxonomy":"post_tag","embeddable":true,"href":"https:\/\/www.europesays.com\/fr\/wp-json\/wp\/v2\/tags?post=431572"}],"curies":[{"name":"wp","href":"https:\/\/api.w.org\/{rel}","templated":true}]}}