{"id":431584,"date":"2025-10-01T17:03:11","date_gmt":"2025-10-01T17:03:11","guid":{"rendered":"https:\/\/www.europesays.com\/fr\/431584\/"},"modified":"2025-10-01T17:03:11","modified_gmt":"2025-10-01T17:03:11","slug":"victorieux-a-pekin-jannik-sinner-se-rapproche-de-carlos-alcaraz-au-classement-atp-lequipe","status":"publish","type":"post","link":"https:\/\/www.europesays.com\/fr\/431584\/","title":{"rendered":"Victorieux \u00e0 P\u00e9kin, Jannik Sinner se rapproche de Carlos Alcaraz au classement ATP &#8211; L&#039;\u00c9quipe"},"content":{"rendered":"<ol>\n<li><a href=\"https:\/\/news.google.com\/rss\/articles\/CBMiygFBVV95cUxNZkkxbHA3dDFhYXVKNDNicmdnZ3dvekJIMnFpQk5NeTNaRWgxU0x5VWNlX3hjUnNZcGNPZWxLQmNOazd1bmVHSUpoQnVlMjFkMlJyWERCaml0MEpTRGtlei1kWWhnN0hzbmNySzJVWUZJTE5SQ0xKZ09xY0NRZTRvYnZaTEVYYWJFU1RtdzZtTTlNOVVmai1RMDFzSDl6TzRtZEhsNEZ0NEg4RGhNUTZDX0pGMUVhNmRfOGtEcHNDRTFaQlBYMkVqWm1R?oc=5\" target=\"_blank\" rel=\"nofollow noopener\">Victorieux \u00e0 P\u00e9kin, Jannik Sinner se rapproche de Carlos Alcaraz au classement ATP<\/a>&nbsp;&nbsp;L&rsquo;\u00c9quipe<\/li>\n<li><a href=\"https:\/\/news.google.com\/rss\/articles\/CBMiqAJBVV95cUxPWnRNZHBhd2VXdUIxejJlSjBBMFpBVXBBYVdRUlBpU0pOZFN2OHRROEp4dUhfVkc2Yl9FTE9ubzRvMTJ3ZVljSEdrNmdUa3lJd2dTOTZTWVVkUXp4TTdpZHhLZXF0cVF1QVRwMWpJbDcxVS14R2FZb09uQ3Fvd01BYkd4MWN3dEhmaHBwRk9waVFnSGI0YkJsb2VzNlVWWUFNS2M5cEJyWGtFYXlEZ2RWaTNUMWw1bDVjamM5MEsyR08wdTZpMGx0OGoyMDE0Z2I0eUhUek5Kam05WWFtZjFabllVSWdadEVuUWZLM2U5aHJBVDFfZGh3NmdjaklQZGF2ZDVLSXZxOHhuanhrTjAzcjM3OUxQcnd3OXVaRVhBc0VCai1DTzVyMg?oc=5\" target=\"_blank\" rel=\"nofollow noopener\">Classement ATP : comment le forfait de Carlos Alcaraz \u00e0 Shanghai peut permettre \u00e0 Jannik Sinner de redevenir num\u00e9ro 1 mondial avant le Rolex Paris Masters<\/a>&nbsp;&nbsp;L&rsquo;\u00c9quipe<\/li>\n<li><a href=\"https:\/\/news.google.com\/rss\/articles\/CBMi9wFBVV95cUxQbGFGVWtrYXFJUTItYmZCWmhtd3hwMF95VnZ1SWhzM3hVM2RjNFBlOXBXOGJYQVgzRmw1bGdZZERSZVBMMWY1dFNRaWM0a05heUc3Y3RVRkt5LVBfbF81cjR1MVZFMUJLSzBjRGtTc0tLc21HVjdrM282Ml81ZEFfVTVMSkYtRFRVWXhPQ3U2ZUxHdU13U0E5eG9ySTlrNzhzY0VnV1ZKQndhUkFQdXRMWEhsODh5YTFqYnMydVpTSU52VGdXbW5pTG1zeGljQy1vRU0tTFRIOE9FSTRYdGdyX0lXLTNyU055U3EwRHYxcEpuY3dkUTJJ?oc=5\" target=\"_blank\" rel=\"nofollow noopener\">Tennis. Comment Jannik Sinner peut redevenir num\u00e9ro un mondial en un mois<\/a>&nbsp;&nbsp;Ouest-France<\/li>\n<li><a href=\"https:\/\/news.google.com\/rss\/articles\/CBMivgFBVV95cUxNT2ZLVVpvZkZvOHpBT1J1OURTLVQyZ1ZWWVYyNlBPVkwxa094SEhranhnREtobkJCVGJrcGRFTEFIX0FVN2FwREFnU2cwaUNWQllhSjBoQ1JIcnlHYWJTT3N3QWNEZ1l4bHNyY3YwbU8wOGowWHNmSkhXV1VnUDZhSEFFdm16anQwNWVfZjN2RmZ5aF9uT3pvQ0NmUl9kZHVBR0NCOW9DUkR6RGpMQnI1YTdXYnZOODh5MjBzamZ3?oc=5\" target=\"_blank\" rel=\"nofollow noopener\">Alcaraz et Sinner reproduisent Nadal et Djokovic dans une statistique curieuse<\/a>&nbsp;&nbsp;Punto de Break<\/li>\n<li><a href=\"https:\/\/news.google.com\/rss\/articles\/CBMijAFBVV95cUxQai05MHA4WDkxS2dzeHlhUlZJelhKanliejhVQ0FmYmFkMGwyU0I3eTJrb2M2RmlPd3U1NV82SUh6V200YnZ6SWh2WGhxemR4ZVNOTWExTWQ4Y0I0XzAxS3ZCRDlaUGM2TFE2ZkVJclYwVWxaOFVZLUQyV2Jqd00wN3lTZlJSOVRzVDFkRw?oc=5\" target=\"_blank\" rel=\"nofollow noopener\">Tennis &#8211; Le classement ATP au 04\/08\/2025<\/a>&nbsp;&nbsp;Ski-nordique<\/li>\n<\/ol>\n","protected":false},"excerpt":{"rendered":"Victorieux \u00e0 P\u00e9kin, Jannik Sinner se rapproche de Carlos Alcaraz au classement ATP&nbsp;&nbsp;L&rsquo;\u00c9quipe Classement ATP : comment le&hellip;\n","protected":false},"author":2,"featured_media":431585,"comment_status":"","ping_status":"","sticky":false,"template":"","format":"standard","meta":{"footnotes":""},"categories":[1415],"tags":[1011,27,60,1467],"class_list":{"0":"post-431584","1":"post","2":"type-post","3":"status-publish","4":"format-standard","5":"has-post-thumbnail","7":"category-tennis","8":"tag-fr","9":"tag-france","10":"tag-sports","11":"tag-tennis"},"share_on_mastodon":{"url":"https:\/\/pubeurope.com\/@fr\/115299995075316435","error":""},"_links":{"self":[{"href":"https:\/\/www.europesays.com\/fr\/wp-json\/wp\/v2\/posts\/431584","targetHints":{"allow":["GET"]}}],"collection":[{"href":"https:\/\/www.europesays.com\/fr\/wp-json\/wp\/v2\/posts"}],"about":[{"href":"https:\/\/www.europesays.com\/fr\/wp-json\/wp\/v2\/types\/post"}],"author":[{"embeddable":true,"href":"https:\/\/www.europesays.com\/fr\/wp-json\/wp\/v2\/users\/2"}],"replies":[{"embeddable":true,"href":"https:\/\/www.europesays.com\/fr\/wp-json\/wp\/v2\/comments?post=431584"}],"version-history":[{"count":0,"href":"https:\/\/www.europesays.com\/fr\/wp-json\/wp\/v2\/posts\/431584\/revisions"}],"wp:featuredmedia":[{"embeddable":true,"href":"https:\/\/www.europesays.com\/fr\/wp-json\/wp\/v2\/media\/431585"}],"wp:attachment":[{"href":"https:\/\/www.europesays.com\/fr\/wp-json\/wp\/v2\/media?parent=431584"}],"wp:term":[{"taxonomy":"category","embeddable":true,"href":"https:\/\/www.europesays.com\/fr\/wp-json\/wp\/v2\/categories?post=431584"},{"taxonomy":"post_tag","embeddable":true,"href":"https:\/\/www.europesays.com\/fr\/wp-json\/wp\/v2\/tags?post=431584"}],"curies":[{"name":"wp","href":"https:\/\/api.w.org\/{rel}","templated":true}]}}