{"id":431594,"date":"2025-10-01T17:09:18","date_gmt":"2025-10-01T17:09:18","guid":{"rendered":"https:\/\/www.europesays.com\/fr\/431594\/"},"modified":"2025-10-01T17:09:18","modified_gmt":"2025-10-01T17:09:18","slug":"vanessa-paradis-et-johnny-depp-a-quoi-ressemble-le-superbe-domaine-quils-ont-achete-dans-le-var","status":"publish","type":"post","link":"https:\/\/www.europesays.com\/fr\/431594\/","title":{"rendered":"Vanessa Paradis et Johnny Depp : \u00e0 quoi ressemble le superbe domaine qu&rsquo;ils ont achet\u00e9 dans le Var"},"content":{"rendered":"<p data-start=\"357\" data-end=\"759\">Les c\u00e9l\u00e9brit\u00e9s ne font souvent<br \/>\npas les choses \u00e0 moiti\u00e9, et <a href=\"https:\/\/www.closermag.fr\/people\/les-couples-mythiques.-vanessa-paradis-et-johnny-depp-une-divine-idylle-1320870\" target=\"_blank\" rel=\"noopener\"><br \/>\nJohnny Depp et Vanessa Paradis<\/a> en sont un parfait exemple.<br \/>\nAvant de se s\u00e9parer en 2012, le couple avait acquis une propri\u00e9t\u00e9<br \/>\nremarquable au Plan-de-la-Tour, un pittoresque village proven\u00e7al<br \/>\nsitu\u00e9 dans le Var, \u00e0 proximit\u00e9 de Saint-Tropez. Ce <a href=\"https:\/\/www.closermag.fr\/people\/vanessa-paradis-son-extravagant-domaine-achete-en-couple-avec-johnny-depp-lui-causerait-bien-du-souci-3443326\" target=\"_blank\" rel=\"noopener\"><br \/>\ndomaine<\/a> est bien plus qu&rsquo;une simple r\u00e9sidence : il s&rsquo;agit d&rsquo;un<br \/>\nv\u00e9ritable hameau priv\u00e9, s&rsquo;\u00e9tendant sur plus de 15 hectares.<\/p>\n<p data-start=\"761\" data-end=\"1255\">Au milieu des vignes, des<br \/>\nch\u00eanes, des oliviers et d\u2019autres plantations m\u00e9diterran\u00e9ennes,<br \/>\nl\u2019ex-couple a acquis une maison principale de 400 m\u00b2, accompagn\u00e9e<br \/>\nde six maisons d\u2019invit\u00e9s, d\u2019une chapelle transform\u00e9e en maison<br \/>\nd\u2019amis, d\u2019un studio artistique, et m\u00eame d\u2019<strong>un restaurant<br \/>\npriv\u00e9<\/strong> baptis\u00e9 \u00ab\u00a0Chez Marceline\u00a0\u00bb. La propri\u00e9t\u00e9 comprend<br \/>\naussi un atelier-garage, une maison du personnel, une cabane de<br \/>\nchasseur, une salle de jeux pour enfants, un espace de remise en<br \/>\nforme et une cuisine professionnelle.<\/p>\n<p>Johnny Depp et Vanessa Paradis<br \/>\n: leur domaine boh\u00e8me<\/p>\n<p data-start=\"1257\" data-end=\"1707\">Parmi les \u00e9quipements les plus<br \/>\nremarquables, on retrouve deux piscines, une cave \u00e0 vin, une salle<br \/>\nde sport et m\u00eame un skate park professionnel. \u00ab\u00a0Avec Vanessa et<br \/>\nles enfants, nous vivons dans une sorte de petit village, c\u2019est<br \/>\ncomme le paradis. Le domaine fait 121 000 m\u00e8tres carr\u00e9s et vous<br \/>\nsavez ce que j\u2019y fais ? Absolument rien !\u00a0\u00bb, plaisantait Johnny<br \/>\nDepp dans les colonnes de VSD. C\u00f4t\u00e9 ambiance ? Le couple avait mis\u00e9 sur<br \/>\n<strong>un esprit boh\u00e8me assum\u00e9<\/strong>.<\/p>\n<p data-start=\"1709\" data-end=\"2196\">\u00ab\u00a0Sable autour de la<br \/>\npiscine pour avoir l\u2019impression d\u2019\u00eatre sur une \u00eele exotique, cave \u00e0<br \/>\nvins o\u00f9 flotte l\u2019\u00e2me du pirate des Cara\u00efbes, chapelle et roulotte<br \/>\nreconverties en maison d\u2019amis\u2026 L\u2019esprit &lsquo;gypsy&rsquo; est d\u00e9clin\u00e9<br \/>\npartout. Jusqu\u2019\u00e0 un cr\u00e2ne oubli\u00e9 dans la cave \u00e0 vin de l\u2019acteur,<br \/>\namateur de Bordeaux, et une guitare abandonn\u00e9e sur un<br \/>\nfauteuil\u00a0\u00bb, d\u00e9crivait Le<br \/>\nFigaro immobilier. En plus du prix d\u2019achat, <a href=\"https:\/\/www.closermag.fr\/bio-people\/biographie-johnny-depp-112279\" target=\"_blank\" rel=\"noopener\"><br \/>\nJohnny Depp<\/a> aurait d\u00e9pens\u00e9 pr\u00e8s de <strong>10 millions de<br \/>\ndollars pour restaurer l\u2019ensemble<\/strong>.<\/p>\n<p>Qu&rsquo;est devenue la maison de Johnny Depp et Vanessa Paradis ?<\/p>\n<p data-start=\"2198\" data-end=\"2779\">Et si leurs enfants, Lily-Rose<br \/>\net Jack, y ont pass\u00e9 de beaux moments, c\u2019est aussi dans ce cadre<br \/>\nenchanteur que Johnny Depp et <a href=\"https:\/\/www.closermag.fr\/bio-people\/biographie-vanessa-paradis-112520\/page\/15\" target=\"_blank\" rel=\"noopener\"><br \/>\nVanessa Paradis<\/a> se sont s\u00e9par\u00e9s en 2012. Propri\u00e9taire de<br \/>\nnombreux biens aux \u00c9tats-Unis, <a href=\"https:\/\/www.closermag.fr\/people\/johnny-depp-meconnaissable-recouvert-de-taches-et-cigarette-au-bec-son-apparition-a-paris-laisse-perplexe-photos-3583684\" target=\"_blank\" rel=\"noopener\"><br \/>\nl\u2019acteur<\/a> a d\u00fb, la mort dans l\u2019\u00e2me, envisager de se s\u00e9parer du<br \/>\ndomaine varois. En 2015, <strong>il aurait mis la propri\u00e9t\u00e9 en<br \/>\nvente pour 52,2 millions d\u2019euros<\/strong>. \u00ab\u00a0Il esp\u00e8re que<br \/>\nquelqu\u2019un d\u2019autre va profiter de la propri\u00e9t\u00e9 autant qu\u2019il a pu le<br \/>\nfaire, et qu\u2019elle lui apportera le m\u00eame bonheur\u00a0\u00bb, confiait<br \/>\nalors Alexander Kraft, PDG de Sotheby\u2019s International Realty<br \/>\nFrance-Monaco.<\/p>\n<p data-start=\"2781\" data-end=\"3134\">Faute d\u2019acqu\u00e9reur, Depp a<br \/>\nrelanc\u00e9 la vente en 2021. Mais, une fois encore, sans succ\u00e8s. Plus<br \/>\nr\u00e9cemment, selon Voici,<br \/>\nVanessa Paradis aurait pris une d\u00e9cision radicale : baisser<br \/>\nsignificativement le prix. Alors que le domaine \u00e9tait affich\u00e9 \u00e0 23<br \/>\nmillions d\u2019euros depuis plusieurs ann\u00e9es, il serait d\u00e9sormais<br \/>\npropos\u00e9 <strong>pour \u00ab\u00a0seulement\u00a0\u00bb 13 millions d\u2019euros.<\/strong><\/p>\n<p>Diaporama<br \/>\n<img decoding=\"async\" class=\"diapo_img img-responsive lazy-load\" loading=\"lazy\" src=\"https:\/\/www.europesays.com\/fr\/wp-content\/uploads\/2025\/04\/bestimage_00123085_000003.jpg\"\/><\/p>\n<p>\u00a9 Bestimage<\/p>\n<p>1\/5 Johnny Depp et Vanessa Paradis ont<br \/>\nlongtemps v\u00e9cu dans le sud de la France<\/p>\n<p>Johnny Depp et Vanessa Paradis se sont install\u00e9s dans le Var au<br \/>\nd\u00e9but des ann\u00e9es 2000.<\/p>\n<p><img decoding=\"async\" class=\"diapo_img img-responsive lazy-load\" loading=\"lazy\" src=\"https:\/\/www.europesays.com\/fr\/wp-content\/uploads\/2025\/10\/bestimage_00123085_000009.jpg\"\/><\/p>\n<p>Bestimage<\/p>\n<p>2\/5 Johnny Depp et Vanessa Paradis \u00e9taient<br \/>\ndes habitants tr\u00e8s discrets<\/p>\n<p>Johnny Depp et Vanessa Paradis ont jet\u00e9 leur d\u00e9volu sur un<br \/>\nhameau complet, situ\u00e9 non loin de Saint-Tropez.<\/p>\n<p><img decoding=\"async\" class=\"diapo_img img-responsive lazy-load\" loading=\"lazy\" src=\"https:\/\/www.europesays.com\/fr\/wp-content\/uploads\/2025\/10\/bestimage_00123085_000002.jpg\"\/><\/p>\n<p>Bestimage<\/p>\n<p>3\/5 Johnny Depp et Vanessa Paradis ont<br \/>\nd\u00e9pens\u00e9 10 millions de dollars pour la r\u00e9novation<\/p>\n<p>Johnny Depp et Vanessa Paradis vivaient dans une maison de<br \/>\n400m2, situ\u00e9e sur un domaine qui s&rsquo;\u00e9tendait sur une quinzaine<br \/>\nd&rsquo;hectares<\/p>\n<p><img decoding=\"async\" class=\"diapo_img img-responsive lazy-load\" loading=\"lazy\" src=\"https:\/\/www.europesays.com\/fr\/wp-content\/uploads\/2025\/10\/bestimage_00123085_000004.jpg\"\/><\/p>\n<p>Bestimage<\/p>\n<p>4\/5 Johnny Depp et Vanessa Paradis y ont<br \/>\n\u00e9lev\u00e9 leurs deux enfants<\/p>\n<p>Johnny Depp et Vanessa Paradis ont choisi une d\u00e9coration boh\u00e8me<br \/>\npour leur nid douillet, l\u00e0 o\u00f9 ont grandi leurs deux enfants.<\/p>\n<p><img decoding=\"async\" class=\"diapo_img img-responsive lazy-load\" loading=\"lazy\" src=\"https:\/\/www.europesays.com\/fr\/wp-content\/uploads\/2025\/10\/bestimage_00123085_000007.jpg\"\/><\/p>\n<p>Bestimage<\/p>\n<p>5\/5 Johnny Depp et Vanessa Paradis se sont<br \/>\ns\u00e9par\u00e9s en bons termes<\/p>\n<p>Apr\u00e8s leur s\u00e9paration en 2012, Johnny Depp et Vanessa Paradis<br \/>\nont cherch\u00e9 \u00e0 revendre de domaine. On ne sait toujours pas s&rsquo;il a<br \/>\ntrouv\u00e9 preneur.<\/p>\n","protected":false},"excerpt":{"rendered":"Les c\u00e9l\u00e9brit\u00e9s ne font souvent pas les choses \u00e0 moiti\u00e9, et Johnny Depp et Vanessa Paradis en sont&hellip;\n","protected":false},"author":2,"featured_media":431595,"comment_status":"","ping_status":"","sticky":false,"template":"","format":"standard","meta":{"footnotes":""},"categories":[1359],"tags":[58,59,1011,27,1638,10244,8414,973,6055,10245,729],"class_list":{"0":"post-431594","1":"post","2":"type-post","3":"status-publish","4":"format-standard","5":"has-post-thumbnail","7":"category-people","8":"tag-divertissement","9":"tag-entertainment","10":"tag-fr","11":"tag-france","12":"tag-has_diapo","13":"tag-johnny-depp","14":"tag-maisons-de-stars","15":"tag-people","16":"tag-republishing","17":"tag-vanessa-paradis","18":"tag-yout_video"},"share_on_mastodon":{"url":"https:\/\/pubeurope.com\/@fr\/115300019452389243","error":""},"_links":{"self":[{"href":"https:\/\/www.europesays.com\/fr\/wp-json\/wp\/v2\/posts\/431594","targetHints":{"allow":["GET"]}}],"collection":[{"href":"https:\/\/www.europesays.com\/fr\/wp-json\/wp\/v2\/posts"}],"about":[{"href":"https:\/\/www.europesays.com\/fr\/wp-json\/wp\/v2\/types\/post"}],"author":[{"embeddable":true,"href":"https:\/\/www.europesays.com\/fr\/wp-json\/wp\/v2\/users\/2"}],"replies":[{"embeddable":true,"href":"https:\/\/www.europesays.com\/fr\/wp-json\/wp\/v2\/comments?post=431594"}],"version-history":[{"count":0,"href":"https:\/\/www.europesays.com\/fr\/wp-json\/wp\/v2\/posts\/431594\/revisions"}],"wp:featuredmedia":[{"embeddable":true,"href":"https:\/\/www.europesays.com\/fr\/wp-json\/wp\/v2\/media\/431595"}],"wp:attachment":[{"href":"https:\/\/www.europesays.com\/fr\/wp-json\/wp\/v2\/media?parent=431594"}],"wp:term":[{"taxonomy":"category","embeddable":true,"href":"https:\/\/www.europesays.com\/fr\/wp-json\/wp\/v2\/categories?post=431594"},{"taxonomy":"post_tag","embeddable":true,"href":"https:\/\/www.europesays.com\/fr\/wp-json\/wp\/v2\/tags?post=431594"}],"curies":[{"name":"wp","href":"https:\/\/api.w.org\/{rel}","templated":true}]}}