{"id":431596,"date":"2025-10-01T17:10:13","date_gmt":"2025-10-01T17:10:13","guid":{"rendered":"https:\/\/www.europesays.com\/fr\/431596\/"},"modified":"2025-10-01T17:10:13","modified_gmt":"2025-10-01T17:10:13","slug":"concours-photo-votez-pour-le-prix-du-public-et-le-prix-outre-mer","status":"publish","type":"post","link":"https:\/\/www.europesays.com\/fr\/431596\/","title":{"rendered":"Concours photo\u00a0: votez pour le prix du public et le prix Outre-mer\u00a0!"},"content":{"rendered":"<p>\t\t\t\t\t\tConcours photo\u00a0:\u00a0d\u00e9couvrez les vainqueurs de L\u2019\u0152il du climat 2024<\/p>\n<p>\t\t\t\t\t\t\t11\/10\/2024<\/p>\n<p class=\"description\">Du 5 juin au 19 septembre, la quatri\u00e8me \u00e9dition du concours photo organis\u00e9 par GEO et M\u00e9t\u00e9o-France a mobilis\u00e9 plusieurs centaines de photographes amateurs et professionnels autour du th\u00e8me \u00ab\u00a0Vivre en France avec le changement climatique\u00a0\u00bb. \u00c0 l\u2019issue du concours, trois prix ont \u00e9t\u00e9 d\u00e9cern\u00e9s par les votes du public et par le jury compos\u00e9 de membres de la r\u00e9daction de GEO et de M\u00e9t\u00e9o-France.<\/p>\n","protected":false},"excerpt":{"rendered":"Concours photo\u00a0:\u00a0d\u00e9couvrez les vainqueurs de L\u2019\u0152il du climat 2024 11\/10\/2024 Du 5 juin au 19 septembre, la quatri\u00e8me&hellip;\n","protected":false},"author":2,"featured_media":431597,"comment_status":"","ping_status":"","sticky":false,"template":"","format":"standard","meta":{"footnotes":""},"categories":[1358],"tags":[1348,1384,1385,1386,58,59,1011,27],"class_list":{"0":"post-431596","1":"post","2":"type-post","3":"status-publish","4":"format-standard","5":"has-post-thumbnail","7":"category-arts-et-design","8":"tag-arts","9":"tag-arts-and-design","10":"tag-arts-et-design","11":"tag-design","12":"tag-divertissement","13":"tag-entertainment","14":"tag-fr","15":"tag-france"},"share_on_mastodon":{"url":"https:\/\/pubeurope.com\/@fr\/115300022662063237","error":""},"_links":{"self":[{"href":"https:\/\/www.europesays.com\/fr\/wp-json\/wp\/v2\/posts\/431596","targetHints":{"allow":["GET"]}}],"collection":[{"href":"https:\/\/www.europesays.com\/fr\/wp-json\/wp\/v2\/posts"}],"about":[{"href":"https:\/\/www.europesays.com\/fr\/wp-json\/wp\/v2\/types\/post"}],"author":[{"embeddable":true,"href":"https:\/\/www.europesays.com\/fr\/wp-json\/wp\/v2\/users\/2"}],"replies":[{"embeddable":true,"href":"https:\/\/www.europesays.com\/fr\/wp-json\/wp\/v2\/comments?post=431596"}],"version-history":[{"count":0,"href":"https:\/\/www.europesays.com\/fr\/wp-json\/wp\/v2\/posts\/431596\/revisions"}],"wp:featuredmedia":[{"embeddable":true,"href":"https:\/\/www.europesays.com\/fr\/wp-json\/wp\/v2\/media\/431597"}],"wp:attachment":[{"href":"https:\/\/www.europesays.com\/fr\/wp-json\/wp\/v2\/media?parent=431596"}],"wp:term":[{"taxonomy":"category","embeddable":true,"href":"https:\/\/www.europesays.com\/fr\/wp-json\/wp\/v2\/categories?post=431596"},{"taxonomy":"post_tag","embeddable":true,"href":"https:\/\/www.europesays.com\/fr\/wp-json\/wp\/v2\/tags?post=431596"}],"curies":[{"name":"wp","href":"https:\/\/api.w.org\/{rel}","templated":true}]}}