{"id":431600,"date":"2025-10-01T17:12:15","date_gmt":"2025-10-01T17:12:15","guid":{"rendered":"https:\/\/www.europesays.com\/fr\/431600\/"},"modified":"2025-10-01T17:12:15","modified_gmt":"2025-10-01T17:12:15","slug":"il-venait-dans-ma-loge-cette-celebre-chanteuse-noubliera-pas-ses-passages-chez-thierry-ardisson","status":"publish","type":"post","link":"https:\/\/www.europesays.com\/fr\/431600\/","title":{"rendered":"\u201cIl venait dans ma loge\u201d : cette c\u00e9l\u00e8bre chanteuse n\u2019oubliera pas ses passages chez Thierry Ardisson"},"content":{"rendered":"<p>N\u00e2diya a marqu\u00e9 toute une g\u00e9n\u00e9ration avec ses tubes des<br \/>\nann\u00e9es\u00a02000. La chanteuse s&rsquo;est fait conna\u00eetre du grand public<br \/>\napr\u00e8s avoir particip\u00e9 \u00e0 l&rsquo;\u00e9mission\u00a0culte <strong>Graines<br \/>\nde star<\/strong>.<\/p>\n<p>Apr\u00e8s des ann\u00e9es d\u2019absence, elle est r\u00e9cemment remont\u00e9e sur<br \/>\nsc\u00e8ne, pour le plus grand bonheur de ses fans. Ce lundi 29<br \/>\nseptembre, elle \u00e9tait l&rsquo;invit\u00e9e de\u00a0Dominique Lagrou<br \/>\nSemp\u00e8re\u00a0dans son \u00e9mission\u00a0<strong>Entre vous et<br \/>\nmoi<\/strong>.<\/p>\n<p>N\u00e2diya\u00a0: un retour sur sc\u00e8ne apr\u00e8s des ann\u00e9es<br \/>\nd\u2019absence<\/p>\n<p><a href=\"https:\/\/www.closermag.fr\/people\/nadiya-et-cest-parti-roc-quest-devenue-la-chanteuse-aujourdhui-agee-de-52-ans-3560613\" target=\"_blank\" rel=\"noopener\"><br \/>\nN\u00e2diya<\/a> s&rsquo;est fait conna\u00eetre \u00e0 la fin des ann\u00e9es 1990 apr\u00e8s<br \/>\navoir remport\u00e9 l&rsquo;\u00e9mission <strong>Grain de Star<\/strong>. Dans les<br \/>\nann\u00e9es 2000, elle a rencontr\u00e9 un franc succ\u00e8s avec des tubes<br \/>\nembl\u00e9matiques comme \u00ab\u00a0Et c\u2019est parti\u00a0\u00bb,<br \/>\n\u00ab\u00a0Parle-moi\u00a0\u00bb, et \u00ab\u00a0Roc\u00a0\u00bb. En 2005, la jeune femme a<br \/>\nremport\u00e9 le prix du Meilleur album rap\/hip-hop\/R&amp;B de<br \/>\nl&rsquo;ann\u00e9e\u00a0aux\u00a0<strong>Victoires de la<br \/>\nmusique.<\/strong><\/p>\n<p>Apr\u00e8s six ans d&rsquo;absence, N\u00e2diya est revenue sur le devant de la<br \/>\nsc\u00e8ne en juin 2025, avec son nouveau<br \/>\nsingle\u00a0DJ.\u00a0Elle d\u00e9voilera deux autres titres en<br \/>\nfin d\u2019ann\u00e9es, pour le plus grand bonheur des plus nostalgiques. \u00c0<br \/>\ncette occasion, elle \u00e9tait l&rsquo;invit\u00e9e de <strong>Dominique Lagrou<br \/>\nSemp\u00e8re<\/strong>\u00a0dans son \u00e9mission\u00a0<strong>Entre vous<br \/>\net moi,<\/strong>\u00a0diffus\u00e9e sur YouTube. Elle est revenue<br \/>\nsur des moments marquants de sa carri\u00e8re, notamment ses passages<br \/>\ndans les \u00e9missions de <strong>Thierry Ardisson<\/strong>.<\/p>\n<p>N\u00e2diya se confie sur ses passages<br \/>\ndans\u00a0Salut les Terriens\u00a0<\/p>\n<p>Lors de cette interview, N\u00e2diya est revenue sur sa rencontre<br \/>\navec <a href=\"https:\/\/www.closermag.fr\/people\/mort-de-thierry-ardisson-audrey-crespo-mara-nimaginait-pas-quil-allait-partir-cet-ete-le-cancer-a-flambe-3582469\" target=\"_blank\" rel=\"noopener\"><br \/>\nThierry Ardisson<\/a>. L\u2019animateur avait cr\u00e9\u00e9<br \/>\nl&rsquo;\u00e9mission\u00a0Graines de star\u00a0en 1996, programme o\u00f9<br \/>\nla chanteuse a fait ses premiers pas. Par la suite, elle avait<br \/>\nalors \u00e9t\u00e9 invit\u00e9e plusieurs fois sur le plateau de l\u2019\u00e9mission<br \/>\nembl\u00e9matique de l\u2019homme en noir.\u00a0\u00ab\u00a0Sur la derni\u00e8re<br \/>\nde\u00a0<a href=\"https:\/\/www.closermag.fr\/people\/laurent-baffie-se-confie-sur-l-incident-choquant-avec-nolwenn-leroy-dans-salut-les-terriens-1505914\" target=\"_blank\" rel=\"noopener\">Salut<br \/>\nles Terriens<\/a>, <strong>il est venu dans ma loge<\/strong> et<br \/>\nil m&rsquo;a dit &lsquo;tu sais que tu les as toutes faites les<br \/>\n\u00e9missions&rsquo;. Et c&rsquo;est \u00e0 un moment o\u00f9 <strong>les filles<br \/>\nn&rsquo;aimaient pas trop aller dans ses \u00e9missions<\/strong>, moi, j&rsquo;ai<br \/>\ntoujours ador\u00e9 parce que c&rsquo;est quelqu&rsquo;un qui avait une vision tr\u00e8s<br \/>\npr\u00e9cise, tr\u00e8s <strong>exigeante<\/strong> de proposer quelque chose<br \/>\n\u00e0 son auditeur\u00a0\u00bb, a expliqu\u00e9 l\u2019artiste de 52 ans.<\/p>\n<p>N\u00e2diya a ensuite confi\u00e9\u00a0:\u00a0<strong>\u00ab\u00a0Moi, quand j&rsquo;y<br \/>\nallais, je pr\u00e9parais. Je savais que j&rsquo;allais chez<br \/>\nArdisson\u00a0\u00bb<\/strong>. La chanteuse s\u2019est aussi exprim\u00e9 sur sa<br \/>\nrelation avec l\u2019animateur, qu\u2019elle admirait beaucoup.\u00a0\u00ab\u00a0De<br \/>\nse dire que j&rsquo;arrive de tel endroit pour arriver \u00e0 un point B, lui,<br \/>\nil appelle \u00e7a &lsquo;la valeur travail'\u00a0\u00bb, a-t-elle avou\u00e9 avant<br \/>\nd&rsquo;ajouter :\u00a0\u00ab\u00a0Ma famille \u00e9tait pauvre et il y avait cette<br \/>\nnotion qu&rsquo;il captait chez moi, cette solitude dans une forme de<br \/>\nlabeur et que je ne l\u00e2che pas, \u00e7a r\u00e9sonnait chez lui<br \/>\nforc\u00e9ment\u00a0\u00bb.<\/p>\n","protected":false},"excerpt":{"rendered":"N\u00e2diya a marqu\u00e9 toute une g\u00e9n\u00e9ration avec ses tubes des ann\u00e9es\u00a02000. La chanteuse s&rsquo;est fait conna\u00eetre du grand&hellip;\n","protected":false},"author":2,"featured_media":393980,"comment_status":"","ping_status":"","sticky":false,"template":"","format":"standard","meta":{"footnotes":""},"categories":[1356],"tags":[58,59,1011,27,252,10058,1364,729],"class_list":{"0":"post-431600","1":"post","2":"type-post","3":"status-publish","4":"format-standard","5":"has-post-thumbnail","7":"category-television","8":"tag-divertissement","9":"tag-entertainment","10":"tag-fr","11":"tag-france","12":"tag-television","13":"tag-thierry-ardisson","14":"tag-tv","15":"tag-yout_video"},"share_on_mastodon":{"url":"https:\/\/pubeurope.com\/@fr\/115300030624675171","error":""},"_links":{"self":[{"href":"https:\/\/www.europesays.com\/fr\/wp-json\/wp\/v2\/posts\/431600","targetHints":{"allow":["GET"]}}],"collection":[{"href":"https:\/\/www.europesays.com\/fr\/wp-json\/wp\/v2\/posts"}],"about":[{"href":"https:\/\/www.europesays.com\/fr\/wp-json\/wp\/v2\/types\/post"}],"author":[{"embeddable":true,"href":"https:\/\/www.europesays.com\/fr\/wp-json\/wp\/v2\/users\/2"}],"replies":[{"embeddable":true,"href":"https:\/\/www.europesays.com\/fr\/wp-json\/wp\/v2\/comments?post=431600"}],"version-history":[{"count":0,"href":"https:\/\/www.europesays.com\/fr\/wp-json\/wp\/v2\/posts\/431600\/revisions"}],"wp:featuredmedia":[{"embeddable":true,"href":"https:\/\/www.europesays.com\/fr\/wp-json\/wp\/v2\/media\/393980"}],"wp:attachment":[{"href":"https:\/\/www.europesays.com\/fr\/wp-json\/wp\/v2\/media?parent=431600"}],"wp:term":[{"taxonomy":"category","embeddable":true,"href":"https:\/\/www.europesays.com\/fr\/wp-json\/wp\/v2\/categories?post=431600"},{"taxonomy":"post_tag","embeddable":true,"href":"https:\/\/www.europesays.com\/fr\/wp-json\/wp\/v2\/tags?post=431600"}],"curies":[{"name":"wp","href":"https:\/\/api.w.org\/{rel}","templated":true}]}}