{"id":431615,"date":"2025-10-01T17:20:21","date_gmt":"2025-10-01T17:20:21","guid":{"rendered":"https:\/\/www.europesays.com\/fr\/431615\/"},"modified":"2025-10-01T17:20:21","modified_gmt":"2025-10-01T17:20:21","slug":"keir-starmer-ou-laveu-du-decalage-entre-les-elites-politiques-et-le-peuple","status":"publish","type":"post","link":"https:\/\/www.europesays.com\/fr\/431615\/","title":{"rendered":"Keir Starmer, ou l\u2019aveu du d\u00e9calage entre les \u00e9lites politiques et le peuple"},"content":{"rendered":"<p><strong>ANALYSE &#8211; <\/strong>Devant la pouss\u00e9e du parti de Nigel Farage, Reform UK, le premier ministre britannique reconna\u00eet que son parti ne s\u2019est pas assez attaqu\u00e9 aux vraies pr\u00e9occupations des \u00e9lecteurs, au premier rang desquelles l\u2019immigration.<\/p>\n<p class=\"fig-paragraph\">L\u2019aveu est d\u00e9routant, presque na\u00eff et inqui\u00e9tant de la part de politiciens \u00e9lus et chevronn\u00e9s. \u00c0 l\u2019occasion du\u00a0<a href=\"http:\/\/www.lefigaro.fr\/international\/keir-starmer-appelle-a-l-unite-pour-combattre-l-huile-de-serpent-du-parti-reform-uk-de-nigel-farage-20250930\" data-fig-type=\"Article\" data-gtm-custom-categorie=\"navigation\" data-gtm-custom-action=\"crossclick\" data-gtm-custom-label=\"Contextuel\" data-gtm-event=\"customEventSPE\" data-fig-domain=\"LEFIGARO\" target=\"_blank\" rel=\"noopener\">Congr\u00e8s annuel du Labour<\/a>\u00a0et alors qu\u2019il est au plus bas dans les sondages, le premier ministre britannique a reconnu que son parti n\u2019avait pas assez r\u00e9pondu aux vraies pr\u00e9occupations des \u00e9lecteurs. Cette faillite vaut particuli\u00e8rement pour le sujet de l\u2019immigration. Le r\u00e9sultat en est la pouss\u00e9e spectaculaire du parti \u00ab\u00a0populiste\u00a0\u00bb de Nigel Farage, Reform UK.<\/p>\n<p class=\"fig-paragraph\">Le parti de\u00a0<a href=\"http:\/\/www.lefigaro.fr\/international\/royaume-uni-le-chantre-du-brexit-nigel-farage-caracolerait-en-tete-des-suffrages-en-cas-d-election-selon-un-sondage-20250928\" data-fig-type=\"NewsFlash\" data-gtm-custom-categorie=\"navigation\" data-gtm-custom-action=\"crossclick\" data-gtm-custom-label=\"Contextuel\" data-gtm-event=\"customEventSPE\" data-fig-domain=\"LEFIGARO\" target=\"_blank\" rel=\"noopener\">Nigel Farage<\/a>, qui a fait du contr\u00f4le de l\u2019immigration son cheval de bataille, est largement en t\u00eate dans les sondages, devan\u00e7ant de 12\u00a0points le Labour. Pour le gouvernement travailliste,\u00a0<a href=\"http:\/\/www.lefigaro.fr\/flash-actu\/elections-britanniques-les-conservateurs-devances-pour-la-premiere-fois-par-reform-uk-dans-un-sondage-20240613\" data-fig-type=\"NewsFlash\" data-gtm-custom-categorie=\"navigation\" data-gtm-custom-action=\"crossclick\" data-gtm-custom-label=\"Contextuel\" data-gtm-event=\"customEventSPE\" data-fig-domain=\"LEFIGARO\" target=\"_blank\" rel=\"noopener\">Reform UK<\/a>\u00a0est d\u00e9sormais l\u2019ennemi num\u00e9ro un, le traditionnel adversaire conservateur \u00e9tant rel\u00e9gu\u00e9 au rang de menace secondaire. Pour combattre efficacement Reform UK, a pr\u00e9venu Starmer mardi, il faut s\u2019attaquer \u00e0 tous les probl\u00e8mes sur lesquels il prosp\u00e8re.<\/p>\n<p class=\"fig-body-link\">\n            \u00c0 lire aussi<br \/>\n        <a class=\"fig-body-link__link fig-premium-mark\" href=\"http:\/\/www.lefigaro.fr\/international\/keir-starmer-appelle-a-l-unite-pour-combattre-l-huile-de-serpent-du-parti-reform-uk-de-nigel-farage-20250930\" target=\"_blank\" data-fig-type=\"Article\" rel=\"noopener\" data-gtm-custom-categorie=\"navigation\" data-gtm-custom-action=\"crossclick\" data-gtm-custom-label=\"Contextuel\" data-gtm-event=\"customEventSPE\" data-fig-domain=\"LEFIGARO\">Keir Starmer appelle \u00e0 l\u2019unit\u00e9 pour combattre \u00abl\u2019huile de serpent\u00bb du parti Reform UK de Nigel Farage<br \/>\n    <\/a>\n<\/p>\n<p class=\"fig-paragraph\">Et le principal \u00ab\u00a0probl\u00e8me\u00a0\u00bb pour les Britanniques, les sondages\u2026<\/p>\n<p class=\"fig-premium-paywall__infos\">\n        Cet article est r\u00e9serv\u00e9 aux abonn\u00e9s.        Il vous reste 79% \u00e0 d\u00e9couvrir.\n    <\/p>\n<p>                <img  data- alt=\"Le Figaro\" class=\"fig-img--complete fig-img\"\/><\/p>\n<p class=\"fig-premium-paywall__title\">Vous avez envie de lire la suite ?<\/p>\n<p class=\"fig-premium-paywall__subtitle\">D\u00e9bloquez tous les articles imm\u00e9diatement.<\/p>\n<p class=\"fig-premium-paywall__connect\">\n                D\u00e9j\u00e0 abonn\u00e9\u00a0?                <a class=\"fig-premium-paywall__connect-link\" href=\"https:\/\/connect.lefigaro.fr\/login?client=horizon_web&amp;type=main&amp;redirect_uri=https%3A%2F%2Fwww.lefigaro.fr%2Fvox%2Fmonde%2Fkeir-starmer-ou-l-aveu-du-decalage-entre-les-elites-politiques-et-le-peuple-20251001\" data-js-gtm=\"{&quot;customCategorie&quot;: &quot;conversion&quot;, &quot;customAction&quot;: &quot;before_Landing_Connexion_paywall_auto&quot;, &quot;customLabel&quot;: &quot;bGVmaWdhcm8uZnJfXzFmMDllYjA5LTgxOWItNjBjYS05M2Y1LTc1YjhhZjcyZGY3OV9fQXJ0aWNsZQ==_Keir Starmer, ou l\u2019aveu du d\u00e9calage entre les \u00e9lites politiques et le peuple_66&quot;, &quot;customIDSPE&quot;: &quot;bGVmaWdhcm8uZnJfXzFmMDllYjA5LTgxOWItNjBjYS05M2Y1LTc1YjhhZjcyZGY3OV9fQXJ0aWNsZQ==&quot;, &quot;event&quot;: &quot;customEventSPE&quot;}\" target=\"_blank\" rel=\"noopener\"><br \/>\n                    Connectez-vous<br \/>\n                <\/a>\n            <\/p>\n","protected":false},"excerpt":{"rendered":"ANALYSE &#8211; Devant la pouss\u00e9e du parti de Nigel Farage, Reform UK, le premier ministre britannique reconna\u00eet que&hellip;\n","protected":false},"author":2,"featured_media":431616,"comment_status":"","ping_status":"","sticky":false,"template":"","format":"standard","meta":{"footnotes":""},"categories":[5],"tags":[11,1011,27,1061,14,2581,16716,12,473,28],"class_list":{"0":"post-431615","1":"post","2":"type-post","3":"status-publish","4":"format-standard","5":"has-post-thumbnail","7":"category-international","8":"tag-actualites","9":"tag-fr","10":"tag-france","11":"tag-immigration","12":"tag-international","13":"tag-keir-starmer","14":"tag-labour","15":"tag-news","16":"tag-royaume-uni","17":"tag-world"},"share_on_mastodon":{"url":"https:\/\/pubeurope.com\/@fr\/115300062006977185","error":""},"_links":{"self":[{"href":"https:\/\/www.europesays.com\/fr\/wp-json\/wp\/v2\/posts\/431615","targetHints":{"allow":["GET"]}}],"collection":[{"href":"https:\/\/www.europesays.com\/fr\/wp-json\/wp\/v2\/posts"}],"about":[{"href":"https:\/\/www.europesays.com\/fr\/wp-json\/wp\/v2\/types\/post"}],"author":[{"embeddable":true,"href":"https:\/\/www.europesays.com\/fr\/wp-json\/wp\/v2\/users\/2"}],"replies":[{"embeddable":true,"href":"https:\/\/www.europesays.com\/fr\/wp-json\/wp\/v2\/comments?post=431615"}],"version-history":[{"count":0,"href":"https:\/\/www.europesays.com\/fr\/wp-json\/wp\/v2\/posts\/431615\/revisions"}],"wp:featuredmedia":[{"embeddable":true,"href":"https:\/\/www.europesays.com\/fr\/wp-json\/wp\/v2\/media\/431616"}],"wp:attachment":[{"href":"https:\/\/www.europesays.com\/fr\/wp-json\/wp\/v2\/media?parent=431615"}],"wp:term":[{"taxonomy":"category","embeddable":true,"href":"https:\/\/www.europesays.com\/fr\/wp-json\/wp\/v2\/categories?post=431615"},{"taxonomy":"post_tag","embeddable":true,"href":"https:\/\/www.europesays.com\/fr\/wp-json\/wp\/v2\/tags?post=431615"}],"curies":[{"name":"wp","href":"https:\/\/api.w.org\/{rel}","templated":true}]}}