{"id":431617,"date":"2025-10-01T17:21:14","date_gmt":"2025-10-01T17:21:14","guid":{"rendered":"https:\/\/www.europesays.com\/fr\/431617\/"},"modified":"2025-10-01T17:21:14","modified_gmt":"2025-10-01T17:21:14","slug":"nicolas-sarkozy-vise-par-une-plainte-davocats-pour-outrage-et-atteinte-a-lautorite-de-la-justice","status":"publish","type":"post","link":"https:\/\/www.europesays.com\/fr\/431617\/","title":{"rendered":"Nicolas Sarkozy vis\u00e9 par une plainte d\u2019avocats pour \u00ab\u00a0outrage\u00a0\u00bb et \u00ab\u00a0atteinte \u00e0 l\u2019autorit\u00e9 de la justice\u00a0\u00bb"},"content":{"rendered":"<p>        <img decoding=\"async\" loading=\"lazy\" src=\"https:\/\/www.europesays.com\/fr\/wp-content\/uploads\/2025\/10\/9ccbc0a_1692956921364-gettyimages-1372781273.jpg\"  width=\"728\" height=\"410\" alt=\"Nicolas Sarkozy, le 25\u00a0f\u00e9vrier 2022, sur le perron de l\u2019\u00c9lys\u00e9e apr\u00e8s une rencontre avec Emmanuel Macron.\"\/>  <\/p>\n<p>Antoine Gyori &#8211; Corbis \/ Corbis via Getty Images<\/p>\n<p>Nicolas Sarkozy, le 25\u00a0f\u00e9vrier 2022, sur le perron de l\u2019\u00c9lys\u00e9e apr\u00e8s une rencontre avec Emmanuel Macron.<\/p>\n<p class=\"asset asset-text\">POLITIQUE &#8211; Une vingtaine d\u2019avocats ont d\u00e9pos\u00e9 ce mercredi 1er\u00a0octobre une plainte contre <a href=\"https:\/\/www.huffingtonpost.fr\/politique\/article\/nicolas-sarkozy-ira-en-prison-mais-ce-n-est-pas-la-fin-de-la-presomption-d-innocence_255379.html\" target=\"_blank\" rel=\"noopener\">Nicolas Sarkozy<\/a> a appris l\u2019AFP aupr\u00e8s de Me J\u00e9r\u00f4me Giusti qui les repr\u00e9sente, confirmant une information de BFM TV. L\u2019ex-pr\u00e9sident, dont l\u2019avocat Christophe Ingrain n\u2019a pas r\u00e9pondu aux sollicitations de l\u2019agence de presse, est accus\u00e9 d\u2019avoir discr\u00e9dit\u00e9 l\u2019institution judiciaire par <a href=\"https:\/\/www.huffingtonpost.fr\/politique\/article\/nicolas-sarkozy-s-en-prend-a-mediapart-et-a-son-faux-apres-sa-condamnation-de-quoi-s-agit-il_255337.html\" target=\"_blank\" rel=\"noopener\">ses critiques<\/a> contre sa condamnation dans l\u2019affaire <a href=\"https:\/\/www.huffingtonpost.fr\/justice\/article\/cinq-ans-de-prison-pour-nicolas-sarkozy-on-a-assiste-a-la-fin-d-un-fauve-severement-condamne_255251.html\" target=\"_blank\" rel=\"noopener\">du financement libyen<\/a>.<\/p>\n<p class=\"asset asset-text\">Le tribunal correctionnel de Paris a condamn\u00e9 jeudi dernier l\u2019ancien homme fort de la droite \u00e0 cinq ans de prison avec incarc\u00e9ration prochaine pour avoir \u00ab\u00a0laiss\u00e9 ses plus proches\u00a0\u00bb collaborateurs d\u00e9marcher la Libye de Mouammar Kadhafi pour financer sa campagne victorieuse de 2007.<\/p>\n<p class=\"asset asset-text\">Dans un entretien au JDD ce week-end, Nicolas Sarkozy s\u2019est montr\u00e9 particuli\u00e8rement virulent, estimant que \u00ab\u00a0toutes les limites de l\u2019\u00c9tat de droit ont \u00e9t\u00e9 viol\u00e9es\u00a0\u00bb, ajoutant qu\u2019il ne \u00ab\u00a0plierait pas face au mensonge, au complot, \u00e0 l\u2019insulte\u00a0\u00bb et face \u00e0 \u00ab\u00a0ses pratiques si contraires \u00e0 l\u2019\u00c9tat de droit\u00a0\u00bb.<\/p>\n<p class=\"asset asset-text\">Pour les 18 avocats repr\u00e9sent\u00e9s par Me Giusti, qui ont d\u00e9pos\u00e9 plainte mercredi \u00e0 Paris, ces d\u00e9clarations de l\u2019ex-locataire de l\u2019\u00c9lys\u00e9e \u00ab\u00a0constituent de fait un acte d\u00e9lib\u00e9r\u00e9 de discr\u00e9dit port\u00e9 \u00e0 l\u2019institution judiciaire, de nature \u00e0 affaiblir la confiance des citoyens dans l\u2019impartialit\u00e9 et l\u2019ind\u00e9pendance de la justice\u00a0\u00bb, selon le texte de leur plainte.<\/p>\n<p>                     Toute la profession vent debout    <\/p>\n<p class=\"asset asset-text\">Ils rappellent que le Code p\u00e9nal punit de six mois d\u2019emprisonnement et de 7\u00a0500\u00a0euros d\u2019amende une telle infraction, si elle est caract\u00e9ris\u00e9e. Selon ces avocats, ces propos \u00ab\u00a0nuisent \u00e0 l\u2019\u00c9tat de droit\u00a0\u00bb, \u00ab\u00a0rev\u00eatent une particuli\u00e8re gravit\u00e9\u00a0\u00bb et \u00ab\u00a0ne sauraient \u00eatre regard\u00e9s comme une simple critique d\u2019une d\u00e9cision de justice dont M. Sarkozy a d\u00e9clar\u00e9 au demeurant faire appel\u00a0\u00bb.<\/p>\n<p class=\"asset asset-text\">L\u2019ex-chef de l\u2019\u00c9tat, en cette qualit\u00e9, \u00ab\u00a0conna\u00eet la port\u00e9e de ses paroles et l\u2019effet direct qu\u2019elles exercent sur l\u2019opinion publique. Ses paroles portent atteinte non seulement \u00e0 la d\u00e9cision de justice vis\u00e9e, aux magistrats l\u2019ayant rendue mais aussi au respect d\u00fb \u00e0 l\u2019institution judiciaire\u00a0\u00bb, lancent-ils.<\/p>\n<p class=\"asset asset-text\">Ils s\u2019estiment recevables \u00e0 porter plainte en tant qu\u2019\u00ab\u00a0auxiliaires de justice\u00a0\u00bb, car ils \u00ab\u00a0concourent au fonctionnement du service public de la justice\u00a0\u00bb.<\/p>\n<p class=\"asset asset-text\">\u00c0 plusieurs reprises lundi, le pr\u00e9sident du tribunal judiciaire de Paris, Peimane Ghaleh-Marzban, avait aussi <a href=\"https:\/\/www.huffingtonpost.fr\/politique\/article\/critiques-par-sarkozy-le-chef-du-parquet-national-financier-replique-et-se-dit-sans-haine_255367.html\" target=\"_blank\" rel=\"noopener\">d\u00e9nonc\u00e9 le \u00ab\u00a0discr\u00e9dit\u00a0\u00bb jet\u00e9 sur l\u2019institution judiciaire<\/a> par les critiques form\u00e9es contre la d\u00e9cision de la 32e chambre parisienne, rendue jeudi 25\u00a0septembre. Sollicit\u00e9 lundi sur la question de savoir si une enqu\u00eate est ouverte \u00e0 ce sujet, le parquet de Paris n\u2019a pas r\u00e9pondu.<\/p>\n","protected":false},"excerpt":{"rendered":"Antoine Gyori &#8211; Corbis \/ Corbis via Getty Images Nicolas Sarkozy, le 25\u00a0f\u00e9vrier 2022, sur le perron de&hellip;\n","protected":false},"author":2,"featured_media":431618,"comment_status":"","ping_status":"","sticky":false,"template":"","format":"standard","meta":{"footnotes":""},"categories":[4],"tags":[11,1011,27,303,12,3091,316,25],"class_list":{"0":"post-431617","1":"post","2":"type-post","3":"status-publish","4":"format-standard","5":"has-post-thumbnail","7":"category-france","8":"tag-actualites","9":"tag-fr","10":"tag-france","11":"tag-justice","12":"tag-news","13":"tag-nicolas-sarkozy","14":"tag-politique","15":"tag-republique-francaise"},"share_on_mastodon":{"url":"https:\/\/pubeurope.com\/@fr\/115300066366323002","error":""},"_links":{"self":[{"href":"https:\/\/www.europesays.com\/fr\/wp-json\/wp\/v2\/posts\/431617","targetHints":{"allow":["GET"]}}],"collection":[{"href":"https:\/\/www.europesays.com\/fr\/wp-json\/wp\/v2\/posts"}],"about":[{"href":"https:\/\/www.europesays.com\/fr\/wp-json\/wp\/v2\/types\/post"}],"author":[{"embeddable":true,"href":"https:\/\/www.europesays.com\/fr\/wp-json\/wp\/v2\/users\/2"}],"replies":[{"embeddable":true,"href":"https:\/\/www.europesays.com\/fr\/wp-json\/wp\/v2\/comments?post=431617"}],"version-history":[{"count":0,"href":"https:\/\/www.europesays.com\/fr\/wp-json\/wp\/v2\/posts\/431617\/revisions"}],"wp:featuredmedia":[{"embeddable":true,"href":"https:\/\/www.europesays.com\/fr\/wp-json\/wp\/v2\/media\/431618"}],"wp:attachment":[{"href":"https:\/\/www.europesays.com\/fr\/wp-json\/wp\/v2\/media?parent=431617"}],"wp:term":[{"taxonomy":"category","embeddable":true,"href":"https:\/\/www.europesays.com\/fr\/wp-json\/wp\/v2\/categories?post=431617"},{"taxonomy":"post_tag","embeddable":true,"href":"https:\/\/www.europesays.com\/fr\/wp-json\/wp\/v2\/tags?post=431617"}],"curies":[{"name":"wp","href":"https:\/\/api.w.org\/{rel}","templated":true}]}}