{"id":431621,"date":"2025-10-01T17:23:21","date_gmt":"2025-10-01T17:23:21","guid":{"rendered":"https:\/\/www.europesays.com\/fr\/431621\/"},"modified":"2025-10-01T17:23:21","modified_gmt":"2025-10-01T17:23:21","slug":"lassociation-qui-cree-un-pont-entre-des-enfants-dinde-et-de-france","status":"publish","type":"post","link":"https:\/\/www.europesays.com\/fr\/431621\/","title":{"rendered":"l\u2019association qui cr\u00e9e un pont entre des enfants d\u2019Inde et de France"},"content":{"rendered":"<p>L\u2019association Coop In accompagne des jeunes Indiens dans leur apprentissage du fran\u00e7ais. Ainsi, de Pushendra, jeune \u00e9tudiant \u00e0 Delhi, \u00e0 Vivek, enseignant passionn\u00e9 de fran\u00e7ais, jusqu\u2019aux \u00e9l\u00e8ves de la Baraill\u00e8re \u00e0 Saint-Jean-Bonnefonds, ce sont autant de liens qui se tissent entre deux pays.<\/p>\n<p>N\u00e9 en 2005, Pushendra suit un cursus en bac +\u00a02. Apr\u00e8s une ann\u00e9e pass\u00e9e \u00e0 l\u2019Alliance fran\u00e7aise de Jaipur, il \u00e9tudie d\u00e9sormais \u00e0&#8230;<\/p>\n","protected":false},"excerpt":{"rendered":"L\u2019association Coop In accompagne des jeunes Indiens dans leur apprentissage du fran\u00e7ais. Ainsi, de Pushendra, jeune \u00e9tudiant \u00e0&hellip;\n","protected":false},"author":2,"featured_media":431622,"comment_status":"","ping_status":"","sticky":false,"template":"","format":"standard","meta":{"footnotes":""},"categories":[9653],"tags":[1111,11,2430,1687,7539,1777,674,1011,27,12,25,4001,9664,9663],"class_list":{"0":"post-431621","1":"post","2":"type-post","3":"status-publish","4":"format-standard","5":"has-post-thumbnail","7":"category-saint-etienne","8":"tag-actu","9":"tag-actualites","10":"tag-auvergne-rhone-alpes","11":"tag-culture-loisirs","12":"tag-edition-loire-sud","13":"tag-eu","14":"tag-europe","15":"tag-fr","16":"tag-france","17":"tag-news","18":"tag-republique-francaise","19":"tag-saint-etienne","20":"tag-saint-etienne-bassin","21":"tag-saint-jean-bonnefonds"},"share_on_mastodon":{"url":"https:\/\/pubeurope.com\/@fr\/115300073749998577","error":""},"_links":{"self":[{"href":"https:\/\/www.europesays.com\/fr\/wp-json\/wp\/v2\/posts\/431621","targetHints":{"allow":["GET"]}}],"collection":[{"href":"https:\/\/www.europesays.com\/fr\/wp-json\/wp\/v2\/posts"}],"about":[{"href":"https:\/\/www.europesays.com\/fr\/wp-json\/wp\/v2\/types\/post"}],"author":[{"embeddable":true,"href":"https:\/\/www.europesays.com\/fr\/wp-json\/wp\/v2\/users\/2"}],"replies":[{"embeddable":true,"href":"https:\/\/www.europesays.com\/fr\/wp-json\/wp\/v2\/comments?post=431621"}],"version-history":[{"count":0,"href":"https:\/\/www.europesays.com\/fr\/wp-json\/wp\/v2\/posts\/431621\/revisions"}],"wp:featuredmedia":[{"embeddable":true,"href":"https:\/\/www.europesays.com\/fr\/wp-json\/wp\/v2\/media\/431622"}],"wp:attachment":[{"href":"https:\/\/www.europesays.com\/fr\/wp-json\/wp\/v2\/media?parent=431621"}],"wp:term":[{"taxonomy":"category","embeddable":true,"href":"https:\/\/www.europesays.com\/fr\/wp-json\/wp\/v2\/categories?post=431621"},{"taxonomy":"post_tag","embeddable":true,"href":"https:\/\/www.europesays.com\/fr\/wp-json\/wp\/v2\/tags?post=431621"}],"curies":[{"name":"wp","href":"https:\/\/api.w.org\/{rel}","templated":true}]}}