{"id":431623,"date":"2025-10-01T17:24:19","date_gmt":"2025-10-01T17:24:19","guid":{"rendered":"https:\/\/www.europesays.com\/fr\/431623\/"},"modified":"2025-10-01T17:24:19","modified_gmt":"2025-10-01T17:24:19","slug":"saint-etienne-la-fabrique-musicale-une-ecole-de-musique-au-diapason-de-son-quartier","status":"publish","type":"post","link":"https:\/\/www.europesays.com\/fr\/431623\/","title":{"rendered":"Saint-\u00c9tienne. La Fabrique musicale, une \u00e9cole de musique au diapason de son quartier"},"content":{"rendered":"<p>De 3 ans \u00e0 82 ans, de l\u2019\u00e9veil musical au piano, La Fabrique musicale a retrouv\u00e9 ses \u00e9l\u00e8ves. \u00ab\u00a0Il y a peu de turnover, car nos adh\u00e9rents sont tr\u00e8s fid\u00e8les\u00a0\u00bb, explique Nathalie Mounier, la directrice de l\u2019\u00e9cole de musique associative. \u00ab\u00a0La continuit\u00e9 et le s\u00e9rieux dans l\u2019apprentissage sont importants pour nous, car les enseignants sont l\u00e0 depuis des ann\u00e9es \u00e9galement, ce \u00e0 quoi nous tenons. Le niveau devient tr\u00e8s&#8230;<\/p>\n","protected":false},"excerpt":{"rendered":"De 3 ans \u00e0 82 ans, de l\u2019\u00e9veil musical au piano, La Fabrique musicale a retrouv\u00e9 ses \u00e9l\u00e8ves.&hellip;\n","protected":false},"author":2,"featured_media":431624,"comment_status":"","ping_status":"","sticky":false,"template":"","format":"standard","meta":{"footnotes":""},"categories":[9653],"tags":[1111,11,2430,7539,1777,674,1011,27,12,25,4001,7538,104,1631],"class_list":{"0":"post-431623","1":"post","2":"type-post","3":"status-publish","4":"format-standard","5":"has-post-thumbnail","7":"category-saint-etienne","8":"tag-actu","9":"tag-actualites","10":"tag-auvergne-rhone-alpes","11":"tag-edition-loire-sud","12":"tag-eu","13":"tag-europe","14":"tag-fr","15":"tag-france","16":"tag-news","17":"tag-republique-francaise","18":"tag-saint-etienne","19":"tag-saint-etienne-ville","20":"tag-societe","21":"tag-vie-associative"},"share_on_mastodon":{"url":"https:\/\/pubeurope.com\/@fr\/115300077735318087","error":""},"_links":{"self":[{"href":"https:\/\/www.europesays.com\/fr\/wp-json\/wp\/v2\/posts\/431623","targetHints":{"allow":["GET"]}}],"collection":[{"href":"https:\/\/www.europesays.com\/fr\/wp-json\/wp\/v2\/posts"}],"about":[{"href":"https:\/\/www.europesays.com\/fr\/wp-json\/wp\/v2\/types\/post"}],"author":[{"embeddable":true,"href":"https:\/\/www.europesays.com\/fr\/wp-json\/wp\/v2\/users\/2"}],"replies":[{"embeddable":true,"href":"https:\/\/www.europesays.com\/fr\/wp-json\/wp\/v2\/comments?post=431623"}],"version-history":[{"count":0,"href":"https:\/\/www.europesays.com\/fr\/wp-json\/wp\/v2\/posts\/431623\/revisions"}],"wp:featuredmedia":[{"embeddable":true,"href":"https:\/\/www.europesays.com\/fr\/wp-json\/wp\/v2\/media\/431624"}],"wp:attachment":[{"href":"https:\/\/www.europesays.com\/fr\/wp-json\/wp\/v2\/media?parent=431623"}],"wp:term":[{"taxonomy":"category","embeddable":true,"href":"https:\/\/www.europesays.com\/fr\/wp-json\/wp\/v2\/categories?post=431623"},{"taxonomy":"post_tag","embeddable":true,"href":"https:\/\/www.europesays.com\/fr\/wp-json\/wp\/v2\/tags?post=431623"}],"curies":[{"name":"wp","href":"https:\/\/api.w.org\/{rel}","templated":true}]}}