{"id":431627,"date":"2025-10-01T17:27:22","date_gmt":"2025-10-01T17:27:22","guid":{"rendered":"https:\/\/www.europesays.com\/fr\/431627\/"},"modified":"2025-10-01T17:27:22","modified_gmt":"2025-10-01T17:27:22","slug":"nancy-un-jardin-ephemere-version-art-deco-et-des-spectacles-aux-pieds-de-stanislas","status":"publish","type":"post","link":"https:\/\/www.europesays.com\/fr\/431627\/","title":{"rendered":"Nancy. Un Jardin \u00e9ph\u00e9m\u00e8re version Art d\u00e9co et des spectacles aux pieds de Stanislas"},"content":{"rendered":"<p>\u00ab\u00a0A la Saint-G\u00e9rard, place au vert et \u00e0 l\u2019art\u00a0!\u00a0\u00bb Tel pourrait \u00eatre le dicton du jour, ce vendredi 3\u00a0octobre, <a href=\"https:\/\/www.estrepublicain.fr\/environnement\/2025\/09\/22\/la-place-stanislas-se-transforme-pour-une-nouvelle-edition-du-jardin-ephemere\" target=\"_blank\" rel=\"noopener\">du c\u00f4t\u00e9 de la place Stan\u2019\u00a0: pour la 22e ann\u00e9e, le site passe en mode \u00ab\u00a0jardin \u00e9ph\u00e9m\u00e8re\u00a0\u00bb<\/a> , cette fois avec des tons Art d\u00e9co, mouvement dont le Grand Nancy <a href=\"https:\/\/www.estrepublicain.fr\/culture-loisirs\/2025\/08\/19\/metro-folies-ou-la-celebration-de-l-art-deco-ce-n-est-pas-fini\" target=\"_blank\" rel=\"noopener\">f\u00eate le centenaire cette ann\u00e9e via le programme M\u00e9tro\u2019Folies.<\/a> Jusqu\u2019au 2\u00a0novembre de 8\u00a0h \u00e0 22\u00a0h chaque jour, la place proposera ainsi, sur 2\u00a0800\u00a0m et gr\u00e2ce au travail collectif de jardiniers, menuisiers, concepteurs et autres artistes et \u00e9tudiants, un v\u00e9ritable \u00e9crin m\u00ealant nature, technologie et cr\u00e9ation. Avec en prime, un air de jamais-vu.<\/p>\n<p>  Entrez, c\u2019est tout vert\u2026<\/p>\n<p>Ceux qui ne faisaient que jeter un \u0153il de loin, ne verront pas grand-chose du jardin cette ann\u00e9e\u00a0: panneaux de bois et hauts v\u00e9g\u00e9taux masquent en effet la partie principale. \u00ab\u00a0Pour la premi\u00e8re fois, le site est \u201cferm\u00e9\u201d, bien moins visible de l\u2019ext\u00e9rieur\u00a0; le public est invit\u00e9 \u00e0 y entrer pour tout d\u00e9couvrir\u00a0\u00bb, souligne J\u00e9r\u00e9my Noble, directeur du service \u00e9cologie et nature. \u00ab\u00a0On revient \u00e0 l\u2019essence m\u00eame du jardin d\u2019Eden, qui \u00e0 l\u2019origine est un espace clos, prot\u00e9g\u00e9\u00a0\u00bb, compl\u00e8te St\u00e9phane Harter, charg\u00e9 de la recherche et du d\u00e9veloppement \u00e0 la Ville.<\/p>\n<p>Toujours dot\u00e9 de quatre entr\u00e9es, le jardin pr\u00e9sente toutefois quatre de ses douze sc\u00e8nes (dont deux expositions photos) \u00e0 l\u2019ext\u00e9rieur, et donc visibles en permanence.<\/p>\n<p>Et comme chaque ann\u00e9e, le site pourra \u00eatre contempl\u00e9 depuis le balcon de la mairie, tous les dimanches de 14\u00a0h \u00e0 18\u00a0h (de 14\u00a0h \u00e0 16\u00a0h le 2\u00a0novembre).<\/p>\n<p>  Spectacles au pied de la statue<\/p>\n<p>Pour la premi\u00e8re fois, le jardin va v\u00e9ritablement s\u2019animer puisque les escaliers au pied de la statue de Stanislas ont \u00e9t\u00e9 recouverts d\u2019une estrade, afin d\u2019accueillir spectacles et ateliers\u00a0: entre autres, une soir\u00e9e cabaret (18\u00a0h) en ce jour d\u2019ouverture, un concert de l\u2019orchestre des jeunes de Karlsruhe (14\u00a0h) et <a href=\"https:\/\/www.estrepublicain.fr\/culture-loisirs\/2024\/10\/06\/nancy-jazz-poursuite-folle-soiree-musicale-dans-les-bars-pour-le-lancement-du-festival\" target=\"_blank\" rel=\"noopener\">le Nancy Jazz Poursuite<\/a> (17\u00a0h) ce samedi 4\u00a0octobre, ou encore un d\u00e9fil\u00e9 de mode \u00ab\u00a0Ann\u00e9es folles\u00a0\u00bb le 26\u00a0octobre (15\u00a0h et 16\u00a0h).<\/p>\n<p>  Douze sc\u00e8nes entre v\u00e9g\u00e9taux et structures<\/p>\n<p>Des arbres, des plantes et des fleurs par centaines, mais aussi du bois (tables, chaises et transats pour se poser), du m\u00e9tal et de l\u2019eau\u00a0: le mariage des mati\u00e8res sera une nouvelle fois de mise, avec au fil des douze sc\u00e8nes imagin\u00e9es, quelques \u00e9l\u00e9ments marquants.<\/p>\n<p>\u00ab\u00a0 <a href=\"https:\/\/www.estrepublicain.fr\/culture-loisirs\/2024\/10\/01\/jardin-ephemere-2024-l-industrie-vue-par-le-prisme-de-la-nature\" target=\"_blank\" rel=\"noopener\">Comme l\u2019ann\u00e9e derni\u00e8re,<\/a> l\u2019escalier plac\u00e9 entre l\u2019arc H\u00e9r\u00e9 et la statue offrira un point de vue sur le site\u00a0\u00bb, note J\u00e9r\u00e9my Noble. \u00ab\u00a0Plusieurs tunnels permettront aux visiteurs de faire tout le tour du jardin, et la structure C\u0153ur de cornus, renfermant une grainoth\u00e8que, s\u2019annonce comme un \u00e9l\u00e9ment majeur.\u00a0\u00bb<\/p>\n<p>De son c\u00f4t\u00e9, la spirale labyrinthique, cachant un vitrail et des hologrammes d\u2019anciens b\u00e2timents nanc\u00e9iens reconstitu\u00e9s en 3D, invite d\u00e9j\u00e0 \u00e0 se perdre. Pour mieux retrouver, ici et l\u00e0 sur le pav\u00e9 royal, les bassins, massifs floraux et autres colonnades v\u00e9g\u00e9talis\u00e9es.<\/p>\n<p class=\"note\">Plus de photos sur notre site<\/p>\n<p>        &#13;<br \/>\n          <a href=\"https:\/\/cdn-s-www.estrepublicain.fr\/images\/68295bb7-94b1-441f-95be-99afac3e28d5\/NW_raw\/photo-severine-kichenbrand-1759336680.jpg\" title=\"Photo\u00a0S\u00e9verine Kichenbrand\" class=\"chocolat-image GA-tracking\" data-ga_type=\"click\" data-ga_category=\"D\u00e9tail\" data-ga_action=\"zoomer\" data-ga_label=\"agrandir image\" target=\"_blank\" rel=\"noopener\">&#13;<br \/>\n            <img loading=\"lazy\" decoding=\"async\" src=\"https:\/\/www.europesays.com\/fr\/wp-content\/uploads\/2025\/10\/photo-severine-kichenbrand-1759336680.jpg\" alt=\"Photo\u00a0S\u00e9verine Kichenbrand\"\/>&#13;<br \/>\n          <\/a>&#13;<br \/>\n          &#13;<\/p>\n<p class=\"insetTitle\">De la lumi\u00e8re, et du son aussi<\/p>\n<p>Au jardin \u00e9ph\u00e9m\u00e8re, on en prend plein les yeux de jour, mais pas seulement. \u00ab\u200aPour la premi\u00e8re fois, on aura un \u00e9clairage par le haut\u200a\u00bb, souligne J\u00e9r\u00e9my Noble en \u00e9voquant les m\u00e2ts lumineux install\u00e9s sur le site, en collaboration avec la soci\u00e9t\u00e9 Eclatec. \u00ab\u200aJusqu\u2019\u00e0 pr\u00e9sent, la lumi\u00e8re venait du bas, notamment gr\u00e2ce \u00e0 des spots mais cela ne permettait pas toujours d\u2019avoir une bonne visibilit\u00e9 des massifs. L\u00e0, on devrait les voir beaucoup mieux.\u200a\u00bb<br \/>Autre dimension\u200a: le son. \u00ab\u200aC\u2019est important \u00e9galement, et cette ann\u00e9e, les diff\u00e9rentes ambiances sonores seront inspir\u00e9es de l\u2019\u0153uvre de d\u2019Erik Satie, qui est mort en 1925 (NDLR\u200a: au d\u00e9but de la p\u00e9riode Art d\u00e9co) mais qui \u00e9tait un pr\u00e9curseur\u200a\u00bb, selon St\u00e9phane Harter.<\/p>\n<p class=\"insetSignature\">S. C.<\/p>\n<p>        &#13;<br \/>\n          <a href=\"https:\/\/cdn-s-www.estrepublicain.fr\/images\/0900741e-1da3-426f-81f1-896aacb6c653\/NW_raw\/cette-annee-les-scene-seront-eclairees-d-en-haut-grace-a-des-lampadaires-signes-eclatec-photo-severine-kichenbrand-1759337724.jpg\" title=\"Cette ann\u00e9e, les sc\u00e8ne seront \u00e9clair\u00e9es d\u2019en haut, gr\u00e2ce \u00e0 des lampadaires sign\u00e9s Eclatec.\u00a0 Photo Severine Kichenbrand\" class=\"chocolat-image GA-tracking\" data-ga_type=\"click\" data-ga_category=\"D\u00e9tail\" data-ga_action=\"zoomer\" data-ga_label=\"agrandir image\" target=\"_blank\" rel=\"noopener\">&#13;<br \/>\n            <img loading=\"lazy\" decoding=\"async\" src=\"https:\/\/www.europesays.com\/fr\/wp-content\/uploads\/2025\/10\/cette-annee-les-scene-seront-eclairees-d-en-haut-grace-a-des-lampadaires-signes-eclatec-photo-severi.jpeg\" alt=\"Cette ann\u00e9e, les sc\u00e8ne seront \u00e9clair\u00e9es d\u2019en haut, gr\u00e2ce \u00e0 des lampadaires sign\u00e9s Eclatec.\u00a0 Photo Severine Kichenbrand\"\/>&#13;<br \/>\n          <\/a>&#13;<br \/>\n          &#13;<\/p>\n<p class=\"insetTitle\">De la lumi\u00e8re et du son, aussi<\/p>\n<p>Au jardin \u00e9ph\u00e9m\u00e8re, on en prend plein les yeux de jour, mais pas seulement. \u00ab\u00a0Pour la premi\u00e8re fois, on aura un \u00e9clairage par le haut\u00a0\u00bb, souligne J\u00e9r\u00e9my Noble en \u00e9voquant les m\u00e2ts lumineux install\u00e9s sur le site, en collaboration avec la soci\u00e9t\u00e9 Eclatec. \u00ab\u00a0Jusqu\u2019\u00e0 pr\u00e9sent, la lumi\u00e8re venait du bas, notamment gr\u00e2ce \u00e0 des spots mais cela ne permettait pas toujours d\u2019avoir une bonne visibilit\u00e9 des massifs. L\u00e0, on devrait les voir beaucoup mieux.\u00a0\u00bb<\/p>\n<p>Autre dimension\u00a0: le son. \u00ab\u00a0C\u2019est important \u00e9galement, et cette ann\u00e9e, les diff\u00e9rentes ambiances sonores seront inspir\u00e9es de l\u2019\u0153uvre de d\u2019Erik Satie, qui est mort en 1925 (NDLR\u00a0: au d\u00e9but de la p\u00e9riode Art D\u00e9co) mais qui \u00e9tait un pr\u00e9curseur\u00a0\u00bb, selon St\u00e9phane Harter.<\/p>\n<p class=\"insetSignature\">S.\u00a0C.<\/p>\n","protected":false},"excerpt":{"rendered":"\u00ab\u00a0A la Saint-G\u00e9rard, place au vert et \u00e0 l\u2019art\u00a0!\u00a0\u00bb Tel pourrait \u00eatre le dicton du jour, ce vendredi&hellip;\n","protected":false},"author":2,"featured_media":431628,"comment_status":"","ping_status":"","sticky":false,"template":"","format":"standard","meta":{"footnotes":""},"categories":[9635],"tags":[1111,11,1687,1704,1777,674,1011,27,775,1702,1703,12,25],"class_list":{"0":"post-431627","1":"post","2":"type-post","3":"status-publish","4":"format-standard","5":"has-post-thumbnail","7":"category-nancy","8":"tag-actu","9":"tag-actualites","10":"tag-culture-loisirs","11":"tag-edition-nancy-et-agglomeration","12":"tag-eu","13":"tag-europe","14":"tag-fr","15":"tag-france","16":"tag-grand-est","17":"tag-nancy","18":"tag-nancy-ville-54b","19":"tag-news","20":"tag-republique-francaise"},"share_on_mastodon":{"url":"https:\/\/pubeurope.com\/@fr\/115300089984136994","error":""},"_links":{"self":[{"href":"https:\/\/www.europesays.com\/fr\/wp-json\/wp\/v2\/posts\/431627","targetHints":{"allow":["GET"]}}],"collection":[{"href":"https:\/\/www.europesays.com\/fr\/wp-json\/wp\/v2\/posts"}],"about":[{"href":"https:\/\/www.europesays.com\/fr\/wp-json\/wp\/v2\/types\/post"}],"author":[{"embeddable":true,"href":"https:\/\/www.europesays.com\/fr\/wp-json\/wp\/v2\/users\/2"}],"replies":[{"embeddable":true,"href":"https:\/\/www.europesays.com\/fr\/wp-json\/wp\/v2\/comments?post=431627"}],"version-history":[{"count":0,"href":"https:\/\/www.europesays.com\/fr\/wp-json\/wp\/v2\/posts\/431627\/revisions"}],"wp:featuredmedia":[{"embeddable":true,"href":"https:\/\/www.europesays.com\/fr\/wp-json\/wp\/v2\/media\/431628"}],"wp:attachment":[{"href":"https:\/\/www.europesays.com\/fr\/wp-json\/wp\/v2\/media?parent=431627"}],"wp:term":[{"taxonomy":"category","embeddable":true,"href":"https:\/\/www.europesays.com\/fr\/wp-json\/wp\/v2\/categories?post=431627"},{"taxonomy":"post_tag","embeddable":true,"href":"https:\/\/www.europesays.com\/fr\/wp-json\/wp\/v2\/tags?post=431627"}],"curies":[{"name":"wp","href":"https:\/\/api.w.org\/{rel}","templated":true}]}}